{"id":1089,"date":"2007-12-04T01:19:36","date_gmt":"2007-12-03T23:19:36","guid":{"rendered":"http:\/\/www.miguelmoreno.org\/blog\/victor-lucena\/"},"modified":"2015-06-03T14:07:56","modified_gmt":"2015-06-03T12:07:56","slug":"victor-lucena","status":"publish","type":"post","link":"https:\/\/miguelmoreno.org\/blog\/victor-lucena\/","title":{"rendered":"Espejos de la Realidad de Victor Maj\u00f3n en Lucena"},"content":{"rendered":"<p align=\"left\">&nbsp;<\/p>\n<p style=\"text-align: center\"><img loading=\"lazy\" decoding=\"async\" src=\"http:\/\/www.sercreativo.es\/imagenes\/renacimiento.JPG\" height=\"178\" width=\"496\" \/><\/p>\n<p>Victor Maj\u00f3n presenta en Lucena la exposicion Espejos de la Realidad. La exposici\u00f3n est\u00e1 en el C\u00edrculo Lucentino hasta el 1 de Enero de 2008.<br \/>\nLa inauguraci\u00f3n fue el d\u00eda 1 de Diciembre, presentada por la Concejala de Turismo D\u00f1a. M\u00aa Jos\u00e9 Lara, el Concejal de Cultura D. Manuel Lara y por el Catedr\u00e1tico de Lengua y Literatura D. Antonio Cruz Casado.<br \/>\n<!--more--><\/p>\n<p><img decoding=\"async\" src=\"http:\/\/www.sercreativo.es\/imagenes\/judit.JPG\" align=\"left\" \/>En palabras de  Antonio Cruz: &#8230;en esta exposici\u00f3n pict\u00f3rica de V\u00edctor Manj\u00f3n, Espejos de la Realidad, intuimos un peque\u00f1o aleph que resume y concentra largos a\u00f1os de civilizaci\u00f3n y de arte, los que van desde el busto de la reina egipcia Nefertiti, del museo berlin\u00e9s de P\u00e9rgamo, hasta el cine, arte de nuestra \u00e9poca, representado aqu\u00ed por una imagen procedente de la pel\u00edcula Memorias de una geisha (Rob Marshall, 2005). Estos extremos cronol\u00f3gicos, tan distantes y tan diferentes, son los l\u00edmites est\u00e9ticos que incluyen una colecci\u00f3n de sugerentes \u00f3leos en los que se aprecia el realismo m\u00e1s patente (casi hiperrealismo en alg\u00fan caso) en contraste con texturas no figurativas, im\u00e1genes y l\u00edneas<br \/>\nempleadas intencionadamente y que pueden proceder del llamado deconstructivismo, de tal manera que el espectador tiene siempre la sensaci\u00f3n de distanciamiento, de asistir a un hecho art\u00edstico singular, pero englobado en el espacio \u00fanico de un cuadro.<\/p>\n<p>En el catalogo Lara Cantizani dice: Pinte lo que pinte, toda su obra es un autorretrato interior, cada cuadro es un laberinto de cristal y sin salida, ideado<br \/>\npara perderse en el mapa de su cuerpo.<\/p>\n","protected":false},"excerpt":{"rendered":"<p>&nbsp; Victor Maj\u00f3n presenta en Lucena la exposicion Espejos de la Realidad. La exposici\u00f3n est\u00e1 en el C\u00edrculo Lucentino hasta el 1 de Enero de 2008. La inauguraci\u00f3n fue el d\u00eda 1 de Diciembre, presentada por la Concejala de Turismo D\u00f1a. M\u00aa Jos\u00e9 Lara, el Concejal de Cultura D. Manuel Lara y por el Catedr\u00e1tico &#8230; <\/p>\n<p class=\"read-more-container\"><a title=\"Espejos de la Realidad de Victor Maj\u00f3n en Lucena\" class=\"read-more button\" href=\"https:\/\/miguelmoreno.org\/blog\/victor-lucena\/#more-1089\" aria-label=\"Leer m\u00e1s sobre Espejos de la Realidad de Victor Maj\u00f3n en Lucena\">M\u00e1s informaci\u00f3n<\/a><\/p>\n","protected":false},"author":5,"featured_media":0,"comment_status":"open","ping_status":"open","sticky":false,"template":"","format":"standard","meta":{"footnotes":""},"categories":[1],"tags":[],"class_list":["post-1089","post","type-post","status-publish","format-standard","hentry","category-general","masonry-post","generate-columns","tablet-grid-50","mobile-grid-100","grid-parent","grid-33"],"yoast_head":"<!-- This site is optimized with the Yoast SEO plugin v25.9 - https:\/\/yoast.com\/wordpress\/plugins\/seo\/ -->\n<title>Espejos de la Realidad de Victor Maj\u00f3n en Lucena<\/title>\n<meta name=\"robots\" content=\"index, follow, max-snippet:-1, max-image-preview:large, max-video-preview:-1\" \/>\n<link rel=\"canonical\" href=\"https:\/\/miguelmoreno.org\/blog\/victor-lucena\/\" \/>\n<meta name=\"twitter:label1\" content=\"Escrito por\" \/>\n\t<meta name=\"twitter:data1\" content=\"Se llama copla\" \/>\n\t<meta name=\"twitter:label2\" content=\"Tiempo de lectura\" \/>\n\t<meta name=\"twitter:data2\" content=\"1 minuto\" \/>\n<script type=\"application\/ld+json\" class=\"yoast-schema-graph\">{\"@context\":\"https:\/\/schema.org\",\"@graph\":[{\"@type\":\"WebPage\",\"@id\":\"https:\/\/miguelmoreno.org\/blog\/victor-lucena\/\",\"url\":\"https:\/\/miguelmoreno.org\/blog\/victor-lucena\/\",\"name\":\"Espejos de la Realidad de Victor Maj\u00f3n en Lucena\",\"isPartOf\":{\"@id\":\"https:\/\/miguelmoreno.org\/blog\/#website\"},\"primaryImageOfPage\":{\"@id\":\"https:\/\/miguelmoreno.org\/blog\/victor-lucena\/#primaryimage\"},\"image\":{\"@id\":\"https:\/\/miguelmoreno.org\/blog\/victor-lucena\/#primaryimage\"},\"thumbnailUrl\":\"http:\/\/www.sercreativo.es\/imagenes\/renacimiento.JPG\",\"datePublished\":\"2007-12-03T23:19:36+00:00\",\"dateModified\":\"2015-06-03T12:07:56+00:00\",\"author\":{\"@id\":\"https:\/\/miguelmoreno.org\/blog\/#\/schema\/person\/cde8639f19077551d0d59650a04b23d5\"},\"breadcrumb\":{\"@id\":\"https:\/\/miguelmoreno.org\/blog\/victor-lucena\/#breadcrumb\"},\"inLanguage\":\"es\",\"potentialAction\":[{\"@type\":\"ReadAction\",\"target\":[\"https:\/\/miguelmoreno.org\/blog\/victor-lucena\/\"]}]},{\"@type\":\"ImageObject\",\"inLanguage\":\"es\",\"@id\":\"https:\/\/miguelmoreno.org\/blog\/victor-lucena\/#primaryimage\",\"url\":\"http:\/\/www.sercreativo.es\/imagenes\/renacimiento.JPG\",\"contentUrl\":\"http:\/\/www.sercreativo.es\/imagenes\/renacimiento.JPG\"},{\"@type\":\"BreadcrumbList\",\"@id\":\"https:\/\/miguelmoreno.org\/blog\/victor-lucena\/#breadcrumb\",\"itemListElement\":[{\"@type\":\"ListItem\",\"position\":1,\"name\":\"Portada\",\"item\":\"https:\/\/miguelmoreno.org\/blog\/\"},{\"@type\":\"ListItem\",\"position\":2,\"name\":\"Espejos de la Realidad de Victor Maj\u00f3n en Lucena\"}]},{\"@type\":\"WebSite\",\"@id\":\"https:\/\/miguelmoreno.org\/blog\/#website\",\"url\":\"https:\/\/miguelmoreno.org\/blog\/\",\"name\":\"El Blog del Sur\",\"description\":\"Cultura, conciertos, ferias, coplas...\",\"potentialAction\":[{\"@type\":\"SearchAction\",\"target\":{\"@type\":\"EntryPoint\",\"urlTemplate\":\"https:\/\/miguelmoreno.org\/blog\/?s={search_term_string}\"},\"query-input\":{\"@type\":\"PropertyValueSpecification\",\"valueRequired\":true,\"valueName\":\"search_term_string\"}}],\"inLanguage\":\"es\"},{\"@type\":\"Person\",\"@id\":\"https:\/\/miguelmoreno.org\/blog\/#\/schema\/person\/cde8639f19077551d0d59650a04b23d5\",\"name\":\"Se llama copla\",\"sameAs\":[\"https:\/\/miguelmoreno.org\/blog\",\"https:\/\/x.com\/coplasandalucia\"]}]}<\/script>\n<!-- \/ Yoast SEO plugin. -->","yoast_head_json":{"title":"Espejos de la Realidad de Victor Maj\u00f3n en Lucena","robots":{"index":"index","follow":"follow","max-snippet":"max-snippet:-1","max-image-preview":"max-image-preview:large","max-video-preview":"max-video-preview:-1"},"canonical":"https:\/\/miguelmoreno.org\/blog\/victor-lucena\/","twitter_misc":{"Escrito por":"Se llama copla","Tiempo de lectura":"1 minuto"},"schema":{"@context":"https:\/\/schema.org","@graph":[{"@type":"WebPage","@id":"https:\/\/miguelmoreno.org\/blog\/victor-lucena\/","url":"https:\/\/miguelmoreno.org\/blog\/victor-lucena\/","name":"Espejos de la Realidad de Victor Maj\u00f3n en Lucena","isPartOf":{"@id":"https:\/\/miguelmoreno.org\/blog\/#website"},"primaryImageOfPage":{"@id":"https:\/\/miguelmoreno.org\/blog\/victor-lucena\/#primaryimage"},"image":{"@id":"https:\/\/miguelmoreno.org\/blog\/victor-lucena\/#primaryimage"},"thumbnailUrl":"http:\/\/www.sercreativo.es\/imagenes\/renacimiento.JPG","datePublished":"2007-12-03T23:19:36+00:00","dateModified":"2015-06-03T12:07:56+00:00","author":{"@id":"https:\/\/miguelmoreno.org\/blog\/#\/schema\/person\/cde8639f19077551d0d59650a04b23d5"},"breadcrumb":{"@id":"https:\/\/miguelmoreno.org\/blog\/victor-lucena\/#breadcrumb"},"inLanguage":"es","potentialAction":[{"@type":"ReadAction","target":["https:\/\/miguelmoreno.org\/blog\/victor-lucena\/"]}]},{"@type":"ImageObject","inLanguage":"es","@id":"https:\/\/miguelmoreno.org\/blog\/victor-lucena\/#primaryimage","url":"http:\/\/www.sercreativo.es\/imagenes\/renacimiento.JPG","contentUrl":"http:\/\/www.sercreativo.es\/imagenes\/renacimiento.JPG"},{"@type":"BreadcrumbList","@id":"https:\/\/miguelmoreno.org\/blog\/victor-lucena\/#breadcrumb","itemListElement":[{"@type":"ListItem","position":1,"name":"Portada","item":"https:\/\/miguelmoreno.org\/blog\/"},{"@type":"ListItem","position":2,"name":"Espejos de la Realidad de Victor Maj\u00f3n en Lucena"}]},{"@type":"WebSite","@id":"https:\/\/miguelmoreno.org\/blog\/#website","url":"https:\/\/miguelmoreno.org\/blog\/","name":"El Blog del Sur","description":"Cultura, conciertos, ferias, coplas...","potentialAction":[{"@type":"SearchAction","target":{"@type":"EntryPoint","urlTemplate":"https:\/\/miguelmoreno.org\/blog\/?s={search_term_string}"},"query-input":{"@type":"PropertyValueSpecification","valueRequired":true,"valueName":"search_term_string"}}],"inLanguage":"es"},{"@type":"Person","@id":"https:\/\/miguelmoreno.org\/blog\/#\/schema\/person\/cde8639f19077551d0d59650a04b23d5","name":"Se llama copla","sameAs":["https:\/\/miguelmoreno.org\/blog","https:\/\/x.com\/coplasandalucia"]}]}},"_links":{"self":[{"href":"https:\/\/miguelmoreno.org\/blog\/wp-json\/wp\/v2\/posts\/1089","targetHints":{"allow":["GET"]}}],"collection":[{"href":"https:\/\/miguelmoreno.org\/blog\/wp-json\/wp\/v2\/posts"}],"about":[{"href":"https:\/\/miguelmoreno.org\/blog\/wp-json\/wp\/v2\/types\/post"}],"author":[{"embeddable":true,"href":"https:\/\/miguelmoreno.org\/blog\/wp-json\/wp\/v2\/users\/5"}],"replies":[{"embeddable":true,"href":"https:\/\/miguelmoreno.org\/blog\/wp-json\/wp\/v2\/comments?post=1089"}],"version-history":[{"count":0,"href":"https:\/\/miguelmoreno.org\/blog\/wp-json\/wp\/v2\/posts\/1089\/revisions"}],"wp:attachment":[{"href":"https:\/\/miguelmoreno.org\/blog\/wp-json\/wp\/v2\/media?parent=1089"}],"wp:term":[{"taxonomy":"category","embeddable":true,"href":"https:\/\/miguelmoreno.org\/blog\/wp-json\/wp\/v2\/categories?post=1089"},{"taxonomy":"post_tag","embeddable":true,"href":"https:\/\/miguelmoreno.org\/blog\/wp-json\/wp\/v2\/tags?post=1089"}],"curies":[{"name":"wp","href":"https:\/\/api.w.org\/{rel}","templated":true}]}}