{"id":11648,"date":"2016-05-02T18:02:25","date_gmt":"2016-05-02T16:02:25","guid":{"rendered":"http:\/\/www.miguelmoreno.org\/blog\/?p=11648"},"modified":"2016-05-02T18:26:34","modified_gmt":"2016-05-02T16:26:34","slug":"cruces-de-mayo-de-granada","status":"publish","type":"post","link":"https:\/\/miguelmoreno.org\/blog\/cruces-de-mayo-de-granada\/","title":{"rendered":"Cruces de Mayo de Granada 2016"},"content":{"rendered":"<p>Granada se prepara un a\u00f1o m\u00e1s para celebrar la festividad tradicional del D\u00eda de la Cruz. <a href=\"http:\/\/arrabal.eu\/lista-de-cruces-de-mayo-de-granada\/\">88 cruces <\/a>adornadas lucir\u00e1n por toda la ciudad desde el medio d\u00eda del lunes 2 de mayo hasta las 2:00 hs de la madrugada del d\u00eda 4, en una fiesta se\u00f1era y genuina con la que Granada estrena la primavera, que este a\u00f1o estar\u00e1 dedicada a la artesan\u00eda.<!--more--><\/p>\n<figure id=\"attachment_11649\" aria-describedby=\"caption-attachment-11649\" style=\"width: 351px\" class=\"wp-caption alignleft\"><img loading=\"lazy\" decoding=\"async\" class=\"size-full wp-image-11649\" src=\"https:\/\/www.miguelmoreno.org\/blog\/wp-content\/uploads\/2016\/05\/cruces_mayo_granada_2016.jpg\" alt=\"Cartel del D\u00eda de la Cruz 2016 basado en la artesan\u00eda tradicional granadina.\" width=\"361\" height=\"500\" srcset=\"https:\/\/miguelmoreno.org\/blog\/wp-content\/uploads\/2016\/05\/cruces_mayo_granada_2016.jpg 361w, https:\/\/miguelmoreno.org\/blog\/wp-content\/uploads\/2016\/05\/cruces_mayo_granada_2016-217x300.jpg 217w\" sizes=\"auto, (max-width: 361px) 100vw, 361px\" \/><figcaption id=\"caption-attachment-11649\" class=\"wp-caption-text\"><span style=\"color: #ff9900;\">Cartel del D\u00eda de la Cruz 2016 basado en la artesan\u00eda tradicional granadina.<\/span><\/figcaption><\/figure>\n<p>En esta edici\u00f3n del concurso de cruces de mayo, la cifra de cruces adornadas supone un nuevo r\u00e9cord de participaci\u00f3n.<\/p>\n<p>La <a href=\"http:\/\/arrabal.eu\/lista-de-cruces-de-mayo-de-granada\/\">lista de Cruces de Mayo de Granada<\/a> est\u00e1 formada por la cruz que el Ayuntamiento instala en la plaza del Carmen, 23 cruces lucir\u00e1n en calles y plazas, 15 en escaparates de comercios, 18 en centros escolares, y 32 en la modalidad de Patios.<\/p>\n<p>La fiesta arrancar\u00e1 a las doce del medio d\u00eda del lunes 2 de mayo en las plazas de Pasiegas y del Carmen, con actuaciones de coros, grupos de bailes y escuelas de flamenco, y continuar\u00e1n por la tarde a partir de las seis, hasta las 21 horas. La lectura del preg\u00f3n del D\u00eda de la Cruz ser\u00e1 el d\u00eda 3 de mayo a las doce de la ma\u00f1ana en el patio del Ayuntamiento, y este a\u00f1o correr\u00e1 a cargo del core\u00f3grafo y bailaor granadino Adri\u00e1n S\u00e1nchez. Seguidamente ser\u00e1 la entrega de premios a los ganadores de las distintas modalidades presentadas al concurso.<\/p>\n<p><strong><span style=\"color: #ff6600;\">Programa de Actividades de las Cruces de Mayo en Granada<\/span><\/strong><br \/>\n<span style=\"color: #008000;\">Di\u0301a 2 de mayo Plaza del Carmen<\/span><br \/>\n12:00h, Escuela \u201cAzabache\u201d de Cu\u0301llar Vega.<br \/>\n13:00h, Escuela de Flamenco \u201cMariquilla\u201d, Tatiana Garrido.<br \/>\n14:00h, Actuacio\u0301n del grupo de bailes de la Asociacio\u0301n de Vecinos Cervantes. 18:00h, Actuacio\u0301n del Coro \u201cLas Nin\u0303as\u201d y Grupo Flamenco \u201cMenta y Laurel\u201d del Centro de Participacio\u0301n Activa de Mayores de la Junta de Andaluci\u0301a.<br \/>\n19:00h, Actuacio\u0301n del Grupo de bailes de la Asociacio\u0301n de Vecinos \u201cLos Pajaritos\u201d. 20:00h, Actuacio\u0301n del Grupo de bailes \u201cSof\u00eda\u201d de la Asociacio\u0301n de Vecinos \u201cZaidi\u0301n Vergeles\u201d.<br \/>\n21:00h, Actuacio\u0301n del Coro Cantores del Zaidi\u0301n.<br \/>\n<span style=\"color: #008000;\">Plaza de las Pasiegas<\/span><br \/>\n12:00h, Actuacio\u0301n del grupo de bailes \u201cJaleo\u201d de la Asociacio\u0301n de Vecinos Caseri\u0301a de Montijo. 13:00h, Grupo de Baile \u201cMayores de Adeli\u201d. Asociacio\u0301n de Vecinos Zaidi\u0301n.<br \/>\n14:00h, Grupo de bailes \u201cNin\u0303as de Vanesa Flores\u201d.<br \/>\n19:00h, Actuacio\u0301n de Artistas en colaboracio\u0301n RADIOLE\u0301 (Malandar, Paco Candela, Onuba, Melhaza, Ecos del Roci\u0301o, Amigos de Gines, Mari\u0301a de la Colina, Requiebros, Las Carlotas, Soles, Alez Ort\u00edz.<br \/>\n22:00h, Grupo de Bailes Asociacio\u0301n de Vecinos Lancha del Genil \u201cRolda\u0301n\u201d.<br \/>\n23:00h, Grupo de bailes \u201cLas Nin\u0303as\u201d del Parque Nueva Granada.<br \/>\n<span style=\"color: #008000;\">Di\u0301a 3 de mayo Patio del Ayuntamiento<\/span><br \/>\n12:00h, Prego\u0301n a cargo de Adria\u0301n Sa\u0301nchez. Coreo\u0301grafo y bailaor granadino, Premio \u201cImagen Art\u00edstica de Granada\u201d 2008.<br \/>\n13:00h, Entrega de premios. Actuacio\u0301n de Adria\u0301n Sa\u0301nchez.<br \/>\n<span style=\"color: #008000;\">Plaza del Carmen<\/span><br \/>\n17:00h, Actuacio\u0301n del Grupo Municipal de Bailes Regionales.<br \/>\n19:00h, Actuacio\u0301n del grupo de castan\u0303uelas \u201cAlhambra Zaidi\u0301n\u201d.<br \/>\n20:00h, Actuacio\u0301n del grupo de bailes \u201cMarichu\u201d de la Asociacio\u0301n de Vecinos Realejo.<br \/>\n21:00h, Actuacio\u0301n del grupo de bailes \u201cJaleo\u201d de la Asociacio\u0301n de Vecinos Caseri\u0301a de Montijo.<br \/>\n22:00h, Actuacio\u0301n del grupo de bailes \u201cMari\u0301a Angustias Solera\u201d de la Asociacio\u0301n de Vecinos Zaidi\u0301n.<br \/>\n<span style=\"color: #008000;\">Plaza de las Pasiegas<\/span><br \/>\n12:00h, Actuacio\u0301n del grupo de bailes \u201cMari\u0301a Luisa Romero\u201d de la<br \/>\nAsociacio\u0301n de Vecinos Realejo- San Mat\u00edas.<br \/>\n13:00h, Actuacio\u0301n del grupo de bailes regionales \u201cMayores\u201d de Mari\u0301a Angustias Solera<br \/>\n14:00h, Actuacio\u0301n de grupo de bailes \u201cFanitas\u201d de la Asociacio\u0301n de Vecinos Campoverde.<br \/>\n19:00h, Actuacio\u0301n de la Banda Municipal de Mu\u0301sica de Granada. Concierto Di\u0301a de la Cruz 2016.<br \/>\n21:00h, Coro de Copla \u201cArrayanes\u201d.<\/p>\n","protected":false},"excerpt":{"rendered":"<p>Granada se prepara un a\u00f1o m\u00e1s para celebrar la festividad tradicional del D\u00eda de la Cruz. 88 cruces adornadas lucir\u00e1n por toda la ciudad desde el medio d\u00eda del lunes 2 de mayo hasta las 2:00 hs de la madrugada del d\u00eda 4, en una fiesta se\u00f1era y genuina con la que Granada estrena la &#8230; <\/p>\n<p class=\"read-more-container\"><a title=\"Cruces de Mayo de Granada 2016\" class=\"read-more button\" href=\"https:\/\/miguelmoreno.org\/blog\/cruces-de-mayo-de-granada\/#more-11648\" aria-label=\"Leer m\u00e1s sobre Cruces de Mayo de Granada 2016\">M\u00e1s informaci\u00f3n<\/a><\/p>\n","protected":false},"author":6,"featured_media":0,"comment_status":"open","ping_status":"open","sticky":false,"template":"","format":"standard","meta":{"footnotes":""},"categories":[1521],"tags":[],"class_list":["post-11648","post","type-post","status-publish","format-standard","hentry","category-cruces-mayo","masonry-post","generate-columns","tablet-grid-50","mobile-grid-100","grid-parent","grid-33"],"yoast_head":"<!-- This site is optimized with the Yoast SEO plugin v25.9 - https:\/\/yoast.com\/wordpress\/plugins\/seo\/ -->\n<title>Cruces de Mayo de Granada 2016<\/title>\n<meta name=\"robots\" content=\"index, follow, max-snippet:-1, max-image-preview:large, max-video-preview:-1\" \/>\n<link rel=\"canonical\" href=\"https:\/\/miguelmoreno.org\/blog\/cruces-de-mayo-de-granada\/\" \/>\n<meta name=\"twitter:label1\" content=\"Escrito por\" \/>\n\t<meta name=\"twitter:data1\" content=\"Noticias Andaluc\u00eda\" \/>\n\t<meta name=\"twitter:label2\" content=\"Tiempo de lectura\" \/>\n\t<meta name=\"twitter:data2\" content=\"3 minutos\" \/>\n<script type=\"application\/ld+json\" class=\"yoast-schema-graph\">{\"@context\":\"https:\/\/schema.org\",\"@graph\":[{\"@type\":\"WebPage\",\"@id\":\"https:\/\/miguelmoreno.org\/blog\/cruces-de-mayo-de-granada\/\",\"url\":\"https:\/\/miguelmoreno.org\/blog\/cruces-de-mayo-de-granada\/\",\"name\":\"Cruces de Mayo de Granada 2016\",\"isPartOf\":{\"@id\":\"https:\/\/miguelmoreno.org\/blog\/#website\"},\"primaryImageOfPage\":{\"@id\":\"https:\/\/miguelmoreno.org\/blog\/cruces-de-mayo-de-granada\/#primaryimage\"},\"image\":{\"@id\":\"https:\/\/miguelmoreno.org\/blog\/cruces-de-mayo-de-granada\/#primaryimage\"},\"thumbnailUrl\":\"https:\/\/www.miguelmoreno.org\/blog\/wp-content\/uploads\/2016\/05\/cruces_mayo_granada_2016.jpg\",\"datePublished\":\"2016-05-02T16:02:25+00:00\",\"dateModified\":\"2016-05-02T16:26:34+00:00\",\"author\":{\"@id\":\"https:\/\/miguelmoreno.org\/blog\/#\/schema\/person\/7d4509e7607c4bae459438ef97078c02\"},\"breadcrumb\":{\"@id\":\"https:\/\/miguelmoreno.org\/blog\/cruces-de-mayo-de-granada\/#breadcrumb\"},\"inLanguage\":\"es\",\"potentialAction\":[{\"@type\":\"ReadAction\",\"target\":[\"https:\/\/miguelmoreno.org\/blog\/cruces-de-mayo-de-granada\/\"]}]},{\"@type\":\"ImageObject\",\"inLanguage\":\"es\",\"@id\":\"https:\/\/miguelmoreno.org\/blog\/cruces-de-mayo-de-granada\/#primaryimage\",\"url\":\"https:\/\/www.miguelmoreno.org\/blog\/wp-content\/uploads\/2016\/05\/cruces_mayo_granada_2016.jpg\",\"contentUrl\":\"https:\/\/www.miguelmoreno.org\/blog\/wp-content\/uploads\/2016\/05\/cruces_mayo_granada_2016.jpg\"},{\"@type\":\"BreadcrumbList\",\"@id\":\"https:\/\/miguelmoreno.org\/blog\/cruces-de-mayo-de-granada\/#breadcrumb\",\"itemListElement\":[{\"@type\":\"ListItem\",\"position\":1,\"name\":\"Portada\",\"item\":\"https:\/\/miguelmoreno.org\/blog\/\"},{\"@type\":\"ListItem\",\"position\":2,\"name\":\"Cruces de Mayo de Granada 2016\"}]},{\"@type\":\"WebSite\",\"@id\":\"https:\/\/miguelmoreno.org\/blog\/#website\",\"url\":\"https:\/\/miguelmoreno.org\/blog\/\",\"name\":\"El Blog del Sur\",\"description\":\"Cultura, conciertos, ferias, coplas...\",\"potentialAction\":[{\"@type\":\"SearchAction\",\"target\":{\"@type\":\"EntryPoint\",\"urlTemplate\":\"https:\/\/miguelmoreno.org\/blog\/?s={search_term_string}\"},\"query-input\":{\"@type\":\"PropertyValueSpecification\",\"valueRequired\":true,\"valueName\":\"search_term_string\"}}],\"inLanguage\":\"es\"},{\"@type\":\"Person\",\"@id\":\"https:\/\/miguelmoreno.org\/blog\/#\/schema\/person\/7d4509e7607c4bae459438ef97078c02\",\"name\":\"Noticias Andaluc\u00eda\",\"sameAs\":[\"https:\/\/www.miguelmoreno.org\/blog\"]}]}<\/script>\n<!-- \/ Yoast SEO plugin. -->","yoast_head_json":{"title":"Cruces de Mayo de Granada 2016","robots":{"index":"index","follow":"follow","max-snippet":"max-snippet:-1","max-image-preview":"max-image-preview:large","max-video-preview":"max-video-preview:-1"},"canonical":"https:\/\/miguelmoreno.org\/blog\/cruces-de-mayo-de-granada\/","twitter_misc":{"Escrito por":"Noticias Andaluc\u00eda","Tiempo de lectura":"3 minutos"},"schema":{"@context":"https:\/\/schema.org","@graph":[{"@type":"WebPage","@id":"https:\/\/miguelmoreno.org\/blog\/cruces-de-mayo-de-granada\/","url":"https:\/\/miguelmoreno.org\/blog\/cruces-de-mayo-de-granada\/","name":"Cruces de Mayo de Granada 2016","isPartOf":{"@id":"https:\/\/miguelmoreno.org\/blog\/#website"},"primaryImageOfPage":{"@id":"https:\/\/miguelmoreno.org\/blog\/cruces-de-mayo-de-granada\/#primaryimage"},"image":{"@id":"https:\/\/miguelmoreno.org\/blog\/cruces-de-mayo-de-granada\/#primaryimage"},"thumbnailUrl":"https:\/\/www.miguelmoreno.org\/blog\/wp-content\/uploads\/2016\/05\/cruces_mayo_granada_2016.jpg","datePublished":"2016-05-02T16:02:25+00:00","dateModified":"2016-05-02T16:26:34+00:00","author":{"@id":"https:\/\/miguelmoreno.org\/blog\/#\/schema\/person\/7d4509e7607c4bae459438ef97078c02"},"breadcrumb":{"@id":"https:\/\/miguelmoreno.org\/blog\/cruces-de-mayo-de-granada\/#breadcrumb"},"inLanguage":"es","potentialAction":[{"@type":"ReadAction","target":["https:\/\/miguelmoreno.org\/blog\/cruces-de-mayo-de-granada\/"]}]},{"@type":"ImageObject","inLanguage":"es","@id":"https:\/\/miguelmoreno.org\/blog\/cruces-de-mayo-de-granada\/#primaryimage","url":"https:\/\/www.miguelmoreno.org\/blog\/wp-content\/uploads\/2016\/05\/cruces_mayo_granada_2016.jpg","contentUrl":"https:\/\/www.miguelmoreno.org\/blog\/wp-content\/uploads\/2016\/05\/cruces_mayo_granada_2016.jpg"},{"@type":"BreadcrumbList","@id":"https:\/\/miguelmoreno.org\/blog\/cruces-de-mayo-de-granada\/#breadcrumb","itemListElement":[{"@type":"ListItem","position":1,"name":"Portada","item":"https:\/\/miguelmoreno.org\/blog\/"},{"@type":"ListItem","position":2,"name":"Cruces de Mayo de Granada 2016"}]},{"@type":"WebSite","@id":"https:\/\/miguelmoreno.org\/blog\/#website","url":"https:\/\/miguelmoreno.org\/blog\/","name":"El Blog del Sur","description":"Cultura, conciertos, ferias, coplas...","potentialAction":[{"@type":"SearchAction","target":{"@type":"EntryPoint","urlTemplate":"https:\/\/miguelmoreno.org\/blog\/?s={search_term_string}"},"query-input":{"@type":"PropertyValueSpecification","valueRequired":true,"valueName":"search_term_string"}}],"inLanguage":"es"},{"@type":"Person","@id":"https:\/\/miguelmoreno.org\/blog\/#\/schema\/person\/7d4509e7607c4bae459438ef97078c02","name":"Noticias Andaluc\u00eda","sameAs":["https:\/\/www.miguelmoreno.org\/blog"]}]}},"_links":{"self":[{"href":"https:\/\/miguelmoreno.org\/blog\/wp-json\/wp\/v2\/posts\/11648","targetHints":{"allow":["GET"]}}],"collection":[{"href":"https:\/\/miguelmoreno.org\/blog\/wp-json\/wp\/v2\/posts"}],"about":[{"href":"https:\/\/miguelmoreno.org\/blog\/wp-json\/wp\/v2\/types\/post"}],"author":[{"embeddable":true,"href":"https:\/\/miguelmoreno.org\/blog\/wp-json\/wp\/v2\/users\/6"}],"replies":[{"embeddable":true,"href":"https:\/\/miguelmoreno.org\/blog\/wp-json\/wp\/v2\/comments?post=11648"}],"version-history":[{"count":0,"href":"https:\/\/miguelmoreno.org\/blog\/wp-json\/wp\/v2\/posts\/11648\/revisions"}],"wp:attachment":[{"href":"https:\/\/miguelmoreno.org\/blog\/wp-json\/wp\/v2\/media?parent=11648"}],"wp:term":[{"taxonomy":"category","embeddable":true,"href":"https:\/\/miguelmoreno.org\/blog\/wp-json\/wp\/v2\/categories?post=11648"},{"taxonomy":"post_tag","embeddable":true,"href":"https:\/\/miguelmoreno.org\/blog\/wp-json\/wp\/v2\/tags?post=11648"}],"curies":[{"name":"wp","href":"https:\/\/api.w.org\/{rel}","templated":true}]}}