{"id":1311,"date":"2008-04-21T22:27:15","date_gmt":"2008-04-21T20:27:15","guid":{"rendered":"http:\/\/www.miguelmoreno.org\/blog\/noche-blanco-malaga\/"},"modified":"2009-05-08T09:43:15","modified_gmt":"2009-05-08T07:43:15","slug":"noche-blanco-malaga","status":"publish","type":"post","link":"https:\/\/miguelmoreno.org\/blog\/noche-blanco-malaga\/","title":{"rendered":"La Noche en Blanco de M\u00e1laga"},"content":{"rendered":"<p>Actualizado: Ya tenemos toda la informaci\u00f3n sobre <a href=\"https:\/\/www.miguelmoreno.org\/blog\/noche-blanco-malaga-200\/\" target=\"_blank\">La noche en blanco de M\u00e1laga 2009<\/a><\/p>\n<p>M\u00e1laga se suma a la iniciativa de ciudades europeas, como Paris, Riga, Roma, Madrid y Bruselas, para organizar un gran encuentro nocturno del arte y la creaci\u00f3nEspect\u00e1culos en la calle, inauguraci\u00f3n de exposiciones, teatro o museos abiertos concentrados en una sola noche.<\/p>\n<p><!--more-->El pr\u00f3ximo 10 de mayo M\u00e1laga acoger\u00e1 una nueva experiencia cultural: La Noche en Blanco de M\u00e1laga. Se presenta como un gran encuentro nocturno del arte y la cultura participativa. Es una iniciativa del \u00c1rea de Cultura del Ayuntamiento abierta a la ciudadan\u00eda de  M\u00e1laga, que ha sido dada a conocer esta ma\u00f1ana por el alcalde de M\u00e1laga, Francisco de la Torre, en una rueda de prensa en la que han estado presentes el delegado municipal de Cultura, Miguel Briones, y la concejala de Juventud, Patricia Navarro.<\/p>\n<p>Ser\u00e1n decenas de espect\u00e1culos y actividades en m\u00faltiples espacios, tanto de interior como al aire libre, donde, como se se\u00f1ala en el lema, la cultura fluye. Todas las actividades tendr\u00e1n car\u00e1cter gratuito y se concentrar\u00e1n en una sola noche: la del 10 de mayo. Se trata de que los ciudadanos vivan y participen del esp\u00edritu de una ciudad que aspira a convertirse en Capital Europea de la Cultura en 2016. De esta manera, M\u00e1laga se suma a la iniciativa emprendida hace unos a\u00f1os por otras ciudades europeas, como Paris, Riga, Roma, Madrid y Bruselas, de apostar por el arte p\u00fablico. Todo ello siguiendo las premisas del Plan Estrat\u00e9gico de M\u00e1laga como ciudad moderna, mediterr\u00e1nea, emprendedora y cosmopolita.<\/p>\n<p>La Noche en Blanco de M\u00e1laga nace con vocaci\u00f3n de futuro de manera que se incluya en la programaci\u00f3n anual de actividades culturales de M\u00e1laga, como una cita obligada y esperada por los ciudadanos. Para ello espera contar con el patrocinio o colaboraci\u00f3n de los estamentos sociales y econ\u00f3micos de la ciudad, tal como sucede en las ciudades europeas que promueven esta oferta cultural.<\/p>\n<p>La Noche en Blanco de M\u00e1laga<br \/>\nLa Noche en Blanco de M\u00e1laga se celebrar\u00e1 la noche del 10 de mayo. Cuenta ya con cerca de una treintena de actividades programadas en cerca de 20 escenarios distintos, tanto en interior como al aire libre.  Se inaugurar\u00e1n varias exposiciones, una de ellas de una figura del arte de talla internacional como  Javier Mariscal, quien estar\u00e1 en La noche en Blanco presentando una videocreaci\u00f3n.  Al mismo tiempo, podr\u00e1 verse la representaci\u00f3n de la obra de Shakespeare \u00abEl rey Lear\u00bb en el Teatro Cervantes u o\u00edrse un concierto en Gibralfaro. Habr\u00e1, performances en varios escenarios en la calle y visitas guiadas hasta las 2 de la madrugada a las exposiciones y museos municipales, adem\u00e1s de a La Alcazaba. El Museo del Patrimonio Municipal, Fundaci\u00f3n Picasso, CAC M\u00e1laga o MIMMA ya se han adherido a esta propuesta.<\/p>\n<p>NOCHE EN BLANCO<br \/>\n10 de mayo<\/p>\n<p>Actividades<\/p>\n<p>Exposiciones:<br \/>\n\u2022\tInauguraci\u00f3n exposici\u00f3n de dise\u00f1o Javier Mariscal. MUPAM.<br \/>\n\u2022\tInauguraci\u00f3n  exposici\u00f3n M\u00e1laga Crea.  Artes Visuales y  V\u00eddeocreaci\u00f3n. CAC M\u00e1laga.<br \/>\n\u2022\tInauguraci\u00f3n exposici\u00f3n Iconos. Archivo Municipal.<br \/>\n\u2022\tExposici\u00f3n Jorge Rando. MUPAM.<br \/>\n\u2022\tExposici\u00f3n M\u00e1laga Crea C\u00f3mic. Sala Moreno Villa.<br \/>\n\u2022\tExposici\u00f3n Pasarela M\u00e1laga Crea. Centro de ocio Plaza Mayor.<br \/>\nTeatro:<br \/>\n\u2022\tEl rey Lear. Teatro Cervantes.<br \/>\nMuseos:<br \/>\n\u2022\tFundaci\u00f3n Picasso-Casa Natal: Visitas guiadas hasta las 2:00 a.m.<br \/>\n\u2022\tCentro de Arte Contempor\u00e1neo de M\u00e1laga: Visitas guiadas hasta las 2:00 a.m.<br \/>\n\u2022\tMimma: Visitas guiadas.<br \/>\n\u2022\tAlcazaba. Visitas guiadas<\/p>\n<p>Conciertos:<br \/>\n\u2022\tConcierto Jos\u00e9 Luis Nieto. Encuentro posterior. Gibralfaro.<br \/>\n\u2022\tJudith Mateo. Plaza de la Constituci\u00f3n.<br \/>\n\u2022\tConcierto cuarteto Avalonia. Patio de los Naranjos.<br \/>\n\u2022\tConcierto. Semifinal Muestra Andaluza de M\u00fasica Joven<br \/>\nM\u00e1laga Crea. Recinto Eduardo Oc\u00f3n.<br \/>\n\u2022\tConcierto cantautor. Teter\u00eda Zouk.<br \/>\n\u2022\tConcierto Sing Star\/Guitar Hero. Museo interactivo de la M\u00fasica.<br \/>\n\u2022\tConcierto \u00abThe Soaks\u00bb. Pub Sunamy. Puerto de la Torre.<br \/>\nVideocreaci\u00f3n:<br \/>\n\u2022\tProyecci\u00f3n v\u00eddeocreaci\u00f3n de Javier Mariscal. MUPAM<br \/>\n\u2022\tProyecci\u00f3n v\u00eddeocreaci\u00f3n M\u00e1lagaCrea. CAC M\u00e1laga.<\/p>\n<p>Performance:<br \/>\n\u2022\tPerformance. Plaza de la Merced.<br \/>\n\u2022\tPerformance. CACM\u00e1laga<\/p>\n<p>Informaci\u00f3n:<br \/>\n\u2022\tPunto de informaci\u00f3n sobre la Noche en Blanco y M\u00e1laga<br \/>\n2016. Calle Larios.<\/p>\n<p>Espacios<\/p>\n<p>Espacios interiores:<\/p>\n<p>Museo del Patrimonio Municipal:<br \/>\n\u2022\tVisitas guiadas hasta las 2:00 a.m.<br \/>\n\u2022\tExposici\u00f3n Jorge Rando<br \/>\n\u2022\tInauguraci\u00f3n exposici\u00f3n de dise\u00f1o Javier Mariscal,<br \/>\n\u2022\tvideocreaci\u00f3n de Javier Mariscal<\/p>\n<p>Teatro Cervantes:<br \/>\n\u2022\tEl rey Lear<\/p>\n<p>Fundaci\u00f3n Picasso:<br \/>\n\u2022\tVisitas guiadas hasta las 2:00 a.m.<\/p>\n<p>Archivo Municipal<br \/>\n\u2022\tIconos.<\/p>\n<p>Centro de Arte Contempor\u00e1neo de M\u00e1laga:<br \/>\n\u2022\tInauguraci\u00f3n  M\u00e1laga Crea.<br \/>\n\u2022\tProyecci\u00f3n v\u00eddeocreaci\u00f3n.<br \/>\n\u2022\tVisitas guiadas hasta las 2:00 a.m.<\/p>\n<p>Sala Moreno Villa:<br \/>\n\u2022\tMuestra de C\u00f3mic M\u00e1laga crea.<\/p>\n<p>Museo Mimma:<br \/>\n\u2022\tVisitas guiadas<br \/>\n\u2022\tProyecci\u00f3n de cortometrajes.<br \/>\n\u2022\tConcierto Sing Star\/Guitar Hero.<\/p>\n<p>Teter\u00eda Zouk:<br \/>\n\u2022\tConcierto cantautor<\/p>\n<p>Pub Sunamy:<br \/>\n\u2022\tConcierto de \u00abThe Soaks\u00bb<br \/>\nEspacios abiertos:<\/p>\n<p>Patio de los Naranjos:<br \/>\n\u2022\tConcierto cuarteto Avalonia.<\/p>\n<p>Plaza de la Constituci\u00f3n:<br \/>\n\u2022\tPerformance.<\/p>\n<p>Plaza de la Merced:<br \/>\n\u2022\tPerformance.<\/p>\n<p>Gibralfaro:<br \/>\n\u2022\tConcierto Jos\u00e9 Luis Nieto.<\/p>\n<p>Calle Larios:<br \/>\n\u2022\tPunto de informaci\u00f3n sobre la Noche en Blanco y<br \/>\nM\u00e1laga 2016.<\/p>\n<p>Recinto Eduardo Oc\u00f3n:<br \/>\n\u2022\tConcierto. Semifinal Muestra Andaluza de M\u00fasica Joven<br \/>\nM\u00e1laga Crea.<\/p>\n<p>Plaza Mayor:<br \/>\n\u2022\tExposici\u00f3n Pasarela M\u00e1lagaCrea.<\/p>\n<p>(Fuente <a href=\"http:\/\/malaga.eu\">Ayto de M\u00e1laga<\/a>)<\/p>\n","protected":false},"excerpt":{"rendered":"<p>Actualizado: Ya tenemos toda la informaci\u00f3n sobre La noche en blanco de M\u00e1laga 2009 M\u00e1laga se suma a la iniciativa de ciudades europeas, como Paris, Riga, Roma, Madrid y Bruselas, para organizar un gran encuentro nocturno del arte y la creaci\u00f3nEspect\u00e1culos en la calle, inauguraci\u00f3n de exposiciones, teatro o museos abiertos concentrados en una sola &#8230; <\/p>\n<p class=\"read-more-container\"><a title=\"La Noche en Blanco de M\u00e1laga\" class=\"read-more button\" href=\"https:\/\/miguelmoreno.org\/blog\/noche-blanco-malaga\/#more-1311\" aria-label=\"Leer m\u00e1s sobre La Noche en Blanco de M\u00e1laga\">M\u00e1s informaci\u00f3n<\/a><\/p>\n","protected":false},"author":5,"featured_media":0,"comment_status":"open","ping_status":"open","sticky":false,"template":"","format":"standard","meta":{"footnotes":""},"categories":[12],"tags":[],"class_list":["post-1311","post","type-post","status-publish","format-standard","hentry","category-malaga","masonry-post","generate-columns","tablet-grid-50","mobile-grid-100","grid-parent","grid-33"],"yoast_head":"<!-- This site is optimized with the Yoast SEO plugin v25.9 - https:\/\/yoast.com\/wordpress\/plugins\/seo\/ -->\n<title>Encuentro nocturno del arte y la cultura participativa<\/title>\n<meta name=\"description\" content=\"Ser\u00e1n decenas de espect\u00e1culos y actividades en m\u00faltiples espacios, tanto de interior como al aire libre, donde, como se se\u00f1ala en el lema, la cultura fluye. Todas las actividades tendr\u00e1n car\u00e1cter gratuito y se concentrar\u00e1n en una sola noche: la del 10 de mayo. Se trata de que los ciudadanos vivan y participen del esp\u00edritu de una ciudad que aspira a convertirse en Capital Europea de la Cultura en 2016. De esta manera, M\u00e1laga se suma a la iniciativa emprendida hace unos a\u00f1os por otras ciudades europeas, como Paris, Riga, Roma, Madrid y Bruselas, de apostar por el arte p\u00fablico. Todo ello siguiendo las premisas del Plan Estrat\u00e9gico de M\u00e1laga como ciudad moderna, mediterr\u00e1nea, emprendedora y cosmopolita.\" \/>\n<meta name=\"robots\" content=\"index, follow, max-snippet:-1, max-image-preview:large, max-video-preview:-1\" \/>\n<link rel=\"canonical\" href=\"https:\/\/miguelmoreno.org\/blog\/noche-blanco-malaga\/\" \/>\n<meta name=\"twitter:label1\" content=\"Escrito por\" \/>\n\t<meta name=\"twitter:data1\" content=\"Se llama copla\" \/>\n\t<meta name=\"twitter:label2\" content=\"Tiempo de lectura\" \/>\n\t<meta name=\"twitter:data2\" content=\"4 minutos\" \/>\n<script type=\"application\/ld+json\" class=\"yoast-schema-graph\">{\"@context\":\"https:\/\/schema.org\",\"@graph\":[{\"@type\":\"WebPage\",\"@id\":\"https:\/\/miguelmoreno.org\/blog\/noche-blanco-malaga\/\",\"url\":\"https:\/\/miguelmoreno.org\/blog\/noche-blanco-malaga\/\",\"name\":\"Encuentro nocturno del arte y la cultura participativa\",\"isPartOf\":{\"@id\":\"https:\/\/miguelmoreno.org\/blog\/#website\"},\"datePublished\":\"2008-04-21T20:27:15+00:00\",\"dateModified\":\"2009-05-08T07:43:15+00:00\",\"author\":{\"@id\":\"https:\/\/miguelmoreno.org\/blog\/#\/schema\/person\/cde8639f19077551d0d59650a04b23d5\"},\"description\":\"Ser\u00e1n decenas de espect\u00e1culos y actividades en m\u00faltiples espacios, tanto de interior como al aire libre, donde, como se se\u00f1ala en el lema, la cultura fluye. Todas las actividades tendr\u00e1n car\u00e1cter gratuito y se concentrar\u00e1n en una sola noche: la del 10 de mayo. Se trata de que los ciudadanos vivan y participen del esp\u00edritu de una ciudad que aspira a convertirse en Capital Europea de la Cultura en 2016. De esta manera, M\u00e1laga se suma a la iniciativa emprendida hace unos a\u00f1os por otras ciudades europeas, como Paris, Riga, Roma, Madrid y Bruselas, de apostar por el arte p\u00fablico. Todo ello siguiendo las premisas del Plan Estrat\u00e9gico de M\u00e1laga como ciudad moderna, mediterr\u00e1nea, emprendedora y cosmopolita.\",\"breadcrumb\":{\"@id\":\"https:\/\/miguelmoreno.org\/blog\/noche-blanco-malaga\/#breadcrumb\"},\"inLanguage\":\"es\",\"potentialAction\":[{\"@type\":\"ReadAction\",\"target\":[\"https:\/\/miguelmoreno.org\/blog\/noche-blanco-malaga\/\"]}]},{\"@type\":\"BreadcrumbList\",\"@id\":\"https:\/\/miguelmoreno.org\/blog\/noche-blanco-malaga\/#breadcrumb\",\"itemListElement\":[{\"@type\":\"ListItem\",\"position\":1,\"name\":\"Portada\",\"item\":\"https:\/\/miguelmoreno.org\/blog\/\"},{\"@type\":\"ListItem\",\"position\":2,\"name\":\"La Noche en Blanco de M\u00e1laga\"}]},{\"@type\":\"WebSite\",\"@id\":\"https:\/\/miguelmoreno.org\/blog\/#website\",\"url\":\"https:\/\/miguelmoreno.org\/blog\/\",\"name\":\"El Blog del Sur\",\"description\":\"Cultura, conciertos, ferias, coplas...\",\"potentialAction\":[{\"@type\":\"SearchAction\",\"target\":{\"@type\":\"EntryPoint\",\"urlTemplate\":\"https:\/\/miguelmoreno.org\/blog\/?s={search_term_string}\"},\"query-input\":{\"@type\":\"PropertyValueSpecification\",\"valueRequired\":true,\"valueName\":\"search_term_string\"}}],\"inLanguage\":\"es\"},{\"@type\":\"Person\",\"@id\":\"https:\/\/miguelmoreno.org\/blog\/#\/schema\/person\/cde8639f19077551d0d59650a04b23d5\",\"name\":\"Se llama copla\",\"sameAs\":[\"https:\/\/miguelmoreno.org\/blog\",\"https:\/\/x.com\/coplasandalucia\"]}]}<\/script>\n<!-- \/ Yoast SEO plugin. -->","yoast_head_json":{"title":"Encuentro nocturno del arte y la cultura participativa","description":"Ser\u00e1n decenas de espect\u00e1culos y actividades en m\u00faltiples espacios, tanto de interior como al aire libre, donde, como se se\u00f1ala en el lema, la cultura fluye. Todas las actividades tendr\u00e1n car\u00e1cter gratuito y se concentrar\u00e1n en una sola noche: la del 10 de mayo. Se trata de que los ciudadanos vivan y participen del esp\u00edritu de una ciudad que aspira a convertirse en Capital Europea de la Cultura en 2016. De esta manera, M\u00e1laga se suma a la iniciativa emprendida hace unos a\u00f1os por otras ciudades europeas, como Paris, Riga, Roma, Madrid y Bruselas, de apostar por el arte p\u00fablico. Todo ello siguiendo las premisas del Plan Estrat\u00e9gico de M\u00e1laga como ciudad moderna, mediterr\u00e1nea, emprendedora y cosmopolita.","robots":{"index":"index","follow":"follow","max-snippet":"max-snippet:-1","max-image-preview":"max-image-preview:large","max-video-preview":"max-video-preview:-1"},"canonical":"https:\/\/miguelmoreno.org\/blog\/noche-blanco-malaga\/","twitter_misc":{"Escrito por":"Se llama copla","Tiempo de lectura":"4 minutos"},"schema":{"@context":"https:\/\/schema.org","@graph":[{"@type":"WebPage","@id":"https:\/\/miguelmoreno.org\/blog\/noche-blanco-malaga\/","url":"https:\/\/miguelmoreno.org\/blog\/noche-blanco-malaga\/","name":"Encuentro nocturno del arte y la cultura participativa","isPartOf":{"@id":"https:\/\/miguelmoreno.org\/blog\/#website"},"datePublished":"2008-04-21T20:27:15+00:00","dateModified":"2009-05-08T07:43:15+00:00","author":{"@id":"https:\/\/miguelmoreno.org\/blog\/#\/schema\/person\/cde8639f19077551d0d59650a04b23d5"},"description":"Ser\u00e1n decenas de espect\u00e1culos y actividades en m\u00faltiples espacios, tanto de interior como al aire libre, donde, como se se\u00f1ala en el lema, la cultura fluye. Todas las actividades tendr\u00e1n car\u00e1cter gratuito y se concentrar\u00e1n en una sola noche: la del 10 de mayo. Se trata de que los ciudadanos vivan y participen del esp\u00edritu de una ciudad que aspira a convertirse en Capital Europea de la Cultura en 2016. De esta manera, M\u00e1laga se suma a la iniciativa emprendida hace unos a\u00f1os por otras ciudades europeas, como Paris, Riga, Roma, Madrid y Bruselas, de apostar por el arte p\u00fablico. Todo ello siguiendo las premisas del Plan Estrat\u00e9gico de M\u00e1laga como ciudad moderna, mediterr\u00e1nea, emprendedora y cosmopolita.","breadcrumb":{"@id":"https:\/\/miguelmoreno.org\/blog\/noche-blanco-malaga\/#breadcrumb"},"inLanguage":"es","potentialAction":[{"@type":"ReadAction","target":["https:\/\/miguelmoreno.org\/blog\/noche-blanco-malaga\/"]}]},{"@type":"BreadcrumbList","@id":"https:\/\/miguelmoreno.org\/blog\/noche-blanco-malaga\/#breadcrumb","itemListElement":[{"@type":"ListItem","position":1,"name":"Portada","item":"https:\/\/miguelmoreno.org\/blog\/"},{"@type":"ListItem","position":2,"name":"La Noche en Blanco de M\u00e1laga"}]},{"@type":"WebSite","@id":"https:\/\/miguelmoreno.org\/blog\/#website","url":"https:\/\/miguelmoreno.org\/blog\/","name":"El Blog del Sur","description":"Cultura, conciertos, ferias, coplas...","potentialAction":[{"@type":"SearchAction","target":{"@type":"EntryPoint","urlTemplate":"https:\/\/miguelmoreno.org\/blog\/?s={search_term_string}"},"query-input":{"@type":"PropertyValueSpecification","valueRequired":true,"valueName":"search_term_string"}}],"inLanguage":"es"},{"@type":"Person","@id":"https:\/\/miguelmoreno.org\/blog\/#\/schema\/person\/cde8639f19077551d0d59650a04b23d5","name":"Se llama copla","sameAs":["https:\/\/miguelmoreno.org\/blog","https:\/\/x.com\/coplasandalucia"]}]}},"_links":{"self":[{"href":"https:\/\/miguelmoreno.org\/blog\/wp-json\/wp\/v2\/posts\/1311","targetHints":{"allow":["GET"]}}],"collection":[{"href":"https:\/\/miguelmoreno.org\/blog\/wp-json\/wp\/v2\/posts"}],"about":[{"href":"https:\/\/miguelmoreno.org\/blog\/wp-json\/wp\/v2\/types\/post"}],"author":[{"embeddable":true,"href":"https:\/\/miguelmoreno.org\/blog\/wp-json\/wp\/v2\/users\/5"}],"replies":[{"embeddable":true,"href":"https:\/\/miguelmoreno.org\/blog\/wp-json\/wp\/v2\/comments?post=1311"}],"version-history":[{"count":0,"href":"https:\/\/miguelmoreno.org\/blog\/wp-json\/wp\/v2\/posts\/1311\/revisions"}],"wp:attachment":[{"href":"https:\/\/miguelmoreno.org\/blog\/wp-json\/wp\/v2\/media?parent=1311"}],"wp:term":[{"taxonomy":"category","embeddable":true,"href":"https:\/\/miguelmoreno.org\/blog\/wp-json\/wp\/v2\/categories?post=1311"},{"taxonomy":"post_tag","embeddable":true,"href":"https:\/\/miguelmoreno.org\/blog\/wp-json\/wp\/v2\/tags?post=1311"}],"curies":[{"name":"wp","href":"https:\/\/api.w.org\/{rel}","templated":true}]}}