{"id":1316,"date":"2008-04-27T16:11:18","date_gmt":"2008-04-27T14:11:18","guid":{"rendered":"http:\/\/www.miguelmoreno.org\/blog\/campamentos-de-verano-en-cerro-muriano-de-cordoba\/"},"modified":"2015-06-03T23:57:19","modified_gmt":"2015-06-03T21:57:19","slug":"campamentos-de-verano-en-cerro-muriano-de-cordoba","status":"publish","type":"post","link":"https:\/\/miguelmoreno.org\/blog\/campamentos-de-verano-en-cerro-muriano-de-cordoba\/","title":{"rendered":"Campamentos de verano en Cerro Muriano de Cordoba"},"content":{"rendered":"<h4 id=\"fecha_inscripcion\" class=\"txt\"><span class=\"txt1bold\"><\/span><\/h4>\n<p><a href=\"https:\/\/www.miguelmoreno.org\/blog\/campamentos-cerro-muriano-2012\/\">Campamento cerro Muriano Cordoba 2012<\/a><\/p>\n<p>Fecha de inscripci\u00f3n: Del 1 al 30 de abril de 2008<br \/>\nActividades: Aire libre, deportivas, piscina, acampada y juegos nocturnos, fuegos de campamento, concursos, etc. \u2026<br \/>\nOrganiza: Departamento de Juventud. Delegaci\u00f3n de Juventud y Deportes. Diputaci\u00f3n de C\u00f3rdoba.<br \/>\nLugar: Albergue Provincial de Cerro Muriano (C\u00f3rdoba)<\/p>\n<p>Cuotas<\/p>\n<p>* Turno de 9 d\u00edas: 115\u20ac<br \/>\n* Turno de 6 d\u00edas: 75\u20ac<br \/>\n* NOVEDAD Turno biling\u00fce de 9 d\u00edas : 167\u20ac<\/p>\n<p class=\"titulogranatenormal\" align=\"left\">TODA LA INFORMACI\u00d3N [AQUI]<\/p>\n<p class=\"titulogranatenormal\" align=\"left\">Fuente <a href=\"http:\/\/www.fernannunez.es\/\">Ayto Fernan Nu\u00f1ez <\/a><\/p>\n","protected":false},"excerpt":{"rendered":"<p>Campamento cerro Muriano Cordoba 2012 Fecha de inscripci\u00f3n: Del 1 al 30 de abril de 2008 Actividades: Aire libre, deportivas, piscina, acampada y juegos nocturnos, fuegos de campamento, concursos, etc. \u2026 Organiza: Departamento de Juventud. Delegaci\u00f3n de Juventud y Deportes. Diputaci\u00f3n de C\u00f3rdoba. Lugar: Albergue Provincial de Cerro Muriano (C\u00f3rdoba) Cuotas * Turno de 9 &#8230; <\/p>\n<p class=\"read-more-container\"><a title=\"Campamentos de verano en Cerro Muriano de Cordoba\" class=\"read-more button\" href=\"https:\/\/miguelmoreno.org\/blog\/campamentos-de-verano-en-cerro-muriano-de-cordoba\/#more-1316\" aria-label=\"Leer m\u00e1s sobre Campamentos de verano en Cerro Muriano de Cordoba\">M\u00e1s informaci\u00f3n<\/a><\/p>\n","protected":false},"author":5,"featured_media":0,"comment_status":"open","ping_status":"open","sticky":false,"template":"","format":"standard","meta":{"footnotes":""},"categories":[1],"tags":[1503],"class_list":["post-1316","post","type-post","status-publish","format-standard","hentry","category-general","tag-cordoba","masonry-post","generate-columns","tablet-grid-50","mobile-grid-100","grid-parent","grid-33"],"yoast_head":"<!-- This site is optimized with the Yoast SEO plugin v25.9 - https:\/\/yoast.com\/wordpress\/plugins\/seo\/ -->\n<title>Campamentos de verano en Cerro Muriano de Cordoba<\/title>\n<meta name=\"robots\" content=\"index, follow, max-snippet:-1, max-image-preview:large, max-video-preview:-1\" \/>\n<link rel=\"canonical\" href=\"https:\/\/miguelmoreno.org\/blog\/campamentos-de-verano-en-cerro-muriano-de-cordoba\/\" \/>\n<meta name=\"twitter:label1\" content=\"Escrito por\" \/>\n\t<meta name=\"twitter:data1\" content=\"Se llama copla\" \/>\n<script type=\"application\/ld+json\" class=\"yoast-schema-graph\">{\"@context\":\"https:\/\/schema.org\",\"@graph\":[{\"@type\":\"WebPage\",\"@id\":\"https:\/\/miguelmoreno.org\/blog\/campamentos-de-verano-en-cerro-muriano-de-cordoba\/\",\"url\":\"https:\/\/miguelmoreno.org\/blog\/campamentos-de-verano-en-cerro-muriano-de-cordoba\/\",\"name\":\"Campamentos de verano en Cerro Muriano de Cordoba\",\"isPartOf\":{\"@id\":\"https:\/\/miguelmoreno.org\/blog\/#website\"},\"datePublished\":\"2008-04-27T14:11:18+00:00\",\"dateModified\":\"2015-06-03T21:57:19+00:00\",\"author\":{\"@id\":\"https:\/\/miguelmoreno.org\/blog\/#\/schema\/person\/cde8639f19077551d0d59650a04b23d5\"},\"breadcrumb\":{\"@id\":\"https:\/\/miguelmoreno.org\/blog\/campamentos-de-verano-en-cerro-muriano-de-cordoba\/#breadcrumb\"},\"inLanguage\":\"es\",\"potentialAction\":[{\"@type\":\"ReadAction\",\"target\":[\"https:\/\/miguelmoreno.org\/blog\/campamentos-de-verano-en-cerro-muriano-de-cordoba\/\"]}]},{\"@type\":\"BreadcrumbList\",\"@id\":\"https:\/\/miguelmoreno.org\/blog\/campamentos-de-verano-en-cerro-muriano-de-cordoba\/#breadcrumb\",\"itemListElement\":[{\"@type\":\"ListItem\",\"position\":1,\"name\":\"Portada\",\"item\":\"https:\/\/miguelmoreno.org\/blog\/\"},{\"@type\":\"ListItem\",\"position\":2,\"name\":\"Campamentos de verano en Cerro Muriano de Cordoba\"}]},{\"@type\":\"WebSite\",\"@id\":\"https:\/\/miguelmoreno.org\/blog\/#website\",\"url\":\"https:\/\/miguelmoreno.org\/blog\/\",\"name\":\"El Blog del Sur\",\"description\":\"Cultura, conciertos, ferias, coplas...\",\"potentialAction\":[{\"@type\":\"SearchAction\",\"target\":{\"@type\":\"EntryPoint\",\"urlTemplate\":\"https:\/\/miguelmoreno.org\/blog\/?s={search_term_string}\"},\"query-input\":{\"@type\":\"PropertyValueSpecification\",\"valueRequired\":true,\"valueName\":\"search_term_string\"}}],\"inLanguage\":\"es\"},{\"@type\":\"Person\",\"@id\":\"https:\/\/miguelmoreno.org\/blog\/#\/schema\/person\/cde8639f19077551d0d59650a04b23d5\",\"name\":\"Se llama copla\",\"sameAs\":[\"https:\/\/miguelmoreno.org\/blog\",\"https:\/\/x.com\/coplasandalucia\"]}]}<\/script>\n<!-- \/ Yoast SEO plugin. -->","yoast_head_json":{"title":"Campamentos de verano en Cerro Muriano de Cordoba","robots":{"index":"index","follow":"follow","max-snippet":"max-snippet:-1","max-image-preview":"max-image-preview:large","max-video-preview":"max-video-preview:-1"},"canonical":"https:\/\/miguelmoreno.org\/blog\/campamentos-de-verano-en-cerro-muriano-de-cordoba\/","twitter_misc":{"Escrito por":"Se llama copla"},"schema":{"@context":"https:\/\/schema.org","@graph":[{"@type":"WebPage","@id":"https:\/\/miguelmoreno.org\/blog\/campamentos-de-verano-en-cerro-muriano-de-cordoba\/","url":"https:\/\/miguelmoreno.org\/blog\/campamentos-de-verano-en-cerro-muriano-de-cordoba\/","name":"Campamentos de verano en Cerro Muriano de Cordoba","isPartOf":{"@id":"https:\/\/miguelmoreno.org\/blog\/#website"},"datePublished":"2008-04-27T14:11:18+00:00","dateModified":"2015-06-03T21:57:19+00:00","author":{"@id":"https:\/\/miguelmoreno.org\/blog\/#\/schema\/person\/cde8639f19077551d0d59650a04b23d5"},"breadcrumb":{"@id":"https:\/\/miguelmoreno.org\/blog\/campamentos-de-verano-en-cerro-muriano-de-cordoba\/#breadcrumb"},"inLanguage":"es","potentialAction":[{"@type":"ReadAction","target":["https:\/\/miguelmoreno.org\/blog\/campamentos-de-verano-en-cerro-muriano-de-cordoba\/"]}]},{"@type":"BreadcrumbList","@id":"https:\/\/miguelmoreno.org\/blog\/campamentos-de-verano-en-cerro-muriano-de-cordoba\/#breadcrumb","itemListElement":[{"@type":"ListItem","position":1,"name":"Portada","item":"https:\/\/miguelmoreno.org\/blog\/"},{"@type":"ListItem","position":2,"name":"Campamentos de verano en Cerro Muriano de Cordoba"}]},{"@type":"WebSite","@id":"https:\/\/miguelmoreno.org\/blog\/#website","url":"https:\/\/miguelmoreno.org\/blog\/","name":"El Blog del Sur","description":"Cultura, conciertos, ferias, coplas...","potentialAction":[{"@type":"SearchAction","target":{"@type":"EntryPoint","urlTemplate":"https:\/\/miguelmoreno.org\/blog\/?s={search_term_string}"},"query-input":{"@type":"PropertyValueSpecification","valueRequired":true,"valueName":"search_term_string"}}],"inLanguage":"es"},{"@type":"Person","@id":"https:\/\/miguelmoreno.org\/blog\/#\/schema\/person\/cde8639f19077551d0d59650a04b23d5","name":"Se llama copla","sameAs":["https:\/\/miguelmoreno.org\/blog","https:\/\/x.com\/coplasandalucia"]}]}},"_links":{"self":[{"href":"https:\/\/miguelmoreno.org\/blog\/wp-json\/wp\/v2\/posts\/1316","targetHints":{"allow":["GET"]}}],"collection":[{"href":"https:\/\/miguelmoreno.org\/blog\/wp-json\/wp\/v2\/posts"}],"about":[{"href":"https:\/\/miguelmoreno.org\/blog\/wp-json\/wp\/v2\/types\/post"}],"author":[{"embeddable":true,"href":"https:\/\/miguelmoreno.org\/blog\/wp-json\/wp\/v2\/users\/5"}],"replies":[{"embeddable":true,"href":"https:\/\/miguelmoreno.org\/blog\/wp-json\/wp\/v2\/comments?post=1316"}],"version-history":[{"count":0,"href":"https:\/\/miguelmoreno.org\/blog\/wp-json\/wp\/v2\/posts\/1316\/revisions"}],"wp:attachment":[{"href":"https:\/\/miguelmoreno.org\/blog\/wp-json\/wp\/v2\/media?parent=1316"}],"wp:term":[{"taxonomy":"category","embeddable":true,"href":"https:\/\/miguelmoreno.org\/blog\/wp-json\/wp\/v2\/categories?post=1316"},{"taxonomy":"post_tag","embeddable":true,"href":"https:\/\/miguelmoreno.org\/blog\/wp-json\/wp\/v2\/tags?post=1316"}],"curies":[{"name":"wp","href":"https:\/\/api.w.org\/{rel}","templated":true}]}}