{"id":1326,"date":"2008-04-27T19:24:15","date_gmt":"2008-04-27T17:24:15","guid":{"rendered":"http:\/\/www.miguelmoreno.org\/blog\/cordoba-en-mayo-2008-cruces-y-patios\/"},"modified":"2015-06-03T23:57:20","modified_gmt":"2015-06-03T21:57:20","slug":"cordoba-en-mayo-2008-cruces-y-patios","status":"publish","type":"post","link":"https:\/\/miguelmoreno.org\/blog\/cordoba-en-mayo-2008-cruces-y-patios\/","title":{"rendered":"Cordoba en Mayo 2008, Cruces y Patios"},"content":{"rendered":"<p>Sin duda los Patios de Cordoba son las estrellas de mayo en Cordoba, pero esta ciudad andaluza tiene muchas m\u00e1s cosas en este mes de mayo que no debes perderte. Aqui tienes tres documentos con las actividades de C\u00f3rdoba en Mayo 2008, la   \t            \t\t            \t\t \t\t   \tProgramaci\u00f3n d\u00eda a d\u00eday la Guia de las Cruces de Mayo \t\t\t\t<\/p>\n","protected":false},"excerpt":{"rendered":"<p>Sin duda los Patios de Cordoba son las estrellas de mayo en Cordoba, pero esta ciudad andaluza tiene muchas m\u00e1s cosas en este mes de mayo que no debes perderte. Aqui tienes tres documentos con las actividades de C\u00f3rdoba en Mayo 2008, la Programaci\u00f3n d\u00eda a d\u00eday la Guia de las Cruces de Mayo<\/p>\n","protected":false},"author":5,"featured_media":0,"comment_status":"open","ping_status":"open","sticky":false,"template":"","format":"standard","meta":{"footnotes":""},"categories":[1],"tags":[1503],"class_list":["post-1326","post","type-post","status-publish","format-standard","hentry","category-general","tag-cordoba","masonry-post","generate-columns","tablet-grid-50","mobile-grid-100","grid-parent","grid-33"],"yoast_head":"<!-- This site is optimized with the Yoast SEO plugin v25.9 - https:\/\/yoast.com\/wordpress\/plugins\/seo\/ -->\n<title>Cordoba en Mayo 2008, Cruces y Patios<\/title>\n<meta name=\"robots\" content=\"index, follow, max-snippet:-1, max-image-preview:large, max-video-preview:-1\" \/>\n<link rel=\"canonical\" href=\"https:\/\/miguelmoreno.org\/blog\/cordoba-en-mayo-2008-cruces-y-patios\/\" \/>\n<meta name=\"twitter:label1\" content=\"Escrito por\" \/>\n\t<meta name=\"twitter:data1\" content=\"Se llama copla\" \/>\n<script type=\"application\/ld+json\" class=\"yoast-schema-graph\">{\"@context\":\"https:\/\/schema.org\",\"@graph\":[{\"@type\":\"WebPage\",\"@id\":\"https:\/\/miguelmoreno.org\/blog\/cordoba-en-mayo-2008-cruces-y-patios\/\",\"url\":\"https:\/\/miguelmoreno.org\/blog\/cordoba-en-mayo-2008-cruces-y-patios\/\",\"name\":\"Cordoba en Mayo 2008, Cruces y Patios\",\"isPartOf\":{\"@id\":\"https:\/\/miguelmoreno.org\/blog\/#website\"},\"datePublished\":\"2008-04-27T17:24:15+00:00\",\"dateModified\":\"2015-06-03T21:57:20+00:00\",\"author\":{\"@id\":\"https:\/\/miguelmoreno.org\/blog\/#\/schema\/person\/cde8639f19077551d0d59650a04b23d5\"},\"breadcrumb\":{\"@id\":\"https:\/\/miguelmoreno.org\/blog\/cordoba-en-mayo-2008-cruces-y-patios\/#breadcrumb\"},\"inLanguage\":\"es\",\"potentialAction\":[{\"@type\":\"ReadAction\",\"target\":[\"https:\/\/miguelmoreno.org\/blog\/cordoba-en-mayo-2008-cruces-y-patios\/\"]}]},{\"@type\":\"BreadcrumbList\",\"@id\":\"https:\/\/miguelmoreno.org\/blog\/cordoba-en-mayo-2008-cruces-y-patios\/#breadcrumb\",\"itemListElement\":[{\"@type\":\"ListItem\",\"position\":1,\"name\":\"Portada\",\"item\":\"https:\/\/miguelmoreno.org\/blog\/\"},{\"@type\":\"ListItem\",\"position\":2,\"name\":\"Cordoba en Mayo 2008, Cruces y Patios\"}]},{\"@type\":\"WebSite\",\"@id\":\"https:\/\/miguelmoreno.org\/blog\/#website\",\"url\":\"https:\/\/miguelmoreno.org\/blog\/\",\"name\":\"El Blog del Sur\",\"description\":\"Cultura, conciertos, ferias, coplas...\",\"potentialAction\":[{\"@type\":\"SearchAction\",\"target\":{\"@type\":\"EntryPoint\",\"urlTemplate\":\"https:\/\/miguelmoreno.org\/blog\/?s={search_term_string}\"},\"query-input\":{\"@type\":\"PropertyValueSpecification\",\"valueRequired\":true,\"valueName\":\"search_term_string\"}}],\"inLanguage\":\"es\"},{\"@type\":\"Person\",\"@id\":\"https:\/\/miguelmoreno.org\/blog\/#\/schema\/person\/cde8639f19077551d0d59650a04b23d5\",\"name\":\"Se llama copla\",\"sameAs\":[\"https:\/\/miguelmoreno.org\/blog\",\"https:\/\/x.com\/coplasandalucia\"]}]}<\/script>\n<!-- \/ Yoast SEO plugin. -->","yoast_head_json":{"title":"Cordoba en Mayo 2008, Cruces y Patios","robots":{"index":"index","follow":"follow","max-snippet":"max-snippet:-1","max-image-preview":"max-image-preview:large","max-video-preview":"max-video-preview:-1"},"canonical":"https:\/\/miguelmoreno.org\/blog\/cordoba-en-mayo-2008-cruces-y-patios\/","twitter_misc":{"Escrito por":"Se llama copla"},"schema":{"@context":"https:\/\/schema.org","@graph":[{"@type":"WebPage","@id":"https:\/\/miguelmoreno.org\/blog\/cordoba-en-mayo-2008-cruces-y-patios\/","url":"https:\/\/miguelmoreno.org\/blog\/cordoba-en-mayo-2008-cruces-y-patios\/","name":"Cordoba en Mayo 2008, Cruces y Patios","isPartOf":{"@id":"https:\/\/miguelmoreno.org\/blog\/#website"},"datePublished":"2008-04-27T17:24:15+00:00","dateModified":"2015-06-03T21:57:20+00:00","author":{"@id":"https:\/\/miguelmoreno.org\/blog\/#\/schema\/person\/cde8639f19077551d0d59650a04b23d5"},"breadcrumb":{"@id":"https:\/\/miguelmoreno.org\/blog\/cordoba-en-mayo-2008-cruces-y-patios\/#breadcrumb"},"inLanguage":"es","potentialAction":[{"@type":"ReadAction","target":["https:\/\/miguelmoreno.org\/blog\/cordoba-en-mayo-2008-cruces-y-patios\/"]}]},{"@type":"BreadcrumbList","@id":"https:\/\/miguelmoreno.org\/blog\/cordoba-en-mayo-2008-cruces-y-patios\/#breadcrumb","itemListElement":[{"@type":"ListItem","position":1,"name":"Portada","item":"https:\/\/miguelmoreno.org\/blog\/"},{"@type":"ListItem","position":2,"name":"Cordoba en Mayo 2008, Cruces y Patios"}]},{"@type":"WebSite","@id":"https:\/\/miguelmoreno.org\/blog\/#website","url":"https:\/\/miguelmoreno.org\/blog\/","name":"El Blog del Sur","description":"Cultura, conciertos, ferias, coplas...","potentialAction":[{"@type":"SearchAction","target":{"@type":"EntryPoint","urlTemplate":"https:\/\/miguelmoreno.org\/blog\/?s={search_term_string}"},"query-input":{"@type":"PropertyValueSpecification","valueRequired":true,"valueName":"search_term_string"}}],"inLanguage":"es"},{"@type":"Person","@id":"https:\/\/miguelmoreno.org\/blog\/#\/schema\/person\/cde8639f19077551d0d59650a04b23d5","name":"Se llama copla","sameAs":["https:\/\/miguelmoreno.org\/blog","https:\/\/x.com\/coplasandalucia"]}]}},"_links":{"self":[{"href":"https:\/\/miguelmoreno.org\/blog\/wp-json\/wp\/v2\/posts\/1326","targetHints":{"allow":["GET"]}}],"collection":[{"href":"https:\/\/miguelmoreno.org\/blog\/wp-json\/wp\/v2\/posts"}],"about":[{"href":"https:\/\/miguelmoreno.org\/blog\/wp-json\/wp\/v2\/types\/post"}],"author":[{"embeddable":true,"href":"https:\/\/miguelmoreno.org\/blog\/wp-json\/wp\/v2\/users\/5"}],"replies":[{"embeddable":true,"href":"https:\/\/miguelmoreno.org\/blog\/wp-json\/wp\/v2\/comments?post=1326"}],"version-history":[{"count":0,"href":"https:\/\/miguelmoreno.org\/blog\/wp-json\/wp\/v2\/posts\/1326\/revisions"}],"wp:attachment":[{"href":"https:\/\/miguelmoreno.org\/blog\/wp-json\/wp\/v2\/media?parent=1326"}],"wp:term":[{"taxonomy":"category","embeddable":true,"href":"https:\/\/miguelmoreno.org\/blog\/wp-json\/wp\/v2\/categories?post=1326"},{"taxonomy":"post_tag","embeddable":true,"href":"https:\/\/miguelmoreno.org\/blog\/wp-json\/wp\/v2\/tags?post=1326"}],"curies":[{"name":"wp","href":"https:\/\/api.w.org\/{rel}","templated":true}]}}