{"id":1330,"date":"2008-05-01T11:41:34","date_gmt":"2008-05-01T09:41:34","guid":{"rendered":"http:\/\/www.miguelmoreno.org\/blog\/fotos-de-patios-de-cordoba-2\/"},"modified":"2008-05-01T11:41:34","modified_gmt":"2008-05-01T09:41:34","slug":"fotos-de-patios-de-cordoba-2","status":"publish","type":"post","link":"https:\/\/miguelmoreno.org\/blog\/fotos-de-patios-de-cordoba-2\/","title":{"rendered":"Fotos de Patios de Cordoba"},"content":{"rendered":"<p><a href=\"http:\/\/picasaweb.google.es\/cordobapatrimoniodelahumanidad\/CRdobaPatrimonioDeLaHumanidadPatiosGanadores2007\/photo#s5066658272054439138\"><img loading=\"lazy\" decoding=\"async\" src=\"http:\/\/lh4.ggpht.com\/manuelcorreasvillalon\/Rzd9qJrEVaI\/AAAAAAAAKyE\/ig5TR3bSFxQ\/MAY_4435.JPG?imgmax=512\" alt=\"patios de cordoba\" align=\"left\" height=\"481\" width=\"322\" \/>Patios de C\u00f3rdoba<\/a>. Una excelente recopilaci\u00f3n de fotos de patios de Cordoba y <a href=\"http:\/\/picasaweb.google.es\/cordobapatrimoniodelahumanidad\">muchas m\u00e1s fotos<\/a> de la ciudad<\/p>\n<p><a href=\"http:\/\/picasaweb.google.es\/manuelcorreasvillalon\/PatiosDeCRdoba\/photo#s5131708089854350690\" target=\"_blank\">85 fotos de los patios cordobeses<\/a>, y <a href=\"http:\/\/picasaweb.google.es\/manuelcorreasvillalon\/PatiosDeCRdoba\">otras fotos<\/a> de C\u00f3rdoba del mismo autor<\/p>\n<p><a href=\"http:\/\/picasaweb.google.es\/hispano51\/LOSPATIOSCORDOBA\/photo#s5014726225221654210\" target=\"_blank\">Fotos de Patios de Cordoba de 2006<\/a> 10 preciosas fotos de los patios cordobeses del a\u00f1o 2006<\/p>\n<p><a href=\"http:\/\/picasaweb.google.es\/jlfilpo\/CRdoba02\/photo#s5188471586802885186\" target=\"_blank\">Fotos de Cordoba<\/a> \u00a0 Varias fotografias de la ciudad del a\u00f1o 2007<\/p>\n<p><a href=\"http:\/\/picasaweb.google.es\/jlfilpo\/CRdoba02\/photo#s5188471586802885186\">Cordoba en fotos<\/a> a\u00f1o 2007<\/p>\n<p><a href=\"http:\/\/picasaweb.google.es\/enccarna\/CRdoba080507\/photo#s5175001252458800722\">Patios<\/a><\/p>\n","protected":false},"excerpt":{"rendered":"<p>Patios de C\u00f3rdoba. Una excelente recopilaci\u00f3n de fotos de patios de Cordoba y muchas m\u00e1s fotos de la ciudad 85 fotos de los patios cordobeses, y otras fotos de C\u00f3rdoba del mismo autor Fotos de Patios de Cordoba de 2006 10 preciosas fotos de los patios cordobeses del a\u00f1o 2006 Fotos de Cordoba \u00a0 Varias &#8230; <\/p>\n<p class=\"read-more-container\"><a title=\"Fotos de Patios de Cordoba\" class=\"read-more button\" href=\"https:\/\/miguelmoreno.org\/blog\/fotos-de-patios-de-cordoba-2\/#more-1330\" aria-label=\"Leer m\u00e1s sobre Fotos de Patios de Cordoba\">M\u00e1s informaci\u00f3n<\/a><\/p>\n","protected":false},"author":5,"featured_media":0,"comment_status":"open","ping_status":"open","sticky":false,"template":"","format":"standard","meta":{"footnotes":""},"categories":[1],"tags":[1503],"class_list":["post-1330","post","type-post","status-publish","format-standard","hentry","category-general","tag-cordoba","masonry-post","generate-columns","tablet-grid-50","mobile-grid-100","grid-parent","grid-33"],"yoast_head":"<!-- This site is optimized with the Yoast SEO plugin v25.9 - https:\/\/yoast.com\/wordpress\/plugins\/seo\/ -->\n<title>Fotos de Patios de Cordoba<\/title>\n<meta name=\"robots\" content=\"index, follow, max-snippet:-1, max-image-preview:large, max-video-preview:-1\" \/>\n<link rel=\"canonical\" href=\"https:\/\/miguelmoreno.org\/blog\/fotos-de-patios-de-cordoba-2\/\" \/>\n<meta name=\"twitter:label1\" content=\"Escrito por\" \/>\n\t<meta name=\"twitter:data1\" content=\"Se llama copla\" \/>\n<script type=\"application\/ld+json\" class=\"yoast-schema-graph\">{\"@context\":\"https:\/\/schema.org\",\"@graph\":[{\"@type\":\"WebPage\",\"@id\":\"https:\/\/miguelmoreno.org\/blog\/fotos-de-patios-de-cordoba-2\/\",\"url\":\"https:\/\/miguelmoreno.org\/blog\/fotos-de-patios-de-cordoba-2\/\",\"name\":\"Fotos de Patios de Cordoba\",\"isPartOf\":{\"@id\":\"https:\/\/miguelmoreno.org\/blog\/#website\"},\"primaryImageOfPage\":{\"@id\":\"https:\/\/miguelmoreno.org\/blog\/fotos-de-patios-de-cordoba-2\/#primaryimage\"},\"image\":{\"@id\":\"https:\/\/miguelmoreno.org\/blog\/fotos-de-patios-de-cordoba-2\/#primaryimage\"},\"thumbnailUrl\":\"http:\/\/lh4.ggpht.com\/manuelcorreasvillalon\/Rzd9qJrEVaI\/AAAAAAAAKyE\/ig5TR3bSFxQ\/MAY_4435.JPG?imgmax=512\",\"datePublished\":\"2008-05-01T09:41:34+00:00\",\"author\":{\"@id\":\"https:\/\/miguelmoreno.org\/blog\/#\/schema\/person\/cde8639f19077551d0d59650a04b23d5\"},\"breadcrumb\":{\"@id\":\"https:\/\/miguelmoreno.org\/blog\/fotos-de-patios-de-cordoba-2\/#breadcrumb\"},\"inLanguage\":\"es\",\"potentialAction\":[{\"@type\":\"ReadAction\",\"target\":[\"https:\/\/miguelmoreno.org\/blog\/fotos-de-patios-de-cordoba-2\/\"]}]},{\"@type\":\"ImageObject\",\"inLanguage\":\"es\",\"@id\":\"https:\/\/miguelmoreno.org\/blog\/fotos-de-patios-de-cordoba-2\/#primaryimage\",\"url\":\"http:\/\/lh4.ggpht.com\/manuelcorreasvillalon\/Rzd9qJrEVaI\/AAAAAAAAKyE\/ig5TR3bSFxQ\/MAY_4435.JPG?imgmax=512\",\"contentUrl\":\"http:\/\/lh4.ggpht.com\/manuelcorreasvillalon\/Rzd9qJrEVaI\/AAAAAAAAKyE\/ig5TR3bSFxQ\/MAY_4435.JPG?imgmax=512\"},{\"@type\":\"BreadcrumbList\",\"@id\":\"https:\/\/miguelmoreno.org\/blog\/fotos-de-patios-de-cordoba-2\/#breadcrumb\",\"itemListElement\":[{\"@type\":\"ListItem\",\"position\":1,\"name\":\"Portada\",\"item\":\"https:\/\/miguelmoreno.org\/blog\/\"},{\"@type\":\"ListItem\",\"position\":2,\"name\":\"Fotos de Patios de Cordoba\"}]},{\"@type\":\"WebSite\",\"@id\":\"https:\/\/miguelmoreno.org\/blog\/#website\",\"url\":\"https:\/\/miguelmoreno.org\/blog\/\",\"name\":\"El Blog del Sur\",\"description\":\"Cultura, conciertos, ferias, coplas...\",\"potentialAction\":[{\"@type\":\"SearchAction\",\"target\":{\"@type\":\"EntryPoint\",\"urlTemplate\":\"https:\/\/miguelmoreno.org\/blog\/?s={search_term_string}\"},\"query-input\":{\"@type\":\"PropertyValueSpecification\",\"valueRequired\":true,\"valueName\":\"search_term_string\"}}],\"inLanguage\":\"es\"},{\"@type\":\"Person\",\"@id\":\"https:\/\/miguelmoreno.org\/blog\/#\/schema\/person\/cde8639f19077551d0d59650a04b23d5\",\"name\":\"Se llama copla\",\"sameAs\":[\"https:\/\/miguelmoreno.org\/blog\",\"https:\/\/x.com\/coplasandalucia\"]}]}<\/script>\n<!-- \/ Yoast SEO plugin. -->","yoast_head_json":{"title":"Fotos de Patios de Cordoba","robots":{"index":"index","follow":"follow","max-snippet":"max-snippet:-1","max-image-preview":"max-image-preview:large","max-video-preview":"max-video-preview:-1"},"canonical":"https:\/\/miguelmoreno.org\/blog\/fotos-de-patios-de-cordoba-2\/","twitter_misc":{"Escrito por":"Se llama copla"},"schema":{"@context":"https:\/\/schema.org","@graph":[{"@type":"WebPage","@id":"https:\/\/miguelmoreno.org\/blog\/fotos-de-patios-de-cordoba-2\/","url":"https:\/\/miguelmoreno.org\/blog\/fotos-de-patios-de-cordoba-2\/","name":"Fotos de Patios de Cordoba","isPartOf":{"@id":"https:\/\/miguelmoreno.org\/blog\/#website"},"primaryImageOfPage":{"@id":"https:\/\/miguelmoreno.org\/blog\/fotos-de-patios-de-cordoba-2\/#primaryimage"},"image":{"@id":"https:\/\/miguelmoreno.org\/blog\/fotos-de-patios-de-cordoba-2\/#primaryimage"},"thumbnailUrl":"http:\/\/lh4.ggpht.com\/manuelcorreasvillalon\/Rzd9qJrEVaI\/AAAAAAAAKyE\/ig5TR3bSFxQ\/MAY_4435.JPG?imgmax=512","datePublished":"2008-05-01T09:41:34+00:00","author":{"@id":"https:\/\/miguelmoreno.org\/blog\/#\/schema\/person\/cde8639f19077551d0d59650a04b23d5"},"breadcrumb":{"@id":"https:\/\/miguelmoreno.org\/blog\/fotos-de-patios-de-cordoba-2\/#breadcrumb"},"inLanguage":"es","potentialAction":[{"@type":"ReadAction","target":["https:\/\/miguelmoreno.org\/blog\/fotos-de-patios-de-cordoba-2\/"]}]},{"@type":"ImageObject","inLanguage":"es","@id":"https:\/\/miguelmoreno.org\/blog\/fotos-de-patios-de-cordoba-2\/#primaryimage","url":"http:\/\/lh4.ggpht.com\/manuelcorreasvillalon\/Rzd9qJrEVaI\/AAAAAAAAKyE\/ig5TR3bSFxQ\/MAY_4435.JPG?imgmax=512","contentUrl":"http:\/\/lh4.ggpht.com\/manuelcorreasvillalon\/Rzd9qJrEVaI\/AAAAAAAAKyE\/ig5TR3bSFxQ\/MAY_4435.JPG?imgmax=512"},{"@type":"BreadcrumbList","@id":"https:\/\/miguelmoreno.org\/blog\/fotos-de-patios-de-cordoba-2\/#breadcrumb","itemListElement":[{"@type":"ListItem","position":1,"name":"Portada","item":"https:\/\/miguelmoreno.org\/blog\/"},{"@type":"ListItem","position":2,"name":"Fotos de Patios de Cordoba"}]},{"@type":"WebSite","@id":"https:\/\/miguelmoreno.org\/blog\/#website","url":"https:\/\/miguelmoreno.org\/blog\/","name":"El Blog del Sur","description":"Cultura, conciertos, ferias, coplas...","potentialAction":[{"@type":"SearchAction","target":{"@type":"EntryPoint","urlTemplate":"https:\/\/miguelmoreno.org\/blog\/?s={search_term_string}"},"query-input":{"@type":"PropertyValueSpecification","valueRequired":true,"valueName":"search_term_string"}}],"inLanguage":"es"},{"@type":"Person","@id":"https:\/\/miguelmoreno.org\/blog\/#\/schema\/person\/cde8639f19077551d0d59650a04b23d5","name":"Se llama copla","sameAs":["https:\/\/miguelmoreno.org\/blog","https:\/\/x.com\/coplasandalucia"]}]}},"_links":{"self":[{"href":"https:\/\/miguelmoreno.org\/blog\/wp-json\/wp\/v2\/posts\/1330","targetHints":{"allow":["GET"]}}],"collection":[{"href":"https:\/\/miguelmoreno.org\/blog\/wp-json\/wp\/v2\/posts"}],"about":[{"href":"https:\/\/miguelmoreno.org\/blog\/wp-json\/wp\/v2\/types\/post"}],"author":[{"embeddable":true,"href":"https:\/\/miguelmoreno.org\/blog\/wp-json\/wp\/v2\/users\/5"}],"replies":[{"embeddable":true,"href":"https:\/\/miguelmoreno.org\/blog\/wp-json\/wp\/v2\/comments?post=1330"}],"version-history":[{"count":0,"href":"https:\/\/miguelmoreno.org\/blog\/wp-json\/wp\/v2\/posts\/1330\/revisions"}],"wp:attachment":[{"href":"https:\/\/miguelmoreno.org\/blog\/wp-json\/wp\/v2\/media?parent=1330"}],"wp:term":[{"taxonomy":"category","embeddable":true,"href":"https:\/\/miguelmoreno.org\/blog\/wp-json\/wp\/v2\/categories?post=1330"},{"taxonomy":"post_tag","embeddable":true,"href":"https:\/\/miguelmoreno.org\/blog\/wp-json\/wp\/v2\/tags?post=1330"}],"curies":[{"name":"wp","href":"https:\/\/api.w.org\/{rel}","templated":true}]}}