{"id":1362,"date":"2008-05-18T13:50:14","date_gmt":"2008-05-18T11:50:14","guid":{"rendered":"http:\/\/www.miguelmoreno.org\/blog\/feria-de-primavera-de-antequera-2008\/"},"modified":"2015-06-03T11:39:29","modified_gmt":"2015-06-03T09:39:29","slug":"feria-de-primavera-de-antequera-2008","status":"publish","type":"post","link":"https:\/\/miguelmoreno.org\/blog\/feria-de-primavera-de-antequera-2008\/","title":{"rendered":"Feria de la Primavera de Antequera 2008"},"content":{"rendered":"<p><strong>Francisco Rivera Ord\u00f3\u00f1ez<\/strong> es el gran atractivo del <strong>festejo taurino<\/strong> de la <em><strong>Feria de Primavera de Antequera<\/strong><\/em>, y junto <strong>con \u00c1ngel Teruel y Salvador Garc\u00eda<\/strong> (que toma la alternativa) lidiar\u00e1n el d\u00eda 1 de junio, a las 7,00 de la tarde, toros de la ganader\u00eda de Antonio Rubio-Macandro. Las <strong>fiestas<\/strong>, que se desarrollar\u00e1n el <strong>30, 31 de mayo y 1 de junio<\/strong>, incluyen tambi\u00e9n atractivas actuaciones musicales.<\/p>\n<p><!--more-->El 29 de mayo habr\u00e1 actividades previas a las fiestas, con las atracciones infantiles a precios especiales y la <a href=\"https:\/\/www.miguelmoreno.org\/blog\/la-fiesta-del-fiesta\/\"><strong>Fiesta del Fiesta<\/strong><\/a>, de Canal Sur TV, que se celebrar\u00e1 en el campo del Hotel <strong>Antequera Golf a las 10,00 de la noche<\/strong>. La entrada es con invitaci\u00f3n.<\/p>\n<p>El viernes, d\u00eda 30, se ha programado un espect\u00e1culo infantil de magia, as\u00ed como las actuaciones de la cantante de copla Paqui \u00c1lvarez, Natural Orquesta y la gran revelaci\u00f3n del flamenco-pop, Nolasco, a medianoche, al que seguir\u00e1 Sinlache.<\/p>\n<p>El <strong>s\u00e1bado<\/strong> a mediod\u00eda, en la Caseta Municipal El Rinc\u00f3n de la Alegr\u00eda, habr\u00e1 <strong>degustaci\u00f3n<\/strong> de p\u00edo y <strong>porra antequerana<\/strong>, y los <a href=\"http:\/\/miguelmoreno.org\/blog\">verdiales<\/a> se har\u00e1n presentes con la Panda Juvenil de \u00c1lora (estilo Almog\u00eda) y la de Arroyo de Conca (estilo Comares), a las que seguir\u00e1 la copla de Marisol Delgado.<\/p>\n<p>Por la noche continuar\u00e1n las actuaciones infantiles y el p\u00fablico podr\u00e1 disfrutar del grupo de baile flamenco de Ana Pastrana, al que seguir\u00e1 el <a href=\"http:\/\/www.pastelero.es\/catalino.html\" target=\"_blank\">humorista Manolo \u00abEl Catalino\u00bb <\/a>y, como momento estelar de la feria, el inicio de la gira de verano de <strong>Camela<\/strong>, que presenta su nuevo trabajo, <strong>\u00abLaberinto de amor\u00bb<\/strong>. Una hora antes, a las 11,00 de la noche, la Caseta Municipal de Juventud El Mene\u00edto acoger\u00e1 la m\u00fasica del joven grupo de flamenquito pop Sirico.<\/p>\n<p>El domingo, \u00faltimo d\u00eda de las fiestas, est\u00e1 previsto por la ma\u00f1ana el tradicional concurso de porra antequerana, en la sede de la Sociedad Excursionista, con degustaci\u00f3n incluida. A mediod\u00eda se oficiar\u00e1 una misa rociera y se har\u00e1 una ofrenda floral a la Virgen de los Remedios, patrona de Antequera, en la iglesia de su advocaci\u00f3n. En esta actividad colabora el Coro Rociero de la Sociedad Excursionista.<\/p>\n<p>En El Rinc\u00f3n de la Alegr\u00eda se disfrutar\u00e1 con una degustaci\u00f3n de paella y la actuaci\u00f3n del cuarteto Azabache, al que tomar\u00e1 el relevo la artista de canci\u00f3n espa\u00f1ola Beatriz Zafra.<\/p>\n<p>Los ni\u00f1os disfrutar\u00e1n a primera hora de la noche de la adaptaci\u00f3n teatral del cuento de Caperucita Roja, de Espect\u00e1culos Ilusiones, para continuar con el grupo de baile flamenco de Maripaz Patricio, el cuarteto Azabache, los fuegos artificiales y la actuaci\u00f3n de copla de la artista malague\u00f1a  Roc\u00edo Cort\u00e9s.<\/p>\n<p>En lo que respecta a las casetas, habr\u00e1 ocho andaluzas y nueve de juventud en el recinto ferial, m\u00e1s otras cuatro de ma\u00f1ana en el centro: Mayor Dolor, Los Estudiantes, El Consuelo y Arriba.<\/p>\n<p>[youtube]WxzcnqVMQtU[\/youtube] Os dejamos con el Videclip \u00abCuando zarpa el amor\u00bb de Camela que fue realizado por Juan Antonio Bayona, realizador de \u00abEl orfanato\u00bb con gui\u00f3n de Sergio G. S\u00e1nchez (Bel\u00e9n Rueda, Fernando Cayo,Geraldine Chaplin) .<\/p>\n","protected":false},"excerpt":{"rendered":"<p>Francisco Rivera Ord\u00f3\u00f1ez es el gran atractivo del festejo taurino de la Feria de Primavera de Antequera, y junto con \u00c1ngel Teruel y Salvador Garc\u00eda (que toma la alternativa) lidiar\u00e1n el d\u00eda 1 de junio, a las 7,00 de la tarde, toros de la ganader\u00eda de Antonio Rubio-Macandro. Las fiestas, que se desarrollar\u00e1n el 30, &#8230; <\/p>\n<p class=\"read-more-container\"><a title=\"Feria de la Primavera de Antequera 2008\" class=\"read-more button\" href=\"https:\/\/miguelmoreno.org\/blog\/feria-de-primavera-de-antequera-2008\/#more-1362\" aria-label=\"Leer m\u00e1s sobre Feria de la Primavera de Antequera 2008\">M\u00e1s informaci\u00f3n<\/a><\/p>\n","protected":false},"author":5,"featured_media":0,"comment_status":"open","ping_status":"open","sticky":false,"template":"","format":"standard","meta":{"footnotes":""},"categories":[1495],"tags":[],"class_list":["post-1362","post","type-post","status-publish","format-standard","hentry","category-feria","masonry-post","generate-columns","tablet-grid-50","mobile-grid-100","grid-parent","grid-33"],"yoast_head":"<!-- This site is optimized with the Yoast SEO plugin v25.9 - https:\/\/yoast.com\/wordpress\/plugins\/seo\/ -->\n<title>camela en antequera<\/title>\n<meta name=\"description\" content=\"Os dejamos con el Videclip &quot;Cuando zarpa el amor&quot; de Camela que fue realizado por Juan Antonio Bayona, realizador de &quot;El orfanato&quot; con gui\u00f3n de Sergio G. S\u00e1nchez (Bel\u00e9n Rueda, Fernando Cayo,Geraldine Chaplin) .\" \/>\n<meta name=\"robots\" content=\"index, follow, max-snippet:-1, max-image-preview:large, max-video-preview:-1\" \/>\n<link rel=\"canonical\" href=\"https:\/\/miguelmoreno.org\/blog\/feria-de-primavera-de-antequera-2008\/\" \/>\n<meta name=\"twitter:label1\" content=\"Escrito por\" \/>\n\t<meta name=\"twitter:data1\" content=\"Se llama copla\" \/>\n\t<meta name=\"twitter:label2\" content=\"Tiempo de lectura\" \/>\n\t<meta name=\"twitter:data2\" content=\"3 minutos\" \/>\n<script type=\"application\/ld+json\" class=\"yoast-schema-graph\">{\"@context\":\"https:\/\/schema.org\",\"@graph\":[{\"@type\":\"WebPage\",\"@id\":\"https:\/\/miguelmoreno.org\/blog\/feria-de-primavera-de-antequera-2008\/\",\"url\":\"https:\/\/miguelmoreno.org\/blog\/feria-de-primavera-de-antequera-2008\/\",\"name\":\"camela en antequera\",\"isPartOf\":{\"@id\":\"https:\/\/miguelmoreno.org\/blog\/#website\"},\"datePublished\":\"2008-05-18T11:50:14+00:00\",\"dateModified\":\"2015-06-03T09:39:29+00:00\",\"author\":{\"@id\":\"https:\/\/miguelmoreno.org\/blog\/#\/schema\/person\/cde8639f19077551d0d59650a04b23d5\"},\"description\":\"Os dejamos con el Videclip \\\"Cuando zarpa el amor\\\" de Camela que fue realizado por Juan Antonio Bayona, realizador de \\\"El orfanato\\\" con gui\u00f3n de Sergio G. S\u00e1nchez (Bel\u00e9n Rueda, Fernando Cayo,Geraldine Chaplin) .\",\"breadcrumb\":{\"@id\":\"https:\/\/miguelmoreno.org\/blog\/feria-de-primavera-de-antequera-2008\/#breadcrumb\"},\"inLanguage\":\"es\",\"potentialAction\":[{\"@type\":\"ReadAction\",\"target\":[\"https:\/\/miguelmoreno.org\/blog\/feria-de-primavera-de-antequera-2008\/\"]}]},{\"@type\":\"BreadcrumbList\",\"@id\":\"https:\/\/miguelmoreno.org\/blog\/feria-de-primavera-de-antequera-2008\/#breadcrumb\",\"itemListElement\":[{\"@type\":\"ListItem\",\"position\":1,\"name\":\"Portada\",\"item\":\"https:\/\/miguelmoreno.org\/blog\/\"},{\"@type\":\"ListItem\",\"position\":2,\"name\":\"Feria de la Primavera de Antequera 2008\"}]},{\"@type\":\"WebSite\",\"@id\":\"https:\/\/miguelmoreno.org\/blog\/#website\",\"url\":\"https:\/\/miguelmoreno.org\/blog\/\",\"name\":\"El Blog del Sur\",\"description\":\"Cultura, conciertos, ferias, coplas...\",\"potentialAction\":[{\"@type\":\"SearchAction\",\"target\":{\"@type\":\"EntryPoint\",\"urlTemplate\":\"https:\/\/miguelmoreno.org\/blog\/?s={search_term_string}\"},\"query-input\":{\"@type\":\"PropertyValueSpecification\",\"valueRequired\":true,\"valueName\":\"search_term_string\"}}],\"inLanguage\":\"es\"},{\"@type\":\"Person\",\"@id\":\"https:\/\/miguelmoreno.org\/blog\/#\/schema\/person\/cde8639f19077551d0d59650a04b23d5\",\"name\":\"Se llama copla\",\"sameAs\":[\"https:\/\/miguelmoreno.org\/blog\",\"https:\/\/x.com\/coplasandalucia\"]}]}<\/script>\n<!-- \/ Yoast SEO plugin. -->","yoast_head_json":{"title":"camela en antequera","description":"Os dejamos con el Videclip \"Cuando zarpa el amor\" de Camela que fue realizado por Juan Antonio Bayona, realizador de \"El orfanato\" con gui\u00f3n de Sergio G. S\u00e1nchez (Bel\u00e9n Rueda, Fernando Cayo,Geraldine Chaplin) .","robots":{"index":"index","follow":"follow","max-snippet":"max-snippet:-1","max-image-preview":"max-image-preview:large","max-video-preview":"max-video-preview:-1"},"canonical":"https:\/\/miguelmoreno.org\/blog\/feria-de-primavera-de-antequera-2008\/","twitter_misc":{"Escrito por":"Se llama copla","Tiempo de lectura":"3 minutos"},"schema":{"@context":"https:\/\/schema.org","@graph":[{"@type":"WebPage","@id":"https:\/\/miguelmoreno.org\/blog\/feria-de-primavera-de-antequera-2008\/","url":"https:\/\/miguelmoreno.org\/blog\/feria-de-primavera-de-antequera-2008\/","name":"camela en antequera","isPartOf":{"@id":"https:\/\/miguelmoreno.org\/blog\/#website"},"datePublished":"2008-05-18T11:50:14+00:00","dateModified":"2015-06-03T09:39:29+00:00","author":{"@id":"https:\/\/miguelmoreno.org\/blog\/#\/schema\/person\/cde8639f19077551d0d59650a04b23d5"},"description":"Os dejamos con el Videclip \"Cuando zarpa el amor\" de Camela que fue realizado por Juan Antonio Bayona, realizador de \"El orfanato\" con gui\u00f3n de Sergio G. S\u00e1nchez (Bel\u00e9n Rueda, Fernando Cayo,Geraldine Chaplin) .","breadcrumb":{"@id":"https:\/\/miguelmoreno.org\/blog\/feria-de-primavera-de-antequera-2008\/#breadcrumb"},"inLanguage":"es","potentialAction":[{"@type":"ReadAction","target":["https:\/\/miguelmoreno.org\/blog\/feria-de-primavera-de-antequera-2008\/"]}]},{"@type":"BreadcrumbList","@id":"https:\/\/miguelmoreno.org\/blog\/feria-de-primavera-de-antequera-2008\/#breadcrumb","itemListElement":[{"@type":"ListItem","position":1,"name":"Portada","item":"https:\/\/miguelmoreno.org\/blog\/"},{"@type":"ListItem","position":2,"name":"Feria de la Primavera de Antequera 2008"}]},{"@type":"WebSite","@id":"https:\/\/miguelmoreno.org\/blog\/#website","url":"https:\/\/miguelmoreno.org\/blog\/","name":"El Blog del Sur","description":"Cultura, conciertos, ferias, coplas...","potentialAction":[{"@type":"SearchAction","target":{"@type":"EntryPoint","urlTemplate":"https:\/\/miguelmoreno.org\/blog\/?s={search_term_string}"},"query-input":{"@type":"PropertyValueSpecification","valueRequired":true,"valueName":"search_term_string"}}],"inLanguage":"es"},{"@type":"Person","@id":"https:\/\/miguelmoreno.org\/blog\/#\/schema\/person\/cde8639f19077551d0d59650a04b23d5","name":"Se llama copla","sameAs":["https:\/\/miguelmoreno.org\/blog","https:\/\/x.com\/coplasandalucia"]}]}},"_links":{"self":[{"href":"https:\/\/miguelmoreno.org\/blog\/wp-json\/wp\/v2\/posts\/1362","targetHints":{"allow":["GET"]}}],"collection":[{"href":"https:\/\/miguelmoreno.org\/blog\/wp-json\/wp\/v2\/posts"}],"about":[{"href":"https:\/\/miguelmoreno.org\/blog\/wp-json\/wp\/v2\/types\/post"}],"author":[{"embeddable":true,"href":"https:\/\/miguelmoreno.org\/blog\/wp-json\/wp\/v2\/users\/5"}],"replies":[{"embeddable":true,"href":"https:\/\/miguelmoreno.org\/blog\/wp-json\/wp\/v2\/comments?post=1362"}],"version-history":[{"count":0,"href":"https:\/\/miguelmoreno.org\/blog\/wp-json\/wp\/v2\/posts\/1362\/revisions"}],"wp:attachment":[{"href":"https:\/\/miguelmoreno.org\/blog\/wp-json\/wp\/v2\/media?parent=1362"}],"wp:term":[{"taxonomy":"category","embeddable":true,"href":"https:\/\/miguelmoreno.org\/blog\/wp-json\/wp\/v2\/categories?post=1362"},{"taxonomy":"post_tag","embeddable":true,"href":"https:\/\/miguelmoreno.org\/blog\/wp-json\/wp\/v2\/tags?post=1362"}],"curies":[{"name":"wp","href":"https:\/\/api.w.org\/{rel}","templated":true}]}}