{"id":1369,"date":"2008-05-23T23:39:35","date_gmt":"2008-05-23T21:39:35","guid":{"rendered":"http:\/\/www.miguelmoreno.org\/blog\/la-fiesta-del-fiesta\/"},"modified":"2011-05-25T23:31:14","modified_gmt":"2011-05-25T21:31:14","slug":"la-fiesta-del-fiesta","status":"publish","type":"post","link":"https:\/\/miguelmoreno.org\/blog\/la-fiesta-del-fiesta\/","title":{"rendered":"La Fiesta del Fiesta en Antequera Golf"},"content":{"rendered":"<p>El pr\u00f3ximo d\u00eda 29 de mayo tendr\u00e1 lugar en el Hotel Antequera Golf el concierto \u00ab<a href=\"https:\/\/www.miguelmoreno.org\/blog\/fiesta-del-fiesta-2011\/\">La Fiesta del Fiesta<\/a>\u00bb organizado por Canal Fiesta Radio.<br \/>\nActuaran El Canto del Loco, Chambao, Manolo Garcia, Melendi, Sergio Dalma, Carlos Baute, David de Mar\u00eda, Huecco, Diana Navarro, Sergio Contreras, Haze, Melody, Merche, El Arrebato, Julio Iglesias Jr., La Guardia, Gala \u00c9vora, Melocos, Beatriz Luengo, Sin Rumbo y Lucas Marciano.<\/p>\n<p>La entrada para la Fiesta del Fiesta es gratuita, por invitaci\u00f3n.<\/p>\n<p>Las invitaciones para la Fiesta del Fiesta se podr\u00e1n recoger en el Hotel Antequera Golf, campo de golf, Ayuntamiento de Antequera (\u00e1rea de Juventud) y Canal Sur (M\u00e1laga y Sevilla)<\/p>\n<p><!--more-->La Fiesta del Fiesta de Antequera Golf comenzar\u00e1 a las 22.00 horas y ser\u00e1 presentada por Mar\u00eda Espejo (Fiesta TV) y Micky Rodr\u00edguez (Canal Fiesta Radio).<\/p>\n<p>La apertura de puertas comenzar\u00e1 a las 17.00 horas, el servicio de autobuses-lanzadera desde el Hotel Antequera Golf hasta el campo de golf a partir de las 18.00 horas, y el cierre de acceso a la carretera hasta el campo de golf a las 21.00 horas. Existir\u00e1 servicio de barra-bar en el interior del campo de pr\u00e1cticas.<\/p>\n<p>La Fiesta del Fiesta de Antequera ser\u00e1 grabada por Canal 2 Andaluc\u00eda y emitida d\u00edas m\u00e1s tarde con motivo de la gala del 10\u00ba aniversario de esta cadena. En directo podr\u00e1 ser seguida a trav\u00e9s de Canal Fiesta Radio.<\/p>\n<p>Colaboran en la seguridad del evento la Polic\u00eda Local de Antequera, Polic\u00eda Nacional, Guardia Civil, Consorcio Provincial de Bomberos de Antequera, Cruz Roja y Protecci\u00f3n Civil, as\u00ed como la seguridad privada de Canal Sur y de Antequera Golf.<\/p>\n<p>Las instituciones que colaboran en el evento son el Ayuntamiento de Antequera y la Diputaci\u00f3n Provincial de M\u00e1laga.<\/p>\n<p>Este concierto ser\u00e1 un aperitivo de lujo que dar\u00e1 paso a la <a href=\"https:\/\/www.miguelmoreno.org\/blog\/feria-de-primavera-de-antequera-2008\/\">Feria de Antequera 2008<\/a><\/p>\n<p>Fuente <a href=\"http:\/\/www.hotelantequera.com\" target=\"_blank\">Hotel Antequera Golf<\/a><\/p>\n","protected":false},"excerpt":{"rendered":"<p>El pr\u00f3ximo d\u00eda 29 de mayo tendr\u00e1 lugar en el Hotel Antequera Golf el concierto \u00abLa Fiesta del Fiesta\u00bb organizado por Canal Fiesta Radio. Actuaran El Canto del Loco, Chambao, Manolo Garcia, Melendi, Sergio Dalma, Carlos Baute, David de Mar\u00eda, Huecco, Diana Navarro, Sergio Contreras, Haze, Melody, Merche, El Arrebato, Julio Iglesias Jr., La Guardia, &#8230; <\/p>\n<p class=\"read-more-container\"><a title=\"La Fiesta del Fiesta en Antequera Golf\" class=\"read-more button\" href=\"https:\/\/miguelmoreno.org\/blog\/la-fiesta-del-fiesta\/#more-1369\" aria-label=\"Leer m\u00e1s sobre La Fiesta del Fiesta en Antequera Golf\">M\u00e1s informaci\u00f3n<\/a><\/p>\n","protected":false},"author":5,"featured_media":0,"comment_status":"open","ping_status":"open","sticky":false,"template":"","format":"standard","meta":{"footnotes":""},"categories":[1],"tags":[],"class_list":["post-1369","post","type-post","status-publish","format-standard","hentry","category-general","masonry-post","generate-columns","tablet-grid-50","mobile-grid-100","grid-parent","grid-33"],"yoast_head":"<!-- This site is optimized with the Yoast SEO plugin v25.9 - https:\/\/yoast.com\/wordpress\/plugins\/seo\/ -->\n<title>La Fiesta del Fiesta de canal fiesta radio<\/title>\n<meta name=\"description\" content=\"El pr\u00f3ximo d\u00eda 29 de mayo tendr\u00e1 lugar en el Hotel Antequera Golf el concierto &quot;La Fiesta del Fiesta organizado por Canal Fiesta Radio. Actuaran El Canto del Loco, Chambao, Manolo Garcia, Melendi, Sergio Dalma, Carlos Baute, David de Mar\u00eda, Huecco, Diana Navarro, Sergio Contreras, Haze, Melody, Merche, El Arrebato, Julio Iglesias Jr., La Guardia, Gala \u00c9vora, Melocos, Beatriz Luengo, Sin Rumbo y Lucas Marciano. Las invitaciones para la Fiesta del Fiesta se podr\u00e1n recoger en el Hotel Antequera Golf, campo de golf, Ayuntamiento de Antequera (\u00e1rea de Juventud) y Canal Sur (M\u00e1laga y Sevilla)\" \/>\n<meta name=\"robots\" content=\"index, follow, max-snippet:-1, max-image-preview:large, max-video-preview:-1\" \/>\n<link rel=\"canonical\" href=\"https:\/\/miguelmoreno.org\/blog\/la-fiesta-del-fiesta\/\" \/>\n<meta name=\"twitter:label1\" content=\"Escrito por\" \/>\n\t<meta name=\"twitter:data1\" content=\"Se llama copla\" \/>\n\t<meta name=\"twitter:label2\" content=\"Tiempo de lectura\" \/>\n\t<meta name=\"twitter:data2\" content=\"2 minutos\" \/>\n<script type=\"application\/ld+json\" class=\"yoast-schema-graph\">{\"@context\":\"https:\/\/schema.org\",\"@graph\":[{\"@type\":\"WebPage\",\"@id\":\"https:\/\/miguelmoreno.org\/blog\/la-fiesta-del-fiesta\/\",\"url\":\"https:\/\/miguelmoreno.org\/blog\/la-fiesta-del-fiesta\/\",\"name\":\"La Fiesta del Fiesta de canal fiesta radio\",\"isPartOf\":{\"@id\":\"https:\/\/miguelmoreno.org\/blog\/#website\"},\"datePublished\":\"2008-05-23T21:39:35+00:00\",\"dateModified\":\"2011-05-25T21:31:14+00:00\",\"author\":{\"@id\":\"https:\/\/miguelmoreno.org\/blog\/#\/schema\/person\/cde8639f19077551d0d59650a04b23d5\"},\"description\":\"El pr\u00f3ximo d\u00eda 29 de mayo tendr\u00e1 lugar en el Hotel Antequera Golf el concierto \\\"La Fiesta del Fiesta organizado por Canal Fiesta Radio. Actuaran El Canto del Loco, Chambao, Manolo Garcia, Melendi, Sergio Dalma, Carlos Baute, David de Mar\u00eda, Huecco, Diana Navarro, Sergio Contreras, Haze, Melody, Merche, El Arrebato, Julio Iglesias Jr., La Guardia, Gala \u00c9vora, Melocos, Beatriz Luengo, Sin Rumbo y Lucas Marciano. Las invitaciones para la Fiesta del Fiesta se podr\u00e1n recoger en el Hotel Antequera Golf, campo de golf, Ayuntamiento de Antequera (\u00e1rea de Juventud) y Canal Sur (M\u00e1laga y Sevilla)\",\"breadcrumb\":{\"@id\":\"https:\/\/miguelmoreno.org\/blog\/la-fiesta-del-fiesta\/#breadcrumb\"},\"inLanguage\":\"es\",\"potentialAction\":[{\"@type\":\"ReadAction\",\"target\":[\"https:\/\/miguelmoreno.org\/blog\/la-fiesta-del-fiesta\/\"]}]},{\"@type\":\"BreadcrumbList\",\"@id\":\"https:\/\/miguelmoreno.org\/blog\/la-fiesta-del-fiesta\/#breadcrumb\",\"itemListElement\":[{\"@type\":\"ListItem\",\"position\":1,\"name\":\"Portada\",\"item\":\"https:\/\/miguelmoreno.org\/blog\/\"},{\"@type\":\"ListItem\",\"position\":2,\"name\":\"La Fiesta del Fiesta en Antequera Golf\"}]},{\"@type\":\"WebSite\",\"@id\":\"https:\/\/miguelmoreno.org\/blog\/#website\",\"url\":\"https:\/\/miguelmoreno.org\/blog\/\",\"name\":\"El Blog del Sur\",\"description\":\"Cultura, conciertos, ferias, coplas...\",\"potentialAction\":[{\"@type\":\"SearchAction\",\"target\":{\"@type\":\"EntryPoint\",\"urlTemplate\":\"https:\/\/miguelmoreno.org\/blog\/?s={search_term_string}\"},\"query-input\":{\"@type\":\"PropertyValueSpecification\",\"valueRequired\":true,\"valueName\":\"search_term_string\"}}],\"inLanguage\":\"es\"},{\"@type\":\"Person\",\"@id\":\"https:\/\/miguelmoreno.org\/blog\/#\/schema\/person\/cde8639f19077551d0d59650a04b23d5\",\"name\":\"Se llama copla\",\"sameAs\":[\"https:\/\/miguelmoreno.org\/blog\",\"https:\/\/x.com\/coplasandalucia\"]}]}<\/script>\n<!-- \/ Yoast SEO plugin. -->","yoast_head_json":{"title":"La Fiesta del Fiesta de canal fiesta radio","description":"El pr\u00f3ximo d\u00eda 29 de mayo tendr\u00e1 lugar en el Hotel Antequera Golf el concierto \"La Fiesta del Fiesta organizado por Canal Fiesta Radio. Actuaran El Canto del Loco, Chambao, Manolo Garcia, Melendi, Sergio Dalma, Carlos Baute, David de Mar\u00eda, Huecco, Diana Navarro, Sergio Contreras, Haze, Melody, Merche, El Arrebato, Julio Iglesias Jr., La Guardia, Gala \u00c9vora, Melocos, Beatriz Luengo, Sin Rumbo y Lucas Marciano. Las invitaciones para la Fiesta del Fiesta se podr\u00e1n recoger en el Hotel Antequera Golf, campo de golf, Ayuntamiento de Antequera (\u00e1rea de Juventud) y Canal Sur (M\u00e1laga y Sevilla)","robots":{"index":"index","follow":"follow","max-snippet":"max-snippet:-1","max-image-preview":"max-image-preview:large","max-video-preview":"max-video-preview:-1"},"canonical":"https:\/\/miguelmoreno.org\/blog\/la-fiesta-del-fiesta\/","twitter_misc":{"Escrito por":"Se llama copla","Tiempo de lectura":"2 minutos"},"schema":{"@context":"https:\/\/schema.org","@graph":[{"@type":"WebPage","@id":"https:\/\/miguelmoreno.org\/blog\/la-fiesta-del-fiesta\/","url":"https:\/\/miguelmoreno.org\/blog\/la-fiesta-del-fiesta\/","name":"La Fiesta del Fiesta de canal fiesta radio","isPartOf":{"@id":"https:\/\/miguelmoreno.org\/blog\/#website"},"datePublished":"2008-05-23T21:39:35+00:00","dateModified":"2011-05-25T21:31:14+00:00","author":{"@id":"https:\/\/miguelmoreno.org\/blog\/#\/schema\/person\/cde8639f19077551d0d59650a04b23d5"},"description":"El pr\u00f3ximo d\u00eda 29 de mayo tendr\u00e1 lugar en el Hotel Antequera Golf el concierto \"La Fiesta del Fiesta organizado por Canal Fiesta Radio. Actuaran El Canto del Loco, Chambao, Manolo Garcia, Melendi, Sergio Dalma, Carlos Baute, David de Mar\u00eda, Huecco, Diana Navarro, Sergio Contreras, Haze, Melody, Merche, El Arrebato, Julio Iglesias Jr., La Guardia, Gala \u00c9vora, Melocos, Beatriz Luengo, Sin Rumbo y Lucas Marciano. Las invitaciones para la Fiesta del Fiesta se podr\u00e1n recoger en el Hotel Antequera Golf, campo de golf, Ayuntamiento de Antequera (\u00e1rea de Juventud) y Canal Sur (M\u00e1laga y Sevilla)","breadcrumb":{"@id":"https:\/\/miguelmoreno.org\/blog\/la-fiesta-del-fiesta\/#breadcrumb"},"inLanguage":"es","potentialAction":[{"@type":"ReadAction","target":["https:\/\/miguelmoreno.org\/blog\/la-fiesta-del-fiesta\/"]}]},{"@type":"BreadcrumbList","@id":"https:\/\/miguelmoreno.org\/blog\/la-fiesta-del-fiesta\/#breadcrumb","itemListElement":[{"@type":"ListItem","position":1,"name":"Portada","item":"https:\/\/miguelmoreno.org\/blog\/"},{"@type":"ListItem","position":2,"name":"La Fiesta del Fiesta en Antequera Golf"}]},{"@type":"WebSite","@id":"https:\/\/miguelmoreno.org\/blog\/#website","url":"https:\/\/miguelmoreno.org\/blog\/","name":"El Blog del Sur","description":"Cultura, conciertos, ferias, coplas...","potentialAction":[{"@type":"SearchAction","target":{"@type":"EntryPoint","urlTemplate":"https:\/\/miguelmoreno.org\/blog\/?s={search_term_string}"},"query-input":{"@type":"PropertyValueSpecification","valueRequired":true,"valueName":"search_term_string"}}],"inLanguage":"es"},{"@type":"Person","@id":"https:\/\/miguelmoreno.org\/blog\/#\/schema\/person\/cde8639f19077551d0d59650a04b23d5","name":"Se llama copla","sameAs":["https:\/\/miguelmoreno.org\/blog","https:\/\/x.com\/coplasandalucia"]}]}},"_links":{"self":[{"href":"https:\/\/miguelmoreno.org\/blog\/wp-json\/wp\/v2\/posts\/1369","targetHints":{"allow":["GET"]}}],"collection":[{"href":"https:\/\/miguelmoreno.org\/blog\/wp-json\/wp\/v2\/posts"}],"about":[{"href":"https:\/\/miguelmoreno.org\/blog\/wp-json\/wp\/v2\/types\/post"}],"author":[{"embeddable":true,"href":"https:\/\/miguelmoreno.org\/blog\/wp-json\/wp\/v2\/users\/5"}],"replies":[{"embeddable":true,"href":"https:\/\/miguelmoreno.org\/blog\/wp-json\/wp\/v2\/comments?post=1369"}],"version-history":[{"count":0,"href":"https:\/\/miguelmoreno.org\/blog\/wp-json\/wp\/v2\/posts\/1369\/revisions"}],"wp:attachment":[{"href":"https:\/\/miguelmoreno.org\/blog\/wp-json\/wp\/v2\/media?parent=1369"}],"wp:term":[{"taxonomy":"category","embeddable":true,"href":"https:\/\/miguelmoreno.org\/blog\/wp-json\/wp\/v2\/categories?post=1369"},{"taxonomy":"post_tag","embeddable":true,"href":"https:\/\/miguelmoreno.org\/blog\/wp-json\/wp\/v2\/tags?post=1369"}],"curies":[{"name":"wp","href":"https:\/\/api.w.org\/{rel}","templated":true}]}}