{"id":1372,"date":"2008-05-28T18:05:52","date_gmt":"2008-05-28T16:05:52","guid":{"rendered":"http:\/\/www.miguelmoreno.org\/blog\/david-civera-sustituye-a-camela-en-la-feria-de-antequera\/"},"modified":"2008-05-28T19:22:55","modified_gmt":"2008-05-28T17:22:55","slug":"david-civera-sustituye-a-camela-en-la-feria-de-antequera","status":"publish","type":"post","link":"https:\/\/miguelmoreno.org\/blog\/david-civera-sustituye-a-camela-en-la-feria-de-antequera\/","title":{"rendered":"David Civera sustituye a Camela en la Feria de Antequera"},"content":{"rendered":"<p>David Civera ser\u00e1 finalmente la actuaci\u00f3n estelar de la <a href=\"https:\/\/www.miguelmoreno.org\/blog\/feria-de-primavera-de-antequera-2008\/\">Feria de Primavera de Antequera<\/a>, y actuar\u00e1 el s\u00e1bado, 31 de mayo, en la Caseta Municipal a medianoche, sustituyendo a Camela, grupo que no se podr\u00e1 desplazar debido a problemas de salud de uno de sus componentes.<br \/>\n[youtube]iwM-FH9tabs[\/youtube]<\/p>\n<p><!--more-->Como siempre, el acceso a las actuaciones musicales de la feria ser\u00e1 libre y gratuito. El viernes ser\u00e1n Nolasco y Sinlache los protagonistas musicales de las fiestas, y el domingo la artista de copla espa\u00f1ola Roc\u00edo Cort\u00e9s.David Civera naci\u00f3 en 1979 en Teruel. En 1997 particip\u00f3 en el concurso televisivo Lluvia de estrellas, con Bert\u00edn Osborne como presentador. Su paso por el programa le sirvi\u00f3 para que los responsables de Antena 3 le ofrecieran actuar en otro titulado Canciones de nuestra vida, en el que interpretaba temas mel\u00f3dicos.<\/p>\n<p>Un a\u00f1o despu\u00e9s grab\u00f3 su primer disco, Hoy como ayer, con temas compuestos e interpretados por \u00e9l mismo, en el que abundan las baladas rom\u00e1nticas. El disco fue producido por el propio David Civera.<\/p>\n<p>El momento decisivo en su carrera lleg\u00f3 cuando fue seleccionado para representar a Espa\u00f1a en el Festival de Eurovisi\u00f3n 2001. El tema elegido para la ocasi\u00f3n fue Dile que la quiero, un tema lleno de ritmo latino.<\/p>\n<p>Tras su paso por Eurovisi\u00f3n, David Civera grab\u00f3 un disco titulado, precisamente, Dile que la quiero, que dio paso a un nuevo trabajo, En cuerpo y alma, que le vali\u00f3 para conseguir el disco de platino con su conocido tema Que la detengan.<\/p>\n<p>En 2003 publica La Chiqui Big Band, que incluye uno de los \u00e9xitos rotundos de ese verano, el primer \u00absingle\u00bb Bye bye y un d\u00fao con David Bisbal.<\/p>\n<p>En 2008 David Civera publica su s\u00e9ptimo trabajo discogr\u00e1fico, titulado Para vivir contigo, un \u00e1lbum grabado en Barcelona y Mil\u00e1n bajo la direcci\u00f3n del productor Alejandro Abad. Se trata de un disco que se nutre de estilos diversos como la rumba y el pop. Este nuevo \u00e1lbum es un regreso a sus or\u00edgenes y tambi\u00e9n una evoluci\u00f3n que nace de su disco anterior.<\/p>\n","protected":false},"excerpt":{"rendered":"<p>David Civera ser\u00e1 finalmente la actuaci\u00f3n estelar de la Feria de Primavera de Antequera, y actuar\u00e1 el s\u00e1bado, 31 de mayo, en la Caseta Municipal a medianoche, sustituyendo a Camela, grupo que no se podr\u00e1 desplazar debido a problemas de salud de uno de sus componentes. [youtube]iwM-FH9tabs[\/youtube]<\/p>\n","protected":false},"author":5,"featured_media":0,"comment_status":"open","ping_status":"open","sticky":false,"template":"","format":"standard","meta":{"footnotes":""},"categories":[1495],"tags":[202],"class_list":["post-1372","post","type-post","status-publish","format-standard","hentry","category-feria","tag-feria","masonry-post","generate-columns","tablet-grid-50","mobile-grid-100","grid-parent","grid-33"],"yoast_head":"<!-- This site is optimized with the Yoast SEO plugin v25.9 - https:\/\/yoast.com\/wordpress\/plugins\/seo\/ -->\n<title>David Civera sustituye a Camela en la Feria de Antequera<\/title>\n<meta name=\"robots\" content=\"index, follow, max-snippet:-1, max-image-preview:large, max-video-preview:-1\" \/>\n<link rel=\"canonical\" href=\"https:\/\/miguelmoreno.org\/blog\/david-civera-sustituye-a-camela-en-la-feria-de-antequera\/\" \/>\n<meta name=\"twitter:label1\" content=\"Escrito por\" \/>\n\t<meta name=\"twitter:data1\" content=\"Se llama copla\" \/>\n\t<meta name=\"twitter:label2\" content=\"Tiempo de lectura\" \/>\n\t<meta name=\"twitter:data2\" content=\"2 minutos\" \/>\n<script type=\"application\/ld+json\" class=\"yoast-schema-graph\">{\"@context\":\"https:\/\/schema.org\",\"@graph\":[{\"@type\":\"WebPage\",\"@id\":\"https:\/\/miguelmoreno.org\/blog\/david-civera-sustituye-a-camela-en-la-feria-de-antequera\/\",\"url\":\"https:\/\/miguelmoreno.org\/blog\/david-civera-sustituye-a-camela-en-la-feria-de-antequera\/\",\"name\":\"David Civera sustituye a Camela en la Feria de Antequera\",\"isPartOf\":{\"@id\":\"https:\/\/miguelmoreno.org\/blog\/#website\"},\"datePublished\":\"2008-05-28T16:05:52+00:00\",\"dateModified\":\"2008-05-28T17:22:55+00:00\",\"author\":{\"@id\":\"https:\/\/miguelmoreno.org\/blog\/#\/schema\/person\/cde8639f19077551d0d59650a04b23d5\"},\"breadcrumb\":{\"@id\":\"https:\/\/miguelmoreno.org\/blog\/david-civera-sustituye-a-camela-en-la-feria-de-antequera\/#breadcrumb\"},\"inLanguage\":\"es\",\"potentialAction\":[{\"@type\":\"ReadAction\",\"target\":[\"https:\/\/miguelmoreno.org\/blog\/david-civera-sustituye-a-camela-en-la-feria-de-antequera\/\"]}]},{\"@type\":\"BreadcrumbList\",\"@id\":\"https:\/\/miguelmoreno.org\/blog\/david-civera-sustituye-a-camela-en-la-feria-de-antequera\/#breadcrumb\",\"itemListElement\":[{\"@type\":\"ListItem\",\"position\":1,\"name\":\"Portada\",\"item\":\"https:\/\/miguelmoreno.org\/blog\/\"},{\"@type\":\"ListItem\",\"position\":2,\"name\":\"David Civera sustituye a Camela en la Feria de Antequera\"}]},{\"@type\":\"WebSite\",\"@id\":\"https:\/\/miguelmoreno.org\/blog\/#website\",\"url\":\"https:\/\/miguelmoreno.org\/blog\/\",\"name\":\"El Blog del Sur\",\"description\":\"Cultura, conciertos, ferias, coplas...\",\"potentialAction\":[{\"@type\":\"SearchAction\",\"target\":{\"@type\":\"EntryPoint\",\"urlTemplate\":\"https:\/\/miguelmoreno.org\/blog\/?s={search_term_string}\"},\"query-input\":{\"@type\":\"PropertyValueSpecification\",\"valueRequired\":true,\"valueName\":\"search_term_string\"}}],\"inLanguage\":\"es\"},{\"@type\":\"Person\",\"@id\":\"https:\/\/miguelmoreno.org\/blog\/#\/schema\/person\/cde8639f19077551d0d59650a04b23d5\",\"name\":\"Se llama copla\",\"sameAs\":[\"https:\/\/miguelmoreno.org\/blog\",\"https:\/\/x.com\/coplasandalucia\"]}]}<\/script>\n<!-- \/ Yoast SEO plugin. -->","yoast_head_json":{"title":"David Civera sustituye a Camela en la Feria de Antequera","robots":{"index":"index","follow":"follow","max-snippet":"max-snippet:-1","max-image-preview":"max-image-preview:large","max-video-preview":"max-video-preview:-1"},"canonical":"https:\/\/miguelmoreno.org\/blog\/david-civera-sustituye-a-camela-en-la-feria-de-antequera\/","twitter_misc":{"Escrito por":"Se llama copla","Tiempo de lectura":"2 minutos"},"schema":{"@context":"https:\/\/schema.org","@graph":[{"@type":"WebPage","@id":"https:\/\/miguelmoreno.org\/blog\/david-civera-sustituye-a-camela-en-la-feria-de-antequera\/","url":"https:\/\/miguelmoreno.org\/blog\/david-civera-sustituye-a-camela-en-la-feria-de-antequera\/","name":"David Civera sustituye a Camela en la Feria de Antequera","isPartOf":{"@id":"https:\/\/miguelmoreno.org\/blog\/#website"},"datePublished":"2008-05-28T16:05:52+00:00","dateModified":"2008-05-28T17:22:55+00:00","author":{"@id":"https:\/\/miguelmoreno.org\/blog\/#\/schema\/person\/cde8639f19077551d0d59650a04b23d5"},"breadcrumb":{"@id":"https:\/\/miguelmoreno.org\/blog\/david-civera-sustituye-a-camela-en-la-feria-de-antequera\/#breadcrumb"},"inLanguage":"es","potentialAction":[{"@type":"ReadAction","target":["https:\/\/miguelmoreno.org\/blog\/david-civera-sustituye-a-camela-en-la-feria-de-antequera\/"]}]},{"@type":"BreadcrumbList","@id":"https:\/\/miguelmoreno.org\/blog\/david-civera-sustituye-a-camela-en-la-feria-de-antequera\/#breadcrumb","itemListElement":[{"@type":"ListItem","position":1,"name":"Portada","item":"https:\/\/miguelmoreno.org\/blog\/"},{"@type":"ListItem","position":2,"name":"David Civera sustituye a Camela en la Feria de Antequera"}]},{"@type":"WebSite","@id":"https:\/\/miguelmoreno.org\/blog\/#website","url":"https:\/\/miguelmoreno.org\/blog\/","name":"El Blog del Sur","description":"Cultura, conciertos, ferias, coplas...","potentialAction":[{"@type":"SearchAction","target":{"@type":"EntryPoint","urlTemplate":"https:\/\/miguelmoreno.org\/blog\/?s={search_term_string}"},"query-input":{"@type":"PropertyValueSpecification","valueRequired":true,"valueName":"search_term_string"}}],"inLanguage":"es"},{"@type":"Person","@id":"https:\/\/miguelmoreno.org\/blog\/#\/schema\/person\/cde8639f19077551d0d59650a04b23d5","name":"Se llama copla","sameAs":["https:\/\/miguelmoreno.org\/blog","https:\/\/x.com\/coplasandalucia"]}]}},"_links":{"self":[{"href":"https:\/\/miguelmoreno.org\/blog\/wp-json\/wp\/v2\/posts\/1372","targetHints":{"allow":["GET"]}}],"collection":[{"href":"https:\/\/miguelmoreno.org\/blog\/wp-json\/wp\/v2\/posts"}],"about":[{"href":"https:\/\/miguelmoreno.org\/blog\/wp-json\/wp\/v2\/types\/post"}],"author":[{"embeddable":true,"href":"https:\/\/miguelmoreno.org\/blog\/wp-json\/wp\/v2\/users\/5"}],"replies":[{"embeddable":true,"href":"https:\/\/miguelmoreno.org\/blog\/wp-json\/wp\/v2\/comments?post=1372"}],"version-history":[{"count":0,"href":"https:\/\/miguelmoreno.org\/blog\/wp-json\/wp\/v2\/posts\/1372\/revisions"}],"wp:attachment":[{"href":"https:\/\/miguelmoreno.org\/blog\/wp-json\/wp\/v2\/media?parent=1372"}],"wp:term":[{"taxonomy":"category","embeddable":true,"href":"https:\/\/miguelmoreno.org\/blog\/wp-json\/wp\/v2\/categories?post=1372"},{"taxonomy":"post_tag","embeddable":true,"href":"https:\/\/miguelmoreno.org\/blog\/wp-json\/wp\/v2\/tags?post=1372"}],"curies":[{"name":"wp","href":"https:\/\/api.w.org\/{rel}","templated":true}]}}