{"id":1425,"date":"2008-07-09T17:09:34","date_gmt":"2008-07-09T15:09:34","guid":{"rendered":"http:\/\/www.miguelmoreno.org\/blog\/cartel-feria-malaga-2008\/"},"modified":"2015-06-03T23:57:55","modified_gmt":"2015-06-03T21:57:55","slug":"cartel-feria-malaga-2008","status":"publish","type":"post","link":"https:\/\/miguelmoreno.org\/blog\/cartel-feria-malaga-2008\/","title":{"rendered":"Cartel de la Feria de M\u00e1laga 2008"},"content":{"rendered":"<p>&nbsp;<\/p>\n<figure id=\"attachment_7416\" aria-describedby=\"caption-attachment-7416\" style=\"width: 474px\" class=\"wp-caption alignnone\"><img loading=\"lazy\" decoding=\"async\" src=\"https:\/\/www.miguelmoreno.org\/blog\/wp-content\/uploads\/2008\/07\/cartel-feria-malaga-2008.jpg\" alt=\"Cartel de la Feria de M\u00e1laga 2008\" width=\"484\" height=\"711\" class=\"size-full wp-image-7416\" srcset=\"https:\/\/miguelmoreno.org\/blog\/wp-content\/uploads\/2008\/07\/cartel-feria-malaga-2008.jpg 484w, https:\/\/miguelmoreno.org\/blog\/wp-content\/uploads\/2008\/07\/cartel-feria-malaga-2008-204x300.jpg 204w\" sizes=\"auto, (max-width: 484px) 100vw, 484px\" \/><figcaption id=\"caption-attachment-7416\" class=\"wp-caption-text\">Cartel de la Feria de M\u00e1laga 2008<\/figcaption><\/figure>\n<p><a href=\"http:\/\/es.wikipedia.org\/wiki\/Francisco_Hern%C3%A1ndez_D%C3%ADaz\" title=\"francisco hernandez\"><!--more-->Francisco Hern\u00e1ndez<\/a> nace en Melilla en 1932, y a los diecis\u00e9is a\u00f1os pinta para el altar mayor de la iglesia del convento de Santiago, en V\u00e9lez-M\u00e1laga, el cuadro central y el friso. Ingresa en la Escuela Superior de Bellas Artes de San Fernando (Madrid) en 1956 y viaja por Francia, Alemania, Suiza e Italia, donde conoce al pintor Giorgio Morandi. Regresa a Espa\u00f1a en 1960 y realiza un mural para la Caja de Ahorros de M\u00e1laga. En 1966 lleva a cabo el mural del baptisterio de la iglesia parroquial de C\u00f3mpeta y a\u00f1o m\u00e1s tarde el del altar mayor de la iglesia de San Juan de V\u00e9lez-M\u00e1laga.<br \/>\nCuenta con el Premio March de Bellas Artes, Premio Colectivo Internacional de la XXXV Bienal de Venecia y Premio Nacional de Dibujo de la revista Correo del Arte. El 1985 fue nombrado acad\u00e9mico de n\u00famero de la Real Academia de San Telmo de M\u00e1laga.<br \/>\nHern\u00e1ndez est\u00e1 representado en el Museo del Patrimonio Municipal de M\u00e1laga, Museo de Bellas Artes (M\u00e1laga), Museo Diocesano (M\u00e1laga), Museo de Artes Populares (M\u00e1laga), Museo de Arte Contempor\u00e1neo (Santander), Palacio de la Zarzuela (Madrid), Palacio de la Marquesa de Santa Cruz (Madrid), Instituci\u00f3n Buckley (Connetticut-EEUU), Museo de Arte Flamenco (Jerez de la Frontera), Hotel Miguel \u00c1ngel (Madrid), Museo de Arte Contempor\u00e1neo del Vaticano.<br \/>\nDesde 1945, a\u00f1o en que mostr\u00f3 por primera vez p\u00fablicamente sus dibujos en V\u00e9lez M\u00e1laga, Hern\u00e1ndez ha expuesto su obra, de manera individual y colectiva, en numerosas ciudades espa\u00f1olas y del extranjero (Barcelona, Madrid, Palma de Mallorca, Hannover, Johannesburgo, Buenos Aires, Venecia, Bruselas, Viena, Munich, Kunt Konstal, Sao Paulo, Sevilla, etc.), y en repetidas ocasiones ha mostrado su obra en M\u00e1laga.<\/p>\n<p>fuente <a href=\"http:\/\/malaga.eu\">Ayto de M\u00e1laga <\/a><\/p>\n","protected":false},"excerpt":{"rendered":"<p>&nbsp;<\/p>\n","protected":false},"author":5,"featured_media":0,"comment_status":"open","ping_status":"open","sticky":false,"template":"","format":"standard","meta":{"footnotes":""},"categories":[1495,12],"tags":[202],"class_list":["post-1425","post","type-post","status-publish","format-standard","hentry","category-feria","category-malaga","tag-feria","masonry-post","generate-columns","tablet-grid-50","mobile-grid-100","grid-parent","grid-33"],"yoast_head":"<!-- This site is optimized with the Yoast SEO plugin v25.9 - https:\/\/yoast.com\/wordpress\/plugins\/seo\/ -->\n<title>Cartel de la Feria de M\u00e1laga 2008<\/title>\n<meta name=\"robots\" content=\"index, follow, max-snippet:-1, max-image-preview:large, max-video-preview:-1\" \/>\n<link rel=\"canonical\" href=\"https:\/\/miguelmoreno.org\/blog\/cartel-feria-malaga-2008\/\" \/>\n<meta name=\"twitter:label1\" content=\"Escrito por\" \/>\n\t<meta name=\"twitter:data1\" content=\"Se llama copla\" \/>\n\t<meta name=\"twitter:label2\" content=\"Tiempo de lectura\" \/>\n\t<meta name=\"twitter:data2\" content=\"2 minutos\" \/>\n<script type=\"application\/ld+json\" class=\"yoast-schema-graph\">{\"@context\":\"https:\/\/schema.org\",\"@graph\":[{\"@type\":\"WebPage\",\"@id\":\"https:\/\/miguelmoreno.org\/blog\/cartel-feria-malaga-2008\/\",\"url\":\"https:\/\/miguelmoreno.org\/blog\/cartel-feria-malaga-2008\/\",\"name\":\"Cartel de la Feria de M\u00e1laga 2008\",\"isPartOf\":{\"@id\":\"https:\/\/miguelmoreno.org\/blog\/#website\"},\"primaryImageOfPage\":{\"@id\":\"https:\/\/miguelmoreno.org\/blog\/cartel-feria-malaga-2008\/#primaryimage\"},\"image\":{\"@id\":\"https:\/\/miguelmoreno.org\/blog\/cartel-feria-malaga-2008\/#primaryimage\"},\"thumbnailUrl\":\"https:\/\/www.miguelmoreno.org\/blog\/wp-content\/uploads\/2008\/07\/cartel-feria-malaga-2008.jpg\",\"datePublished\":\"2008-07-09T15:09:34+00:00\",\"dateModified\":\"2015-06-03T21:57:55+00:00\",\"author\":{\"@id\":\"https:\/\/miguelmoreno.org\/blog\/#\/schema\/person\/cde8639f19077551d0d59650a04b23d5\"},\"breadcrumb\":{\"@id\":\"https:\/\/miguelmoreno.org\/blog\/cartel-feria-malaga-2008\/#breadcrumb\"},\"inLanguage\":\"es\",\"potentialAction\":[{\"@type\":\"ReadAction\",\"target\":[\"https:\/\/miguelmoreno.org\/blog\/cartel-feria-malaga-2008\/\"]}]},{\"@type\":\"ImageObject\",\"inLanguage\":\"es\",\"@id\":\"https:\/\/miguelmoreno.org\/blog\/cartel-feria-malaga-2008\/#primaryimage\",\"url\":\"https:\/\/www.miguelmoreno.org\/blog\/wp-content\/uploads\/2008\/07\/cartel-feria-malaga-2008.jpg\",\"contentUrl\":\"https:\/\/www.miguelmoreno.org\/blog\/wp-content\/uploads\/2008\/07\/cartel-feria-malaga-2008.jpg\"},{\"@type\":\"BreadcrumbList\",\"@id\":\"https:\/\/miguelmoreno.org\/blog\/cartel-feria-malaga-2008\/#breadcrumb\",\"itemListElement\":[{\"@type\":\"ListItem\",\"position\":1,\"name\":\"Portada\",\"item\":\"https:\/\/miguelmoreno.org\/blog\/\"},{\"@type\":\"ListItem\",\"position\":2,\"name\":\"Cartel de la Feria de M\u00e1laga 2008\"}]},{\"@type\":\"WebSite\",\"@id\":\"https:\/\/miguelmoreno.org\/blog\/#website\",\"url\":\"https:\/\/miguelmoreno.org\/blog\/\",\"name\":\"El Blog del Sur\",\"description\":\"Cultura, conciertos, ferias, coplas...\",\"potentialAction\":[{\"@type\":\"SearchAction\",\"target\":{\"@type\":\"EntryPoint\",\"urlTemplate\":\"https:\/\/miguelmoreno.org\/blog\/?s={search_term_string}\"},\"query-input\":{\"@type\":\"PropertyValueSpecification\",\"valueRequired\":true,\"valueName\":\"search_term_string\"}}],\"inLanguage\":\"es\"},{\"@type\":\"Person\",\"@id\":\"https:\/\/miguelmoreno.org\/blog\/#\/schema\/person\/cde8639f19077551d0d59650a04b23d5\",\"name\":\"Se llama copla\",\"sameAs\":[\"https:\/\/miguelmoreno.org\/blog\",\"https:\/\/x.com\/coplasandalucia\"]}]}<\/script>\n<!-- \/ Yoast SEO plugin. -->","yoast_head_json":{"title":"Cartel de la Feria de M\u00e1laga 2008","robots":{"index":"index","follow":"follow","max-snippet":"max-snippet:-1","max-image-preview":"max-image-preview:large","max-video-preview":"max-video-preview:-1"},"canonical":"https:\/\/miguelmoreno.org\/blog\/cartel-feria-malaga-2008\/","twitter_misc":{"Escrito por":"Se llama copla","Tiempo de lectura":"2 minutos"},"schema":{"@context":"https:\/\/schema.org","@graph":[{"@type":"WebPage","@id":"https:\/\/miguelmoreno.org\/blog\/cartel-feria-malaga-2008\/","url":"https:\/\/miguelmoreno.org\/blog\/cartel-feria-malaga-2008\/","name":"Cartel de la Feria de M\u00e1laga 2008","isPartOf":{"@id":"https:\/\/miguelmoreno.org\/blog\/#website"},"primaryImageOfPage":{"@id":"https:\/\/miguelmoreno.org\/blog\/cartel-feria-malaga-2008\/#primaryimage"},"image":{"@id":"https:\/\/miguelmoreno.org\/blog\/cartel-feria-malaga-2008\/#primaryimage"},"thumbnailUrl":"https:\/\/www.miguelmoreno.org\/blog\/wp-content\/uploads\/2008\/07\/cartel-feria-malaga-2008.jpg","datePublished":"2008-07-09T15:09:34+00:00","dateModified":"2015-06-03T21:57:55+00:00","author":{"@id":"https:\/\/miguelmoreno.org\/blog\/#\/schema\/person\/cde8639f19077551d0d59650a04b23d5"},"breadcrumb":{"@id":"https:\/\/miguelmoreno.org\/blog\/cartel-feria-malaga-2008\/#breadcrumb"},"inLanguage":"es","potentialAction":[{"@type":"ReadAction","target":["https:\/\/miguelmoreno.org\/blog\/cartel-feria-malaga-2008\/"]}]},{"@type":"ImageObject","inLanguage":"es","@id":"https:\/\/miguelmoreno.org\/blog\/cartel-feria-malaga-2008\/#primaryimage","url":"https:\/\/www.miguelmoreno.org\/blog\/wp-content\/uploads\/2008\/07\/cartel-feria-malaga-2008.jpg","contentUrl":"https:\/\/www.miguelmoreno.org\/blog\/wp-content\/uploads\/2008\/07\/cartel-feria-malaga-2008.jpg"},{"@type":"BreadcrumbList","@id":"https:\/\/miguelmoreno.org\/blog\/cartel-feria-malaga-2008\/#breadcrumb","itemListElement":[{"@type":"ListItem","position":1,"name":"Portada","item":"https:\/\/miguelmoreno.org\/blog\/"},{"@type":"ListItem","position":2,"name":"Cartel de la Feria de M\u00e1laga 2008"}]},{"@type":"WebSite","@id":"https:\/\/miguelmoreno.org\/blog\/#website","url":"https:\/\/miguelmoreno.org\/blog\/","name":"El Blog del Sur","description":"Cultura, conciertos, ferias, coplas...","potentialAction":[{"@type":"SearchAction","target":{"@type":"EntryPoint","urlTemplate":"https:\/\/miguelmoreno.org\/blog\/?s={search_term_string}"},"query-input":{"@type":"PropertyValueSpecification","valueRequired":true,"valueName":"search_term_string"}}],"inLanguage":"es"},{"@type":"Person","@id":"https:\/\/miguelmoreno.org\/blog\/#\/schema\/person\/cde8639f19077551d0d59650a04b23d5","name":"Se llama copla","sameAs":["https:\/\/miguelmoreno.org\/blog","https:\/\/x.com\/coplasandalucia"]}]}},"_links":{"self":[{"href":"https:\/\/miguelmoreno.org\/blog\/wp-json\/wp\/v2\/posts\/1425","targetHints":{"allow":["GET"]}}],"collection":[{"href":"https:\/\/miguelmoreno.org\/blog\/wp-json\/wp\/v2\/posts"}],"about":[{"href":"https:\/\/miguelmoreno.org\/blog\/wp-json\/wp\/v2\/types\/post"}],"author":[{"embeddable":true,"href":"https:\/\/miguelmoreno.org\/blog\/wp-json\/wp\/v2\/users\/5"}],"replies":[{"embeddable":true,"href":"https:\/\/miguelmoreno.org\/blog\/wp-json\/wp\/v2\/comments?post=1425"}],"version-history":[{"count":0,"href":"https:\/\/miguelmoreno.org\/blog\/wp-json\/wp\/v2\/posts\/1425\/revisions"}],"wp:attachment":[{"href":"https:\/\/miguelmoreno.org\/blog\/wp-json\/wp\/v2\/media?parent=1425"}],"wp:term":[{"taxonomy":"category","embeddable":true,"href":"https:\/\/miguelmoreno.org\/blog\/wp-json\/wp\/v2\/categories?post=1425"},{"taxonomy":"post_tag","embeddable":true,"href":"https:\/\/miguelmoreno.org\/blog\/wp-json\/wp\/v2\/tags?post=1425"}],"curies":[{"name":"wp","href":"https:\/\/api.w.org\/{rel}","templated":true}]}}