{"id":1513,"date":"2008-09-15T20:13:19","date_gmt":"2008-09-15T18:13:19","guid":{"rendered":"http:\/\/www.miguelmoreno.org\/blog\/animacor-2008\/"},"modified":"2008-09-15T20:13:19","modified_gmt":"2008-09-15T18:13:19","slug":"animacor-2008","status":"publish","type":"post","link":"https:\/\/miguelmoreno.org\/blog\/animacor-2008\/","title":{"rendered":"Festival Internacional de Animaci\u00f3n de C\u00f3rdoba, ANIMACOR 2008"},"content":{"rendered":"<p>El IV Festival Internacional de Animaci\u00f3n de C\u00f3rdoba, ANIMACOR&#8217;08, que se celebrar\u00e1 del 3 al 8 de Noviembre, contar\u00e1 con 53 obras en su Secci\u00f3n Oficial Competitiva. El comit\u00e9 de selecci\u00f3n, compuesto por profesionales del sector como los animadores Mat\u00edas Marcos, Juan Antonio P\u00e9rez Gama, Manuel Trujillo Mena, y el dise\u00f1ador de fondos Miguel \u00c1ngel A\u00edsa, ha seleccionado 6 largometrajes, 7 series de TV y 43 cortometrajes.El Festival ha recibido este a\u00f1o un total de 273 obras (12 largometrajes, 23 series y 238 cortometrajes), 24 t\u00edtulos m\u00e1s que en la edici\u00f3n anterior. Destaca tambi\u00e9n la presencia cada vez mayor de obras procedentes de Andaluc\u00eda (2 series de TV, 2 largometrajes y 13 cortometrajes) y la creciente calidad de las obras recibidas.<\/p>\n<p><!--more-->La cuarta edici\u00f3n de este certamen, patrocinado por la Diputaci\u00f3n de C\u00f3rdoba, el Consorcio Provincial de Desarrollo Econ\u00f3mico, la Delegaci\u00f3n de Cultura de la Junta de Andaluc\u00eda, la Delegaci\u00f3n de Igualdad y Bienestar Social &#8211; Instituto Andaluz de la Juventud y la Delegaci\u00f3n de Agricultura y Pesca, contar\u00e1 con trabajos procedentes de diversos pa\u00edses: EE.UU., Francia, Alemania, M\u00e9xico, Australia, Argentina, B\u00e9lgica, Canad\u00e1, Alemania, Croacia, Suiza, Portugal, Italia, Hungr\u00eda, Rusia, Pa\u00edses Bajos, Reino Unido y Espa\u00f1a. ANIMACOR&#8217;08 apuesta con esta amplia representaci\u00f3n por convertir, un a\u00f1o m\u00e1s, la ciudad de C\u00f3rdoba en el escaparate de la animaci\u00f3n internacional.<\/p>\n<p><a href=\"http:\/\/www.dipucordoba.es\/prensa\/nota-de-prensa.php?id=11341\" title=\"animacor08\" target=\"_blank\">m\u00e1s informaci\u00f3n<\/a><\/p>\n","protected":false},"excerpt":{"rendered":"<p>El IV Festival Internacional de Animaci\u00f3n de C\u00f3rdoba, ANIMACOR&#8217;08, que se celebrar\u00e1 del 3 al 8 de Noviembre, contar\u00e1 con 53 obras en su Secci\u00f3n Oficial Competitiva. El comit\u00e9 de selecci\u00f3n, compuesto por profesionales del sector como los animadores Mat\u00edas Marcos, Juan Antonio P\u00e9rez Gama, Manuel Trujillo Mena, y el dise\u00f1ador de fondos Miguel \u00c1ngel &#8230; <\/p>\n<p class=\"read-more-container\"><a title=\"Festival Internacional de Animaci\u00f3n de C\u00f3rdoba, ANIMACOR 2008\" class=\"read-more button\" href=\"https:\/\/miguelmoreno.org\/blog\/animacor-2008\/#more-1513\" aria-label=\"Leer m\u00e1s sobre Festival Internacional de Animaci\u00f3n de C\u00f3rdoba, ANIMACOR 2008\">M\u00e1s informaci\u00f3n<\/a><\/p>\n","protected":false},"author":5,"featured_media":0,"comment_status":"open","ping_status":"open","sticky":false,"template":"","format":"standard","meta":{"footnotes":""},"categories":[1],"tags":[1503],"class_list":["post-1513","post","type-post","status-publish","format-standard","hentry","category-general","tag-cordoba","masonry-post","generate-columns","tablet-grid-50","mobile-grid-100","grid-parent","grid-33"],"yoast_head":"<!-- This site is optimized with the Yoast SEO plugin v25.9 - https:\/\/yoast.com\/wordpress\/plugins\/seo\/ -->\n<title>Festival Internacional de Animaci\u00f3n de C\u00f3rdoba, ANIMACOR 2008<\/title>\n<meta name=\"robots\" content=\"index, follow, max-snippet:-1, max-image-preview:large, max-video-preview:-1\" \/>\n<link rel=\"canonical\" href=\"https:\/\/miguelmoreno.org\/blog\/animacor-2008\/\" \/>\n<meta name=\"twitter:label1\" content=\"Escrito por\" \/>\n\t<meta name=\"twitter:data1\" content=\"Se llama copla\" \/>\n\t<meta name=\"twitter:label2\" content=\"Tiempo de lectura\" \/>\n\t<meta name=\"twitter:data2\" content=\"1 minuto\" \/>\n<script type=\"application\/ld+json\" class=\"yoast-schema-graph\">{\"@context\":\"https:\/\/schema.org\",\"@graph\":[{\"@type\":\"WebPage\",\"@id\":\"https:\/\/miguelmoreno.org\/blog\/animacor-2008\/\",\"url\":\"https:\/\/miguelmoreno.org\/blog\/animacor-2008\/\",\"name\":\"Festival Internacional de Animaci\u00f3n de C\u00f3rdoba, ANIMACOR 2008\",\"isPartOf\":{\"@id\":\"https:\/\/miguelmoreno.org\/blog\/#website\"},\"datePublished\":\"2008-09-15T18:13:19+00:00\",\"author\":{\"@id\":\"https:\/\/miguelmoreno.org\/blog\/#\/schema\/person\/cde8639f19077551d0d59650a04b23d5\"},\"breadcrumb\":{\"@id\":\"https:\/\/miguelmoreno.org\/blog\/animacor-2008\/#breadcrumb\"},\"inLanguage\":\"es\",\"potentialAction\":[{\"@type\":\"ReadAction\",\"target\":[\"https:\/\/miguelmoreno.org\/blog\/animacor-2008\/\"]}]},{\"@type\":\"BreadcrumbList\",\"@id\":\"https:\/\/miguelmoreno.org\/blog\/animacor-2008\/#breadcrumb\",\"itemListElement\":[{\"@type\":\"ListItem\",\"position\":1,\"name\":\"Portada\",\"item\":\"https:\/\/miguelmoreno.org\/blog\/\"},{\"@type\":\"ListItem\",\"position\":2,\"name\":\"Festival Internacional de Animaci\u00f3n de C\u00f3rdoba, ANIMACOR 2008\"}]},{\"@type\":\"WebSite\",\"@id\":\"https:\/\/miguelmoreno.org\/blog\/#website\",\"url\":\"https:\/\/miguelmoreno.org\/blog\/\",\"name\":\"El Blog del Sur\",\"description\":\"Cultura, conciertos, ferias, coplas...\",\"potentialAction\":[{\"@type\":\"SearchAction\",\"target\":{\"@type\":\"EntryPoint\",\"urlTemplate\":\"https:\/\/miguelmoreno.org\/blog\/?s={search_term_string}\"},\"query-input\":{\"@type\":\"PropertyValueSpecification\",\"valueRequired\":true,\"valueName\":\"search_term_string\"}}],\"inLanguage\":\"es\"},{\"@type\":\"Person\",\"@id\":\"https:\/\/miguelmoreno.org\/blog\/#\/schema\/person\/cde8639f19077551d0d59650a04b23d5\",\"name\":\"Se llama copla\",\"sameAs\":[\"https:\/\/miguelmoreno.org\/blog\",\"https:\/\/x.com\/coplasandalucia\"]}]}<\/script>\n<!-- \/ Yoast SEO plugin. -->","yoast_head_json":{"title":"Festival Internacional de Animaci\u00f3n de C\u00f3rdoba, ANIMACOR 2008","robots":{"index":"index","follow":"follow","max-snippet":"max-snippet:-1","max-image-preview":"max-image-preview:large","max-video-preview":"max-video-preview:-1"},"canonical":"https:\/\/miguelmoreno.org\/blog\/animacor-2008\/","twitter_misc":{"Escrito por":"Se llama copla","Tiempo de lectura":"1 minuto"},"schema":{"@context":"https:\/\/schema.org","@graph":[{"@type":"WebPage","@id":"https:\/\/miguelmoreno.org\/blog\/animacor-2008\/","url":"https:\/\/miguelmoreno.org\/blog\/animacor-2008\/","name":"Festival Internacional de Animaci\u00f3n de C\u00f3rdoba, ANIMACOR 2008","isPartOf":{"@id":"https:\/\/miguelmoreno.org\/blog\/#website"},"datePublished":"2008-09-15T18:13:19+00:00","author":{"@id":"https:\/\/miguelmoreno.org\/blog\/#\/schema\/person\/cde8639f19077551d0d59650a04b23d5"},"breadcrumb":{"@id":"https:\/\/miguelmoreno.org\/blog\/animacor-2008\/#breadcrumb"},"inLanguage":"es","potentialAction":[{"@type":"ReadAction","target":["https:\/\/miguelmoreno.org\/blog\/animacor-2008\/"]}]},{"@type":"BreadcrumbList","@id":"https:\/\/miguelmoreno.org\/blog\/animacor-2008\/#breadcrumb","itemListElement":[{"@type":"ListItem","position":1,"name":"Portada","item":"https:\/\/miguelmoreno.org\/blog\/"},{"@type":"ListItem","position":2,"name":"Festival Internacional de Animaci\u00f3n de C\u00f3rdoba, ANIMACOR 2008"}]},{"@type":"WebSite","@id":"https:\/\/miguelmoreno.org\/blog\/#website","url":"https:\/\/miguelmoreno.org\/blog\/","name":"El Blog del Sur","description":"Cultura, conciertos, ferias, coplas...","potentialAction":[{"@type":"SearchAction","target":{"@type":"EntryPoint","urlTemplate":"https:\/\/miguelmoreno.org\/blog\/?s={search_term_string}"},"query-input":{"@type":"PropertyValueSpecification","valueRequired":true,"valueName":"search_term_string"}}],"inLanguage":"es"},{"@type":"Person","@id":"https:\/\/miguelmoreno.org\/blog\/#\/schema\/person\/cde8639f19077551d0d59650a04b23d5","name":"Se llama copla","sameAs":["https:\/\/miguelmoreno.org\/blog","https:\/\/x.com\/coplasandalucia"]}]}},"_links":{"self":[{"href":"https:\/\/miguelmoreno.org\/blog\/wp-json\/wp\/v2\/posts\/1513","targetHints":{"allow":["GET"]}}],"collection":[{"href":"https:\/\/miguelmoreno.org\/blog\/wp-json\/wp\/v2\/posts"}],"about":[{"href":"https:\/\/miguelmoreno.org\/blog\/wp-json\/wp\/v2\/types\/post"}],"author":[{"embeddable":true,"href":"https:\/\/miguelmoreno.org\/blog\/wp-json\/wp\/v2\/users\/5"}],"replies":[{"embeddable":true,"href":"https:\/\/miguelmoreno.org\/blog\/wp-json\/wp\/v2\/comments?post=1513"}],"version-history":[{"count":0,"href":"https:\/\/miguelmoreno.org\/blog\/wp-json\/wp\/v2\/posts\/1513\/revisions"}],"wp:attachment":[{"href":"https:\/\/miguelmoreno.org\/blog\/wp-json\/wp\/v2\/media?parent=1513"}],"wp:term":[{"taxonomy":"category","embeddable":true,"href":"https:\/\/miguelmoreno.org\/blog\/wp-json\/wp\/v2\/categories?post=1513"},{"taxonomy":"post_tag","embeddable":true,"href":"https:\/\/miguelmoreno.org\/blog\/wp-json\/wp\/v2\/tags?post=1513"}],"curies":[{"name":"wp","href":"https:\/\/api.w.org\/{rel}","templated":true}]}}