{"id":2052,"date":"2009-05-07T09:41:14","date_gmt":"2009-05-07T07:41:14","guid":{"rendered":"http:\/\/www.miguelmoreno.org\/blog\/?p=2052"},"modified":"2009-05-07T22:50:17","modified_gmt":"2009-05-07T20:50:17","slug":"patios-de-cordoba-2009","status":"publish","type":"post","link":"https:\/\/miguelmoreno.org\/blog\/patios-de-cordoba-2009\/","title":{"rendered":"Patios de C\u00f3rdoba 2009"},"content":{"rendered":"<p><!--more-->Horarios de visitas Patios en Concurso:<\/p>\n<p>De domingo a jueves: de 11 a 14 y de 19 a 23 h Viernes y s\u00e1bados: de 11 a 14 y de 19 a 24 h<\/p>\n<p>Los patios Fuera de Concurso tiene horarios ,especiales, en algunos casos restringidos. La entrada al Alcazar de los Re\u00acyes Cristianos ser\u00e1 gratuita los mi\u00e9rcoles.<\/p>\n<p>MIERCOLES 6 DE MAYO<br \/>\nPATIO DE LAS CAMPANAS (22&#8217;00 H.)<br \/>\n\u2022 Orquesta de Guitarra de C\u00f3rdoba. Jos\u00e9 Manuel Hierro. JUEVES 7 DE MAYO.<br \/>\nJARDINES ALCAZAR REYES CRISTIANOS (22 &#8217;00 H.) CONCIERTOS EXTRAORDINARIOS \u00abFESTIVAL DE PATIOS\u00bb &#8211; MANUEL MOLlNA \u00abRAICES\u00bb<br \/>\n&#8211; ROSARIO TOLEDO (Baile)<br \/>\nEntrada Libre hasta completar aforo. VIERNES 8 DE MAYO<br \/>\nJARDINES ALCAZAR REYES CRISTIANOS (22 &#8217;00 H.)<br \/>\n\u2022 CONCIERTO CORDOBA ABANICO DE COPLAS: Paqui Torres y Maite Moreno.<br \/>\nEntrada: 12 \u20ac (anticipado) 15\u20ac (en taquilla). Punto de venta: Fuentes Guerra.<br \/>\nVIERNES 8 DE MAYO<br \/>\nLOCAL A.W. ALCAZAR VIEJO (22&#8217;00 H.)<\/p>\n<p>\u2022 Espect\u00e1culo Bord\u00f3n y Marfil, a la guitarra \u00abNi\u00f1o Sebe\u00bb y al piano Juan Antonio Sanchez.<br \/>\nSABADO 9 DE MAYO<br \/>\nLOCAL A.W. ALCAZAR VIEJO (22&#8217;00 H.)<br \/>\n\u2022 Flamenco en Patios, a la guitarra Paco de Dios, Sergio Gavil\u00e1n, Eva de Dios y Anabel Castillo.<br \/>\nSABADO 9 DE MAYO<br \/>\nJARDINES ALCAZAR REYES CRISTIANOS (22 &#8217;00 H.)<br \/>\n\u2022 CONCIERTOS EXTRAORDINARIOS \u00abFESTIVAL DE PATIOS\u00bb TAKAT\u00c1<br \/>\nArtistas: EA + TOMASITO + LA NEGRA. Entrada: 5 \u20ac<br \/>\nMARTES 12 DE MAYO<br \/>\nPATIO DEL ZOCO (22 &#8217;00 H.)<br \/>\n\u2022 Gala Vencedores del Concurso de la Copla \u00abCiudad de C\u00f3rdoba\u00bb<\/p>\n<p>Act\u00faan: Fco. Antonio Contreras, Laura M\u00bb. Larrea, Inmaculada Paniagua.<br \/>\nMIERCOLES 13 DE MAYO<br \/>\nPATIO DE LAS CAMPANAS (22&#8217;00 H.) \u2022 Cuadro Flamenco de Rafael Trenas. JUEVES 14 DE MAYO<br \/>\nPLAZA DE LA CORREDERA (22 &#8217;00 H.)<br \/>\n\u2022 CONCIERTOS EXTRAORDINARIOS \u00abFESTIVAL DE PATIOS\u00bb &#8211; Actuaci\u00f3n: CAPULLO DE JEREZY SU GRUPO.<br \/>\n&#8211; Estefan\u00eda Cuevas y Jes\u00fas Majuelos (Baile).<br \/>\nJUEVES 14 DE MAYO<br \/>\nPATIO DE LAS CAMPANAS (22 &#8217;00 H.)<br \/>\n\u2022 Asociaci\u00f3n Danza y Copla presenta: Carmen. Patrocina: Delegaci\u00f3n de Cultura del Ayuntamiento VIERNES 15 DE MAYO<br \/>\nPLAZA DE LA CORREDERA (22 &#8217;00 H.) \u20221 FESTIVAL FLAMENCO DE C\u00d3RDOBA<br \/>\nArtista invitado: CANCANILLA DE MAR BELLA<br \/>\nCantan: Curro de Utrera, Rafael Montilla \u00abChaparro&#8217;~ Lucas de Ecija, Curro D\u00edaz, David Pino.<br \/>\nVIERNES 15 DE MAYO<br \/>\nPATIO DE LAS CAMPANAS (22 &#8217;00 H.)<br \/>\n\u2022 Asociaci\u00f3n Danza y Copla presenta: Carmen Patrocina: Delegaci\u00f3n de Cultura del Ayuntamiento VIERNES 15 DE MAYO<br \/>\nENTORNO DE LA CALAHORRA (22 &#8217;00 H.)<br \/>\n\u2022 XV FESTIVAL FLAMENCO CRUZANDO EL RIO<br \/>\nAl Cante: Antonio de Patrocinio, El Jaro, El Troya.<\/p>\n<p>A la guitarra: Antonio de Patrocinio hijo, Paco Gonz\u00e1lez. VIERNES 15 DE MAYO<br \/>\nLOCAL A .W. ALCAZAR VIEJO (22&#8217;00 H.) \u2022 M\u00fasica en vivo.<br \/>\nSABADO 16 DE MAYO<br \/>\nPLAZA DE LA CORREDERA (22 &#8217;00 H.)<\/p>\n<p>\u2022 CONCIERTOS EXTRAORDINARIOS \u00abFESTIVAL DE PATIOS\u00bb &#8211; LA MACANITA Y SU GRUPO.<br \/>\n&#8211; Lauren Granados (baile).<br \/>\nSABADO 16 DE MAYO<br \/>\nJARDINES ALC\u00c1ZAR REYES CRISTIANOS (22 &#8217;00 H.)<\/p>\n<p>\u2022 CONCIERTOS EXTRAORDINARIOS \u00abFESTIVAL DE PATIOS\u00bb CON MANUEL CARRASCO.<br \/>\nEntrada: 18 \u20ac en venta anticipada. 21 \u20ac en taquilla. SABADO 16 DE MAYO<br \/>\nENTORNO DE LA CALAHORRA (22&#8243;00 H.)<br \/>\n\u2022 XV FESTIVAL FLAMENCO CRUZANDO EL RIO<br \/>\nAl Cante: Rafael Montilla \u00abChaparro&#8217;~ Salako de C\u00f3rdoba, Rosal\u00eda de C\u00f3rdoba.<br \/>\nA la Guitarra: Rafael Montilla Recio. SABADO 16 DE MAYO<br \/>\nLOCAL A.W. ALCAZAR VIEJO (22 &#8217;00 H.) \u2022 M\u00fasica en vivo.<\/p>\n<p><a href=\"http:\/\/www.cordoba.es\/images\/stories\/documentos\/Ayuntamiento\/Organismos_Autonomos_y_Empresas_Municipales\/desplegable_patios_09_a.pdf\" target=\"_blank\">M\u00e1s informaci\u00f3n<\/a><\/p>\n","protected":false},"excerpt":{"rendered":"","protected":false},"author":5,"featured_media":0,"comment_status":"open","ping_status":"open","sticky":false,"template":"","format":"standard","meta":{"footnotes":""},"categories":[1],"tags":[1503],"class_list":["post-2052","post","type-post","status-publish","format-standard","hentry","category-general","tag-cordoba","masonry-post","generate-columns","tablet-grid-50","mobile-grid-100","grid-parent","grid-33"],"yoast_head":"<!-- This site is optimized with the Yoast SEO plugin v25.9 - https:\/\/yoast.com\/wordpress\/plugins\/seo\/ -->\n<title>Patios de C\u00f3rdoba 2009<\/title>\n<meta name=\"robots\" content=\"index, follow, max-snippet:-1, max-image-preview:large, max-video-preview:-1\" \/>\n<link rel=\"canonical\" href=\"https:\/\/miguelmoreno.org\/blog\/patios-de-cordoba-2009\/\" \/>\n<meta name=\"twitter:label1\" content=\"Escrito por\" \/>\n\t<meta name=\"twitter:data1\" content=\"Se llama copla\" \/>\n\t<meta name=\"twitter:label2\" content=\"Tiempo de lectura\" \/>\n\t<meta name=\"twitter:data2\" content=\"3 minutos\" \/>\n<script type=\"application\/ld+json\" class=\"yoast-schema-graph\">{\"@context\":\"https:\/\/schema.org\",\"@graph\":[{\"@type\":\"WebPage\",\"@id\":\"https:\/\/miguelmoreno.org\/blog\/patios-de-cordoba-2009\/\",\"url\":\"https:\/\/miguelmoreno.org\/blog\/patios-de-cordoba-2009\/\",\"name\":\"Patios de C\u00f3rdoba 2009\",\"isPartOf\":{\"@id\":\"https:\/\/miguelmoreno.org\/blog\/#website\"},\"datePublished\":\"2009-05-07T07:41:14+00:00\",\"dateModified\":\"2009-05-07T20:50:17+00:00\",\"author\":{\"@id\":\"https:\/\/miguelmoreno.org\/blog\/#\/schema\/person\/cde8639f19077551d0d59650a04b23d5\"},\"breadcrumb\":{\"@id\":\"https:\/\/miguelmoreno.org\/blog\/patios-de-cordoba-2009\/#breadcrumb\"},\"inLanguage\":\"es\",\"potentialAction\":[{\"@type\":\"ReadAction\",\"target\":[\"https:\/\/miguelmoreno.org\/blog\/patios-de-cordoba-2009\/\"]}]},{\"@type\":\"BreadcrumbList\",\"@id\":\"https:\/\/miguelmoreno.org\/blog\/patios-de-cordoba-2009\/#breadcrumb\",\"itemListElement\":[{\"@type\":\"ListItem\",\"position\":1,\"name\":\"Portada\",\"item\":\"https:\/\/miguelmoreno.org\/blog\/\"},{\"@type\":\"ListItem\",\"position\":2,\"name\":\"Patios de C\u00f3rdoba 2009\"}]},{\"@type\":\"WebSite\",\"@id\":\"https:\/\/miguelmoreno.org\/blog\/#website\",\"url\":\"https:\/\/miguelmoreno.org\/blog\/\",\"name\":\"El Blog del Sur\",\"description\":\"Cultura, conciertos, ferias, coplas...\",\"potentialAction\":[{\"@type\":\"SearchAction\",\"target\":{\"@type\":\"EntryPoint\",\"urlTemplate\":\"https:\/\/miguelmoreno.org\/blog\/?s={search_term_string}\"},\"query-input\":{\"@type\":\"PropertyValueSpecification\",\"valueRequired\":true,\"valueName\":\"search_term_string\"}}],\"inLanguage\":\"es\"},{\"@type\":\"Person\",\"@id\":\"https:\/\/miguelmoreno.org\/blog\/#\/schema\/person\/cde8639f19077551d0d59650a04b23d5\",\"name\":\"Se llama copla\",\"sameAs\":[\"https:\/\/miguelmoreno.org\/blog\",\"https:\/\/x.com\/coplasandalucia\"]}]}<\/script>\n<!-- \/ Yoast SEO plugin. -->","yoast_head_json":{"title":"Patios de C\u00f3rdoba 2009","robots":{"index":"index","follow":"follow","max-snippet":"max-snippet:-1","max-image-preview":"max-image-preview:large","max-video-preview":"max-video-preview:-1"},"canonical":"https:\/\/miguelmoreno.org\/blog\/patios-de-cordoba-2009\/","twitter_misc":{"Escrito por":"Se llama copla","Tiempo de lectura":"3 minutos"},"schema":{"@context":"https:\/\/schema.org","@graph":[{"@type":"WebPage","@id":"https:\/\/miguelmoreno.org\/blog\/patios-de-cordoba-2009\/","url":"https:\/\/miguelmoreno.org\/blog\/patios-de-cordoba-2009\/","name":"Patios de C\u00f3rdoba 2009","isPartOf":{"@id":"https:\/\/miguelmoreno.org\/blog\/#website"},"datePublished":"2009-05-07T07:41:14+00:00","dateModified":"2009-05-07T20:50:17+00:00","author":{"@id":"https:\/\/miguelmoreno.org\/blog\/#\/schema\/person\/cde8639f19077551d0d59650a04b23d5"},"breadcrumb":{"@id":"https:\/\/miguelmoreno.org\/blog\/patios-de-cordoba-2009\/#breadcrumb"},"inLanguage":"es","potentialAction":[{"@type":"ReadAction","target":["https:\/\/miguelmoreno.org\/blog\/patios-de-cordoba-2009\/"]}]},{"@type":"BreadcrumbList","@id":"https:\/\/miguelmoreno.org\/blog\/patios-de-cordoba-2009\/#breadcrumb","itemListElement":[{"@type":"ListItem","position":1,"name":"Portada","item":"https:\/\/miguelmoreno.org\/blog\/"},{"@type":"ListItem","position":2,"name":"Patios de C\u00f3rdoba 2009"}]},{"@type":"WebSite","@id":"https:\/\/miguelmoreno.org\/blog\/#website","url":"https:\/\/miguelmoreno.org\/blog\/","name":"El Blog del Sur","description":"Cultura, conciertos, ferias, coplas...","potentialAction":[{"@type":"SearchAction","target":{"@type":"EntryPoint","urlTemplate":"https:\/\/miguelmoreno.org\/blog\/?s={search_term_string}"},"query-input":{"@type":"PropertyValueSpecification","valueRequired":true,"valueName":"search_term_string"}}],"inLanguage":"es"},{"@type":"Person","@id":"https:\/\/miguelmoreno.org\/blog\/#\/schema\/person\/cde8639f19077551d0d59650a04b23d5","name":"Se llama copla","sameAs":["https:\/\/miguelmoreno.org\/blog","https:\/\/x.com\/coplasandalucia"]}]}},"_links":{"self":[{"href":"https:\/\/miguelmoreno.org\/blog\/wp-json\/wp\/v2\/posts\/2052","targetHints":{"allow":["GET"]}}],"collection":[{"href":"https:\/\/miguelmoreno.org\/blog\/wp-json\/wp\/v2\/posts"}],"about":[{"href":"https:\/\/miguelmoreno.org\/blog\/wp-json\/wp\/v2\/types\/post"}],"author":[{"embeddable":true,"href":"https:\/\/miguelmoreno.org\/blog\/wp-json\/wp\/v2\/users\/5"}],"replies":[{"embeddable":true,"href":"https:\/\/miguelmoreno.org\/blog\/wp-json\/wp\/v2\/comments?post=2052"}],"version-history":[{"count":0,"href":"https:\/\/miguelmoreno.org\/blog\/wp-json\/wp\/v2\/posts\/2052\/revisions"}],"wp:attachment":[{"href":"https:\/\/miguelmoreno.org\/blog\/wp-json\/wp\/v2\/media?parent=2052"}],"wp:term":[{"taxonomy":"category","embeddable":true,"href":"https:\/\/miguelmoreno.org\/blog\/wp-json\/wp\/v2\/categories?post=2052"},{"taxonomy":"post_tag","embeddable":true,"href":"https:\/\/miguelmoreno.org\/blog\/wp-json\/wp\/v2\/tags?post=2052"}],"curies":[{"name":"wp","href":"https:\/\/api.w.org\/{rel}","templated":true}]}}