{"id":2062,"date":"2009-05-08T09:35:54","date_gmt":"2009-05-08T07:35:54","guid":{"rendered":"http:\/\/www.miguelmoreno.org\/blog\/?p=2062"},"modified":"2015-06-04T00:11:04","modified_gmt":"2015-06-03T22:11:04","slug":"noche-blanco-malaga-2009","status":"publish","type":"post","link":"https:\/\/miguelmoreno.org\/blog\/noche-blanco-malaga-2009\/","title":{"rendered":"La noche en blanco en M\u00e1laga"},"content":{"rendered":"<p>La <strong>noche en blanco<\/strong> son actividades en <strong>cerca de 70 espacios<\/strong> tanto abiertos como cerrados de la ciudad. As\u00ed <strong>abrir\u00e1n durante esa noche 10 museos, 10 salas de exposiciones, 9 galer\u00edas de arte, 3 teatros, 6 edificios emblem\u00e1ticos, 9 espacios de colectivos culturales de la ciudad y m\u00e1s de una veintena de espacios al aire libre<\/strong>.<\/p>\n<p><!--more-->A los participantes de la anterior edici\u00f3n, se han unido en 2009<strong> instituciones p\u00fablicas como la delegaci\u00f3n de Cultura de la Junta de Andaluc\u00eda, Museo Picasso M\u00e1laga y el \u00c1rea de Cultura y Educaci\u00f3n de la Diputaci\u00f3n. Tambi\u00e9n se han querido sumar entidades como la Escuela de Arte San Telmo, Ateneo de M\u00e1laga, Art Natura y museos como el Museo del Vino o el Museo del Flamenco. Otras entidades como FNAC M\u00e1laga, Grupo Fotogr\u00e1fico Aula 7, Colegio San Estanislao de Kotska o galer\u00edas de arte como Cartel Fine Art, Taller Gravura o Colectivo Espacio Tres tambi\u00e9n se suman a esta noche.<\/strong><\/p>\n<p>Con respecto al a\u00f1o pasado, se ha aumentado el n\u00famero de participantes, pasando de una veintena a los m\u00e1s de medio centenar en 2009. Se han duplicado las actividades: <strong>m\u00e1s de 70 propuestas repartidas por espacios cerrados y abiertos de la ciudad<\/strong>: <strong>exposiciones, museos, m\u00fasica, danza, teatro, visitas extraordinarias, videocreaciones, instalaciones art\u00edsticas, proyecciones&#8230;<\/strong>, que el ciudadano podr\u00e1 elegir a lo largo de las 7 horas del s\u00e1bado 9 de mayo.<\/p>\n<p>M\u00e1s informaci\u00f3n sobre la noche en blanco de M\u00e1laga 2009:<\/p>\n<ul>\n<li id=\"pagweb\"><strong>programaci\u00f3n. <\/strong><strong><\/strong><\/li>\n<li id=\"pagweb\"><strong>resumen programaci\u00f3n y planos <\/strong><strong><\/strong><\/li>\n<li id=\"pagweb\">espacios.<\/li>\n<li id=\"pagweb\">horario.<\/li>\n<li id=\"pagweb\">imagen.<\/li>\n<li id=\"pagweb\">previos.<\/li>\n<\/ul>\n","protected":false},"excerpt":{"rendered":"<p>La noche en blanco son actividades en cerca de 70 espacios tanto abiertos como cerrados de la ciudad. As\u00ed abrir\u00e1n durante esa noche 10 museos, 10 salas de exposiciones, 9 galer\u00edas de arte, 3 teatros, 6 edificios emblem\u00e1ticos, 9 espacios de colectivos culturales de la ciudad y m\u00e1s de una veintena de espacios al aire &#8230; <\/p>\n<p class=\"read-more-container\"><a title=\"La noche en blanco en M\u00e1laga\" class=\"read-more button\" href=\"https:\/\/miguelmoreno.org\/blog\/noche-blanco-malaga-2009\/#more-2062\" aria-label=\"Leer m\u00e1s sobre La noche en blanco en M\u00e1laga\">M\u00e1s informaci\u00f3n<\/a><\/p>\n","protected":false},"author":5,"featured_media":0,"comment_status":"open","ping_status":"open","sticky":false,"template":"","format":"standard","meta":{"footnotes":""},"categories":[12,1478],"tags":[],"class_list":["post-2062","post","type-post","status-publish","format-standard","hentry","category-malaga","category-musica","masonry-post","generate-columns","tablet-grid-50","mobile-grid-100","grid-parent","grid-33"],"yoast_head":"<!-- This site is optimized with the Yoast SEO plugin v25.9 - https:\/\/yoast.com\/wordpress\/plugins\/seo\/ -->\n<title>La noche en blanco en M\u00e1laga<\/title>\n<meta name=\"robots\" content=\"index, follow, max-snippet:-1, max-image-preview:large, max-video-preview:-1\" \/>\n<link rel=\"canonical\" href=\"https:\/\/miguelmoreno.org\/blog\/noche-blanco-malaga-2009\/\" \/>\n<meta name=\"twitter:label1\" content=\"Escrito por\" \/>\n\t<meta name=\"twitter:data1\" content=\"Se llama copla\" \/>\n\t<meta name=\"twitter:label2\" content=\"Tiempo de lectura\" \/>\n\t<meta name=\"twitter:data2\" content=\"1 minuto\" \/>\n<script type=\"application\/ld+json\" class=\"yoast-schema-graph\">{\"@context\":\"https:\/\/schema.org\",\"@graph\":[{\"@type\":\"WebPage\",\"@id\":\"https:\/\/miguelmoreno.org\/blog\/noche-blanco-malaga-2009\/\",\"url\":\"https:\/\/miguelmoreno.org\/blog\/noche-blanco-malaga-2009\/\",\"name\":\"La noche en blanco en M\u00e1laga\",\"isPartOf\":{\"@id\":\"https:\/\/miguelmoreno.org\/blog\/#website\"},\"datePublished\":\"2009-05-08T07:35:54+00:00\",\"dateModified\":\"2015-06-03T22:11:04+00:00\",\"author\":{\"@id\":\"https:\/\/miguelmoreno.org\/blog\/#\/schema\/person\/cde8639f19077551d0d59650a04b23d5\"},\"breadcrumb\":{\"@id\":\"https:\/\/miguelmoreno.org\/blog\/noche-blanco-malaga-2009\/#breadcrumb\"},\"inLanguage\":\"es\",\"potentialAction\":[{\"@type\":\"ReadAction\",\"target\":[\"https:\/\/miguelmoreno.org\/blog\/noche-blanco-malaga-2009\/\"]}]},{\"@type\":\"BreadcrumbList\",\"@id\":\"https:\/\/miguelmoreno.org\/blog\/noche-blanco-malaga-2009\/#breadcrumb\",\"itemListElement\":[{\"@type\":\"ListItem\",\"position\":1,\"name\":\"Portada\",\"item\":\"https:\/\/miguelmoreno.org\/blog\/\"},{\"@type\":\"ListItem\",\"position\":2,\"name\":\"La noche en blanco en M\u00e1laga\"}]},{\"@type\":\"WebSite\",\"@id\":\"https:\/\/miguelmoreno.org\/blog\/#website\",\"url\":\"https:\/\/miguelmoreno.org\/blog\/\",\"name\":\"El Blog del Sur\",\"description\":\"Cultura, conciertos, ferias, coplas...\",\"potentialAction\":[{\"@type\":\"SearchAction\",\"target\":{\"@type\":\"EntryPoint\",\"urlTemplate\":\"https:\/\/miguelmoreno.org\/blog\/?s={search_term_string}\"},\"query-input\":{\"@type\":\"PropertyValueSpecification\",\"valueRequired\":true,\"valueName\":\"search_term_string\"}}],\"inLanguage\":\"es\"},{\"@type\":\"Person\",\"@id\":\"https:\/\/miguelmoreno.org\/blog\/#\/schema\/person\/cde8639f19077551d0d59650a04b23d5\",\"name\":\"Se llama copla\",\"sameAs\":[\"https:\/\/miguelmoreno.org\/blog\",\"https:\/\/x.com\/coplasandalucia\"]}]}<\/script>\n<!-- \/ Yoast SEO plugin. -->","yoast_head_json":{"title":"La noche en blanco en M\u00e1laga","robots":{"index":"index","follow":"follow","max-snippet":"max-snippet:-1","max-image-preview":"max-image-preview:large","max-video-preview":"max-video-preview:-1"},"canonical":"https:\/\/miguelmoreno.org\/blog\/noche-blanco-malaga-2009\/","twitter_misc":{"Escrito por":"Se llama copla","Tiempo de lectura":"1 minuto"},"schema":{"@context":"https:\/\/schema.org","@graph":[{"@type":"WebPage","@id":"https:\/\/miguelmoreno.org\/blog\/noche-blanco-malaga-2009\/","url":"https:\/\/miguelmoreno.org\/blog\/noche-blanco-malaga-2009\/","name":"La noche en blanco en M\u00e1laga","isPartOf":{"@id":"https:\/\/miguelmoreno.org\/blog\/#website"},"datePublished":"2009-05-08T07:35:54+00:00","dateModified":"2015-06-03T22:11:04+00:00","author":{"@id":"https:\/\/miguelmoreno.org\/blog\/#\/schema\/person\/cde8639f19077551d0d59650a04b23d5"},"breadcrumb":{"@id":"https:\/\/miguelmoreno.org\/blog\/noche-blanco-malaga-2009\/#breadcrumb"},"inLanguage":"es","potentialAction":[{"@type":"ReadAction","target":["https:\/\/miguelmoreno.org\/blog\/noche-blanco-malaga-2009\/"]}]},{"@type":"BreadcrumbList","@id":"https:\/\/miguelmoreno.org\/blog\/noche-blanco-malaga-2009\/#breadcrumb","itemListElement":[{"@type":"ListItem","position":1,"name":"Portada","item":"https:\/\/miguelmoreno.org\/blog\/"},{"@type":"ListItem","position":2,"name":"La noche en blanco en M\u00e1laga"}]},{"@type":"WebSite","@id":"https:\/\/miguelmoreno.org\/blog\/#website","url":"https:\/\/miguelmoreno.org\/blog\/","name":"El Blog del Sur","description":"Cultura, conciertos, ferias, coplas...","potentialAction":[{"@type":"SearchAction","target":{"@type":"EntryPoint","urlTemplate":"https:\/\/miguelmoreno.org\/blog\/?s={search_term_string}"},"query-input":{"@type":"PropertyValueSpecification","valueRequired":true,"valueName":"search_term_string"}}],"inLanguage":"es"},{"@type":"Person","@id":"https:\/\/miguelmoreno.org\/blog\/#\/schema\/person\/cde8639f19077551d0d59650a04b23d5","name":"Se llama copla","sameAs":["https:\/\/miguelmoreno.org\/blog","https:\/\/x.com\/coplasandalucia"]}]}},"_links":{"self":[{"href":"https:\/\/miguelmoreno.org\/blog\/wp-json\/wp\/v2\/posts\/2062","targetHints":{"allow":["GET"]}}],"collection":[{"href":"https:\/\/miguelmoreno.org\/blog\/wp-json\/wp\/v2\/posts"}],"about":[{"href":"https:\/\/miguelmoreno.org\/blog\/wp-json\/wp\/v2\/types\/post"}],"author":[{"embeddable":true,"href":"https:\/\/miguelmoreno.org\/blog\/wp-json\/wp\/v2\/users\/5"}],"replies":[{"embeddable":true,"href":"https:\/\/miguelmoreno.org\/blog\/wp-json\/wp\/v2\/comments?post=2062"}],"version-history":[{"count":0,"href":"https:\/\/miguelmoreno.org\/blog\/wp-json\/wp\/v2\/posts\/2062\/revisions"}],"wp:attachment":[{"href":"https:\/\/miguelmoreno.org\/blog\/wp-json\/wp\/v2\/media?parent=2062"}],"wp:term":[{"taxonomy":"category","embeddable":true,"href":"https:\/\/miguelmoreno.org\/blog\/wp-json\/wp\/v2\/categories?post=2062"},{"taxonomy":"post_tag","embeddable":true,"href":"https:\/\/miguelmoreno.org\/blog\/wp-json\/wp\/v2\/tags?post=2062"}],"curies":[{"name":"wp","href":"https:\/\/api.w.org\/{rel}","templated":true}]}}