{"id":2102,"date":"2009-05-18T10:20:57","date_gmt":"2009-05-18T08:20:57","guid":{"rendered":"http:\/\/www.miguelmoreno.org\/blog\/?p=2102"},"modified":"2009-05-18T10:23:53","modified_gmt":"2009-05-18T08:23:53","slug":"feria-de-cordoba-2009","status":"publish","type":"post","link":"https:\/\/miguelmoreno.org\/blog\/feria-de-cordoba-2009\/","title":{"rendered":"Feria de Cordoba 2009"},"content":{"rendered":"<p>La Feria de Cordoba empieza el Viernes 22 de Mayo<\/p>\n<p>La Feria de Nuestra Se\u00f1ora de la Salud de C\u00f3rdoba es una feria que se celebra anualmente en C\u00f3rdoba en los dos \u00faltimos fines de semana de mayo. La feria tiene un car\u00e1cter popular y abierto, conforme al esp\u00edritu tradicional y peculiar de la Feria<\/p>\n<p>Es una feria eminentemente festiva para disfrute de los cordobeses compuesta de m\u00e1s de cien casetas con sus correspondientes actos festivos como actuaciones musicales, de baile, entre otras, as\u00ed como decenas de atracciones y puestos de t\u00f3mbolas, gominolas, arrop\u00edas, repartidas por el Real de la Feria, etc. Se celebra junto al <a title=\"R\u00edo Guadalquivir\" href=\"http:\/\/wikanda.cordobapedia.es\/wiki\/R%C3%ADo_Guadalquivir\">r\u00edo Guadalquivir<\/a> en el recinto de El Arenal desde el a\u00f1o <a title=\"1994\" href=\"http:\/\/wikanda.cordobapedia.es\/wiki\/1994\">1994<\/a>.<\/p>\n<p>Su origen se sit\u00faa en el a\u00f1o <a title=\"1284\" href=\"http:\/\/wikanda.cordobapedia.es\/wiki\/1284\">1284<\/a>, contando <a title=\"Historia de la Feria de Nuestra Se\u00f1ora de la Salud\" href=\"http:\/\/wikanda.cordobapedia.es\/wiki\/Historia_de_la_Feria_de_Nuestra_Se%C3%B1ora_de_la_Salud\">con casi ocho siglos de historia<\/a>.<\/p>\n<p><a title=\"Historia de la Feria de Nuestra Se\u00f1ora de la Salud\" href=\"http:\/\/wikanda.cordobapedia.es\/wiki\/Historia_de_la_Feria_de_Nuestra_Se%C3%B1ora_de_la_Salud\">M\u00e1s informaci\u00f3n sobre la historia de la Feria de Nuestra Se\u00f1ora de la Salud<\/a><\/p>\n","protected":false},"excerpt":{"rendered":"<p>La Feria de Cordoba empieza el Viernes 22 de Mayo La Feria de Nuestra Se\u00f1ora de la Salud de C\u00f3rdoba es una feria que se celebra anualmente en C\u00f3rdoba en los dos \u00faltimos fines de semana de mayo. La feria tiene un car\u00e1cter popular y abierto, conforme al esp\u00edritu tradicional y peculiar de la Feria &#8230; <\/p>\n<p class=\"read-more-container\"><a title=\"Feria de Cordoba 2009\" class=\"read-more button\" href=\"https:\/\/miguelmoreno.org\/blog\/feria-de-cordoba-2009\/#more-2102\" aria-label=\"Leer m\u00e1s sobre Feria de Cordoba 2009\">M\u00e1s informaci\u00f3n<\/a><\/p>\n","protected":false},"author":5,"featured_media":0,"comment_status":"open","ping_status":"open","sticky":false,"template":"","format":"standard","meta":{"footnotes":""},"categories":[1495],"tags":[1503,202],"class_list":["post-2102","post","type-post","status-publish","format-standard","hentry","category-feria","tag-cordoba","tag-feria","masonry-post","generate-columns","tablet-grid-50","mobile-grid-100","grid-parent","grid-33"],"yoast_head":"<!-- This site is optimized with the Yoast SEO plugin v25.9 - https:\/\/yoast.com\/wordpress\/plugins\/seo\/ -->\n<title>Feria de Cordoba 2009<\/title>\n<meta name=\"robots\" content=\"index, follow, max-snippet:-1, max-image-preview:large, max-video-preview:-1\" \/>\n<link rel=\"canonical\" href=\"https:\/\/miguelmoreno.org\/blog\/feria-de-cordoba-2009\/\" \/>\n<meta name=\"twitter:label1\" content=\"Escrito por\" \/>\n\t<meta name=\"twitter:data1\" content=\"Se llama copla\" \/>\n\t<meta name=\"twitter:label2\" content=\"Tiempo de lectura\" \/>\n\t<meta name=\"twitter:data2\" content=\"1 minuto\" \/>\n<script type=\"application\/ld+json\" class=\"yoast-schema-graph\">{\"@context\":\"https:\/\/schema.org\",\"@graph\":[{\"@type\":\"WebPage\",\"@id\":\"https:\/\/miguelmoreno.org\/blog\/feria-de-cordoba-2009\/\",\"url\":\"https:\/\/miguelmoreno.org\/blog\/feria-de-cordoba-2009\/\",\"name\":\"Feria de Cordoba 2009\",\"isPartOf\":{\"@id\":\"https:\/\/miguelmoreno.org\/blog\/#website\"},\"datePublished\":\"2009-05-18T08:20:57+00:00\",\"dateModified\":\"2009-05-18T08:23:53+00:00\",\"author\":{\"@id\":\"https:\/\/miguelmoreno.org\/blog\/#\/schema\/person\/cde8639f19077551d0d59650a04b23d5\"},\"breadcrumb\":{\"@id\":\"https:\/\/miguelmoreno.org\/blog\/feria-de-cordoba-2009\/#breadcrumb\"},\"inLanguage\":\"es\",\"potentialAction\":[{\"@type\":\"ReadAction\",\"target\":[\"https:\/\/miguelmoreno.org\/blog\/feria-de-cordoba-2009\/\"]}]},{\"@type\":\"BreadcrumbList\",\"@id\":\"https:\/\/miguelmoreno.org\/blog\/feria-de-cordoba-2009\/#breadcrumb\",\"itemListElement\":[{\"@type\":\"ListItem\",\"position\":1,\"name\":\"Portada\",\"item\":\"https:\/\/miguelmoreno.org\/blog\/\"},{\"@type\":\"ListItem\",\"position\":2,\"name\":\"Feria de Cordoba 2009\"}]},{\"@type\":\"WebSite\",\"@id\":\"https:\/\/miguelmoreno.org\/blog\/#website\",\"url\":\"https:\/\/miguelmoreno.org\/blog\/\",\"name\":\"El Blog del Sur\",\"description\":\"Cultura, conciertos, ferias, coplas...\",\"potentialAction\":[{\"@type\":\"SearchAction\",\"target\":{\"@type\":\"EntryPoint\",\"urlTemplate\":\"https:\/\/miguelmoreno.org\/blog\/?s={search_term_string}\"},\"query-input\":{\"@type\":\"PropertyValueSpecification\",\"valueRequired\":true,\"valueName\":\"search_term_string\"}}],\"inLanguage\":\"es\"},{\"@type\":\"Person\",\"@id\":\"https:\/\/miguelmoreno.org\/blog\/#\/schema\/person\/cde8639f19077551d0d59650a04b23d5\",\"name\":\"Se llama copla\",\"sameAs\":[\"https:\/\/miguelmoreno.org\/blog\",\"https:\/\/x.com\/coplasandalucia\"]}]}<\/script>\n<!-- \/ Yoast SEO plugin. -->","yoast_head_json":{"title":"Feria de Cordoba 2009","robots":{"index":"index","follow":"follow","max-snippet":"max-snippet:-1","max-image-preview":"max-image-preview:large","max-video-preview":"max-video-preview:-1"},"canonical":"https:\/\/miguelmoreno.org\/blog\/feria-de-cordoba-2009\/","twitter_misc":{"Escrito por":"Se llama copla","Tiempo de lectura":"1 minuto"},"schema":{"@context":"https:\/\/schema.org","@graph":[{"@type":"WebPage","@id":"https:\/\/miguelmoreno.org\/blog\/feria-de-cordoba-2009\/","url":"https:\/\/miguelmoreno.org\/blog\/feria-de-cordoba-2009\/","name":"Feria de Cordoba 2009","isPartOf":{"@id":"https:\/\/miguelmoreno.org\/blog\/#website"},"datePublished":"2009-05-18T08:20:57+00:00","dateModified":"2009-05-18T08:23:53+00:00","author":{"@id":"https:\/\/miguelmoreno.org\/blog\/#\/schema\/person\/cde8639f19077551d0d59650a04b23d5"},"breadcrumb":{"@id":"https:\/\/miguelmoreno.org\/blog\/feria-de-cordoba-2009\/#breadcrumb"},"inLanguage":"es","potentialAction":[{"@type":"ReadAction","target":["https:\/\/miguelmoreno.org\/blog\/feria-de-cordoba-2009\/"]}]},{"@type":"BreadcrumbList","@id":"https:\/\/miguelmoreno.org\/blog\/feria-de-cordoba-2009\/#breadcrumb","itemListElement":[{"@type":"ListItem","position":1,"name":"Portada","item":"https:\/\/miguelmoreno.org\/blog\/"},{"@type":"ListItem","position":2,"name":"Feria de Cordoba 2009"}]},{"@type":"WebSite","@id":"https:\/\/miguelmoreno.org\/blog\/#website","url":"https:\/\/miguelmoreno.org\/blog\/","name":"El Blog del Sur","description":"Cultura, conciertos, ferias, coplas...","potentialAction":[{"@type":"SearchAction","target":{"@type":"EntryPoint","urlTemplate":"https:\/\/miguelmoreno.org\/blog\/?s={search_term_string}"},"query-input":{"@type":"PropertyValueSpecification","valueRequired":true,"valueName":"search_term_string"}}],"inLanguage":"es"},{"@type":"Person","@id":"https:\/\/miguelmoreno.org\/blog\/#\/schema\/person\/cde8639f19077551d0d59650a04b23d5","name":"Se llama copla","sameAs":["https:\/\/miguelmoreno.org\/blog","https:\/\/x.com\/coplasandalucia"]}]}},"_links":{"self":[{"href":"https:\/\/miguelmoreno.org\/blog\/wp-json\/wp\/v2\/posts\/2102","targetHints":{"allow":["GET"]}}],"collection":[{"href":"https:\/\/miguelmoreno.org\/blog\/wp-json\/wp\/v2\/posts"}],"about":[{"href":"https:\/\/miguelmoreno.org\/blog\/wp-json\/wp\/v2\/types\/post"}],"author":[{"embeddable":true,"href":"https:\/\/miguelmoreno.org\/blog\/wp-json\/wp\/v2\/users\/5"}],"replies":[{"embeddable":true,"href":"https:\/\/miguelmoreno.org\/blog\/wp-json\/wp\/v2\/comments?post=2102"}],"version-history":[{"count":0,"href":"https:\/\/miguelmoreno.org\/blog\/wp-json\/wp\/v2\/posts\/2102\/revisions"}],"wp:attachment":[{"href":"https:\/\/miguelmoreno.org\/blog\/wp-json\/wp\/v2\/media?parent=2102"}],"wp:term":[{"taxonomy":"category","embeddable":true,"href":"https:\/\/miguelmoreno.org\/blog\/wp-json\/wp\/v2\/categories?post=2102"},{"taxonomy":"post_tag","embeddable":true,"href":"https:\/\/miguelmoreno.org\/blog\/wp-json\/wp\/v2\/tags?post=2102"}],"curies":[{"name":"wp","href":"https:\/\/api.w.org\/{rel}","templated":true}]}}