{"id":2700,"date":"2009-09-19T11:54:47","date_gmt":"2009-09-19T09:54:47","guid":{"rendered":"http:\/\/www.miguelmoreno.org\/blog\/?p=2700"},"modified":"2009-09-19T11:54:47","modified_gmt":"2009-09-19T09:54:47","slug":"feria-de-pozoblanco-2009","status":"publish","type":"post","link":"https:\/\/miguelmoreno.org\/blog\/feria-de-pozoblanco-2009\/","title":{"rendered":"Feria de Pozoblanco 2009"},"content":{"rendered":"<p>PROGRAMA DE ACTOS CON MOTIVO DE LA CELEBRACI\u00d3N DE LA FERIA Y FIESTAS NTRA. SRA. DE LAS MERCEDES.<\/p>\n<p>POZOBLANCO, DEL 22 AL 27 DE SEPTIEMBRE DE 2009<br \/>\nD\u00cdA 19 DE SEPTIEMBRE<\/p>\n<p><!--more-->A las 9&#8217;00 de la ma\u00f1ana:<br \/>\n* En la Sede Social del Club H\u00edpico situada junto en la Dehesa Boyal, IX EDICI\u00d3N DE \u00abTABLAO\u00bb (exposici\u00f3n de caballos de compra-venta).<\/p>\n<p>A las 11&#8217;30 de la ma\u00f1ana:<br \/>\n* En la Sede Social del Club H\u00edpico situado en la Dehesa Boyal, XXVIII CONCURSO MORFOL\u00d3GICO DE CABALLOS CRUZADOS, organizado por el C\u00edrculo del Caballo.<\/p>\n<p>A las 9&#8217;00 de la noche:<br \/>\n* En el Teatro \u00abEL SILO\u00bb.<br \/>\n* Entrega de premios de los concursos de carteles, premios literarios y de Investigaci\u00f3n.<br \/>\n* PREG\u00d3N DE FERIA a cargo de D. LORENZO PALOMO.<br \/>\n* Acompa\u00f1ar\u00e1 este acto la actuaci\u00f3n de Mar\u00eda Jos\u00e9 Fern\u00e1ndez Villarejo (Soprano) y Francisco Rojas Carbonero (Guitarra).<br \/>\nD\u00cdA 20 DE SEPTIEMBRE<\/p>\n<p>A las 9&#8217;00 de la ma\u00f1ana:<br \/>\n* En la Sede Social del Club H\u00edpico situada junto en la Dehesa Boyal, IX EDICI\u00d3N DE \u00abTABLAO\u00bb (exposici\u00f3n de caballos de compra-venta).<\/p>\n<p>A las 10&#8217;30 de la ma\u00f1ana:<br \/>\n* XV FESTIVAL DE A\u00c9REMODELISMO \u00abCIUDAD DE POZOBLANCO\u00bb (EXHIBICI\u00d3N DE AEROMODELISMO Y ACROBACIA AREA). Exhibici\u00f3n de vuelo con  paramotor. Vuelo de aeromodelos. Exhibici\u00f3n de vuelo de acrobacia extrema de helic\u00f3pteros de Radiocontrol. Vuelo de aviones a reacci\u00f3n. Vuelo de autogiros,  en las pistas de vuelo del  CLUB RADIO CONTROL DE POZOBLANCO, en el Paraje \u00abCa\u00f1a Los Lirios<\/p>\n<p>A las 1&#8217;00 de la tarde:<br \/>\n* Inauguraci\u00f3n de la XXXXV EXPOSICI\u00d3N NACIONAL DE PINTURA Y ESCULTURA, en el C\u00edrculo de Bellas Artes.<br \/>\nD\u00cdA 22 DE SEPTIEMBRE (MARTES)<\/p>\n<p>A las 6&#8217;00 de la tarde:<br \/>\n* CABALGATA DE GIGANTES Y CABEZUDOS, acompa\u00f1ados de ni\u00f1os con disfraces, un pasacalles de mascotas gigantes hinchables y el pasacalles \u00abLa Casa de los Monos\u00bb y la Banda  de cornetas y tambores de la Hermandad de Ntra. Sra. de la Soledad, recorriendo las calles de la ciudad. Salida y llegada: Biblioteca P\u00fablica Municipal.<\/p>\n<p>A las 9&#8217;00 de la noche:<br \/>\n* Traslado en procesi\u00f3n de la imagen de Ntra. Sra. de las Mercedes, desde su ermita a la Parroquia, con asistencia de autoridades locales e invitados.<br \/>\n* A continuaci\u00f3n encendido del Alumbrado extraordinario.<br \/>\n* Seguidamente Extraordinaria Funci\u00f3n de Fuegos Artificiales en La parte trasera del Recinto Ferial, junto a los Campos de F\u00fatbol de la Ciudad Deportiva.<br \/>\n* En la Caseta Municipal amenizar\u00e1n la noche la orquesta Nuevas Ilusiones.<br \/>\n* En la Caseta de la Juventud, actuaci\u00f3n de Libertad Orquesta Internacional.<br \/>\nD\u00cdA 23 DE SEPTIEMBRE (MI\u00c9RCOLES)<\/p>\n<p>A las 8&#8217;00 de la ma\u00f1ana:<\/p>\n<p>* Diana Floreada por la Banda Municipal de M\u00fasica de Pozoblanco.<\/p>\n<p>A partir de las 9&#8217;00 de la ma\u00f1ana:<br \/>\n*  En las Pistas de Padel de la Ciudad Deportiva, semifinales y final del III Trofeo de Paddel \u00abNtra. Sra. de las Mercedes\u00bb, en las modalidades masculino, femenino e infantil, organizado por el Club de Paddel de Pozoblanco.<\/p>\n<p>A partir de las 10&#8217;00 de la ma\u00f1ana:<br \/>\n*  En las pistas del Polideportivo Municipal, Finales del XXVII TORNEO DE TENIS \u00abNTRA. SRA. DE LAS MERCEDES\u00bb, en la categor\u00edas benjam\u00edn, alev\u00edn,  cadete, seniors y dobles, organizado por el Club de Tenis Pozoblanco.<\/p>\n<p>A las 11&#8217;30 de la ma\u00f1ana:<br \/>\n* En la Plaza de Toros y dentro de las actividades como HOMENAJE AL POZOALBENSE AUSENTE, visita tur\u00edstica guiada inici\u00e1ndose en la puerta de sol de la misma Plaza de Toros y visitando adem\u00e1s la Casa del Pozo Viejo, Casa de la Viga y Museo Marcos Redondo.<\/p>\n<p>A las 12&#8217;30 de la tarde:<br \/>\n* En la Sede Social del Club H\u00edpico situada en la Dehesa Boyal, CARRERA DE CINTAS A CABALLO, organizado por el C\u00edrculo del Caballo.<br \/>\n* Durante todo este d\u00eda el C\u00edrculo del Caballo celebrar\u00e1 el D\u00cdA DE LA MUJER A CABALLO, con premios para las jinetes mejor ataviadas completa y correctamente a caballo, los premios se entregar\u00e1n a las 4 de la tarde en la Caseta del Circulo del Caballo situada en el Recinto Ferial.<\/p>\n<p>A las 1&#8217;30 de la tarde:<br \/>\n* En el Sal\u00f3n del Plenos del Ayuntamiento, recibimiento por parte de las autoridades locales en el HOMENAJE AL POZOALBENSE AUSENTE.<\/p>\n<p>A las 6&#8217;30 de la tarde:<br \/>\n* En la Pabell\u00f3n Polideportivo \u00abDon Bosco\u00bb,  TROFEO DE FERIA \u00abNTRA. SRA. DE LAS MERCEDES\u00bb de baloncesto entre los equipos CLUB PROMESAS BALONCESTO DE POZOBLANCO y AMIGOS DEL BALONCESTO POZOALBENSE.<\/p>\n<p>A las 8&#8217;00 de la tarde:<br \/>\n* En la Pabell\u00f3n Polideportivo \u00abDon Bosco\u00bb,  TROFEO DE FERIA \u00abNTRA. SRA. DE LAS MERCEDES\u00bb entre los equipos BAR REYES (Campe\u00f3n de Liga) y CONSTRUCCIONES PERAMAR (Campe\u00f3n de Copa).<\/p>\n<p>A las 9&#8217;30 de la noche:<br \/>\n* En el Pabell\u00f3n Polideportivo \u00abJuan Manuel Sep\u00falveda\u00bb,  TROFEO DE FERIA \u00abNTRA. SRA. DE LAS MERCEDES\u00bb entre los equipos F\u00daTBOL-SALA POZOBLANCO y  APADEMAR F\u00daTBOL SALA (Primera Nacional A).<\/p>\n<p>A las 10&#8217;00 de la noche:<br \/>\n* En el Teatro \u00abEL SILO\u00bb,   Les Petits Chanteurs de Saint-Marc interpretar\u00e1n las canciones de la pel\u00edcula \u00abLOS CHICOS DEL CORO\u00bb.<\/p>\n<p>* En la Caseta Municipal amenizar\u00e1 la noche la orquesta  Nuevas Ilusiones, y actuaci\u00f3n en directo del espect\u00e1culo LA COPLA.<br \/>\n* En la Caseta de la Juventud, actuaci\u00f3n de Libertad Orquesta Internacional y la Orquesta N\u00e9ctar.<\/p>\n<p>D\u00cdA 24 DE SEPTIEMBRE (JUEVES)<\/p>\n<p>A las 8&#8217;00 de la ma\u00f1ana:<br \/>\n* Diana Floreada por la Banda Municipal de M\u00fasica de Pozoblanco.<\/p>\n<p>A las 9&#8217;00 de la ma\u00f1ana:<br \/>\n* En el micro-embalse Santa Mar\u00eda, II CONCURSO EXTRAORDINARIO DE FERIA DE PESCA DE BLACK-BASS, organizado por el Club de Pesca Deportiva de Pozoblanco.<\/p>\n<p>A las 10&#8217;30 de la ma\u00f1ana:<br \/>\n* Visita guiada a la PLAZA DE TOROS.  Inscripci\u00f3n e informaci\u00f3n: Oficina de Turismo.<\/p>\n<p>A las 12&#8217;00 de la ma\u00f1ana:<br \/>\n* En la Caseta Municipal, DIA DEL ABUELO Y NIETOS EN LA FERIA (a partir de 4 a\u00f1os) con juegos populares y actividades recreativas. Habr\u00e1 consumiciones y vales para atracciones para los participantes. Organizan las Concejal\u00edas de Servicios Sociales y Juventud adem\u00e1s del Instituto Provincial de Bienestar Social.<br \/>\n* Visita guiada al MUSEO DEL C\u00cdRCULO DE BELLAS ARTES.  Inscripci\u00f3n e informaci\u00f3n: Oficina de Turismo.<br \/>\n* CARRERA H\u00cdPICA: PRUEBA DE VELOCIDAD A CABALLO, en los terrenos del Club H\u00edpico, organizado por el C\u00edrculo del Caballo.<br \/>\n* A la finalizaci\u00f3n y tambi\u00e9n en los terrenos del Club H\u00edpico, CARRERA AL PASO Y CARRERA AL GALOPE.<\/p>\n<p>A las 1&#8217;30 de la tarde:<br \/>\n* EXHIBICI\u00d3N DE DOMA LIBRE, en la Sede Social del Club H\u00edpico situada en la Dehesa Boyal, organizado por el C\u00edrculo del Caballo.<\/p>\n<p>A las 2&#8217;30 de la tarde:<br \/>\n* En la Caseta Municipal, el Grupo Rociero \u00abBESANA\u00bb amenizar\u00e1n la aparcer\u00eda.<\/p>\n<p>A las 9&#8217;00 de la noche:<br \/>\n* En la Plaza de Toros, ESPECT\u00c1CULO ECUESTRE MUSICAL DE JEREZ DE LA FRONTERA \u00abESP\u00cdRITU ANDALUZ\u00bb.<\/p>\n<p>A las 11&#8217;00 de la noche:<br \/>\n* En el Teatro \u00abEl Silo\u00bb, la Compa\u00f1\u00eda de Teatro \u00abEl Espejo Negro\u00bb pondr\u00e1 en escena el espect\u00e1culo atrevido y descarado  \u00abES-PUTO CABARET\u00bb.<\/p>\n<p>* En la Caseta Municipal amenizar\u00e1n la noche Libertad Orquesta Internacional y la Orquesta Nectar.<br \/>\n* En la Caseta de la Juventud,  a las 1&#8217;00 de la madrugada concierto en directo a cargo del grupo  DANZA INVISIBLE\u00bb.<br \/>\nDIA 25 DE SEPTIEMBRE (VIERNES)<\/p>\n<p>A las 8&#8217;00 de la ma\u00f1ana:<br \/>\n* Diana Floreada por la Banda Municipal de M\u00fasica de Pozoblanco.<\/p>\n<p>A las 11&#8217;00 de la ma\u00f1ana:<br \/>\n* Visita guiada a las instalaciones de COVAP, donde se visitar\u00e1 la planta l\u00e1ctea y el matadero.  Inscripci\u00f3n e informaci\u00f3n: Oficina de Turismo.<\/p>\n<p>A las 12&#8217;00 de la ma\u00f1ana:<br \/>\n* En los Campos de F\u00fatbol de la Ciudad Deportiva, GHINKANA DE GOLF \u00abNTRA. SRA. DE LAS MERCEDES\u00bb, organizada por el Club de Golf Pozoblanco.<\/p>\n<p>A las 12&#8217;30 de la tarde:<br \/>\n* GHINKANA VAQUERA, en la Sede Social del Club H\u00edpico situada en la Dehesa Boyal, organizado por el C\u00edrculo del Caballo<\/p>\n<p>A las 2&#8217;30 de la tarde:<br \/>\n* En la Caseta Municipal, el Grupo Rociero \u00abBESANA\u00bb amenizar\u00e1 la aparcer\u00eda.<br \/>\n* En el Recinto Ferial, junto a la fuente principal, CONCURSO INDIVIDUAL Y DE PAREJAS ENGALANADAS A CABALLO, organizado por el C\u00edrculo del Caballo.<\/p>\n<p>A las 5&#8217;30 de la tarde:<br \/>\n* Fabulosa CORRIDA DE TOROS, con toros de la ganader\u00eda de JARALTA, para los matadores:<br \/>\nMORANTE DE LA PUEBLA<br \/>\nJuli\u00e1n L\u00f3pez \u00abEL  JULI\u00bb<br \/>\nMIGUEL ANGEL PERERA<\/p>\n<p>A las 10&#8217;00 de la noche:<br \/>\n* En el Teatro \u00abEl Silo\u00bb, \u00abZARZUELAS\u00bb con pinceladas de \u00d3PERA. Una de las combinaciones mejores combinaciones entre zarzuela y \u00f3pera que se han presentado en nuestro pa\u00eds con los fragmentos m\u00e1s importantes del g\u00e9nero l\u00edrico espa\u00f1ol.<\/p>\n<p>* En la Caseta Municipal amenizar\u00e1 la noche las orquestas  Nuevas Ilusiones y  N\u00e9ctar. Adem\u00e1s habr\u00e1 una actuaci\u00f3n en directo de EL MORTA.<br \/>\n* En la Caseta de la Juventud, actuaci\u00f3n de Libertad Orquesta Internacional y la Orquesta Crotalo.<br \/>\nD\u00cdA 26 DE SEPTIEMBRE (S\u00c1BADO)<\/p>\n<p>A las 11&#8217;00 de la ma\u00f1ana:<br \/>\n* III EXHIBICI\u00d3N DE AUTOMODELISMO RADIOCONTROL TODOTERRENO,  en las pistas del  CLUB RADIO CONTROL DE POZOBLANCO situadas en el Paraje \u00abCa\u00f1a Los Lirios\u00bb, organizado por la Secci\u00f3n de Automodelismo del Club Radiocontrol de Pozoblanco.<br \/>\n* En la Sede de la Sociedad Deportiva de Cazadores, V CONCENTRACI\u00d3N DE REHALAS Y SUS COMPLEMENTOS, organizada por el Club Deportivo Rehaleros de Pozoblanco.<br \/>\n* En los Campos de F\u00fatbol de la Ciudad Deportiva, VII Torneo de F\u00fatbol-7 \u00abNtra. Sra. de las Mercedes\u00bb, con la participaci\u00f3n de los equipos benjamines y alevines de la Escuela Mpal. de F\u00fatbol Base de Pozoblanco.<\/p>\n<p>A las 12&#8217;00 de la ma\u00f1ana:<br \/>\n* En el almac\u00e9n situado en el Recinto Ferial junto a la Cooperativa Olivarera, II TIRADA AL PLATO NACIONAL CON TIRAERAS \u00abNTRA. SRA. DE LAS MERCEDES\u00bb con tres categor\u00edas masculino, femenino e infantil, organizada por la Pe\u00f1a de Tiraeras \u00abLos Tarugos\u00bb.<\/p>\n<p>A las 12&#8217;00 de la ma\u00f1ana:<br \/>\n* En el Recinto Ferial junto a la fuente principal, JUEGOS POPULARES A BICICLETA, se celebrar\u00e1 una ghinkana, carrera de cintas y pruebas de habilidad, para diferentes categor\u00edas, organizado por la Pe\u00f1a Ciclista San Bartolom\u00e9.<\/p>\n<p>A partir de las 1&#8217;00 de la tarde:<br \/>\n* PASEO DE CABALLOS Y CARRUAJES por las calles de la localidad. Salida desde el Arroyo Hondo con finalizaci\u00f3n en el Recinto Ferial donde se efectuar\u00e1 una EXHIBICI\u00d3N DE ENGANCHES, organizado por el C\u00edrculo del Caballo.<\/p>\n<p>A las 2&#8217;30 de la tarde:<br \/>\n* En la Caseta Municipal, actuaci\u00f3n del Grupo Rociero \u00abBESANA\u00bb.<\/p>\n<p>A partir de las 2&#8217;30 de la tarde:<br \/>\n* El Coro Romero \u00abVOCES DE LA SIERRA\u00bb,  amenizar\u00e1 la aparcer\u00eda por las diferentes casetas del Recinto Ferial.<\/p>\n<p>A las 5&#8217;30 de la tarde:<br \/>\n* Gran CORRIDA DE TOROS, con toros de la ganader\u00eda de VICTORINO MART\u00cdN, para la gran figura del toreo JOS\u00c9 LUIS MORENO, que actuar\u00e1 como \u00fanico espada.<br \/>\nSobresalientes los matadores: David Saleri y Miguel Angel S\u00e1nchez.<\/p>\n<p>A las 8&#8217;30 de la noche:<br \/>\n*  En el Pabell\u00f3n Polideportivo \u00abJuan Manuel Sep\u00falveda\u00bb, Partido de Balonmano, 3\u00aa Jornada del Campeonato Nacional de Liga de Divisi\u00f3n de Honor B, entre los equipos C.B. PRASA POZOBLANCO y BM. GUADALAJARA.<\/p>\n<p>A las 10&#8217;00 de la noche:<br \/>\n* En el Teatro \u00abEL SILO\u00bb, se presenta la obra de teatro \u00abMENTIRAS, INCIENSO Y MIRRA\u00bb de Juan Luis Iborra y Antonio Albert. Con Jordi Rebell\u00f3n, Elisa Matilla, Ana Pascual, Angel Pardo, Jes\u00fas Cabrero y Ana Rayo.<\/p>\n<p>* En la Caseta Municipal amenizar\u00e1 la noche las orquestas  Nuevas Ilusiones y  N\u00e9ctar. Adem\u00e1s habr\u00e1 una actuaci\u00f3n FRANK BRAVO PLAYBACK.<br \/>\n* En la Caseta de la Juventud, actuaci\u00f3n de Libertad Orquesta Internacional y la Orquesta Crotalo.<br \/>\nD\u00cdA 27 DE SEPTIEMBRE (DOMINGO)<\/p>\n<p>A las 8&#8217;00 de la ma\u00f1ana:<br \/>\n* Diana Floreada por la Banda Municipal de M\u00fasica de Pozoblanco.<br \/>\n* En la Plaza de Toros, FESTEJO POPULAR \u00abLAS VAQUILLAS DEL AGUARDIENTE\u00bb, donde se lidiar\u00e1n 3 vacas de la ganader\u00eda de JARALTA.<\/p>\n<p>A las 9&#8217;00 de la ma\u00f1ana:<br \/>\n* En el Campo de Golf \u00abCabeza Oliva\u00bb, XIX TROFEO DE GOLF \u00abNTRA. SRA. DE LAS MERCEDES\u00bb, modalidad medal-play, y entrega de premios con la presencia de autoridades, organizado por el Club de Golf Pozoblanco.<\/p>\n<p>A las 10&#8217;30 de la ma\u00f1ana:<br \/>\n* GRAN TIRADA DE PICH\u00d3N A M\u00c1QUINA, en el Campo de Tiro de la Dehesa Boyal, organizado por la Sociedad Deportiva de Cazadores.<\/p>\n<p>A las 12&#8217;00 de la ma\u00f1ana:<br \/>\n*  En el Campo de F\u00fatbol del Polideportivo Municipal, Partido de F\u00fatbol, 6\u00aa Jornada del Campeonato Nacional de Liga de Tercera Divisi\u00f3n, entre los equipos C.D. POZOBLANCO y LOS PALACIOS, C.F.<\/p>\n<p>A las 1&#8217;00 de la tarde:<br \/>\n*  Clausura de la XXXXV EXPOSICI\u00d3N NACIONAL DE PINTURA Y ESCULTURA, en el C\u00edrculo de Bellas Artes.<\/p>\n<p>A las 1&#8217;30 de la tarde:<br \/>\n* En la Caseta Municipal, FIESTA INFANTIL con el Grupo Infantil \u00abLAS NI\u00d1AS DEL CARAMELO\u00bb.<\/p>\n<p>A las 5&#8217;30 de la tarde:<br \/>\n* Grandiosa CORRIDA DEL ARTE DEL REJONEO, de la ganader\u00eda de D. LUIS ALBARR\u00c1N, para los caballeros rejoneadores:<br \/>\nFERMIN BOHORQUEZ<br \/>\nPablo HERMOSO DE MENDOZA<br \/>\nDIEGO VENTURA<\/p>\n<p>A las 12&#8217;00 de la noche:<br \/>\n* EXTRAORDINARIA FUNCI\u00d3N DE FUEGOS ARTIFICIALES Y GRAN TRACA FINAL,  en la parte trasera del Recinto Ferial, junto a los Campos de F\u00fatbol de la Ciudad Deportiva.<\/p>\n","protected":false},"excerpt":{"rendered":"<p>PROGRAMA DE ACTOS CON MOTIVO DE LA CELEBRACI\u00d3N DE LA FERIA Y FIESTAS NTRA. SRA. DE LAS MERCEDES. POZOBLANCO, DEL 22 AL 27 DE SEPTIEMBRE DE 2009 D\u00cdA 19 DE SEPTIEMBRE<\/p>\n","protected":false},"author":5,"featured_media":0,"comment_status":"open","ping_status":"open","sticky":false,"template":"","format":"standard","meta":{"footnotes":""},"categories":[1],"tags":[1503,202],"class_list":["post-2700","post","type-post","status-publish","format-standard","hentry","category-general","tag-cordoba","tag-feria","masonry-post","generate-columns","tablet-grid-50","mobile-grid-100","grid-parent","grid-33"],"yoast_head":"<!-- This site is optimized with the Yoast SEO plugin v25.9 - https:\/\/yoast.com\/wordpress\/plugins\/seo\/ -->\n<title>Feria de Pozoblanco 2009<\/title>\n<meta name=\"robots\" content=\"index, follow, max-snippet:-1, max-image-preview:large, max-video-preview:-1\" \/>\n<link rel=\"canonical\" href=\"https:\/\/miguelmoreno.org\/blog\/feria-de-pozoblanco-2009\/\" \/>\n<meta name=\"twitter:label1\" content=\"Escrito por\" \/>\n\t<meta name=\"twitter:data1\" content=\"Se llama copla\" \/>\n\t<meta name=\"twitter:label2\" content=\"Tiempo de lectura\" \/>\n\t<meta name=\"twitter:data2\" content=\"11 minutos\" \/>\n<script type=\"application\/ld+json\" class=\"yoast-schema-graph\">{\"@context\":\"https:\/\/schema.org\",\"@graph\":[{\"@type\":\"WebPage\",\"@id\":\"https:\/\/miguelmoreno.org\/blog\/feria-de-pozoblanco-2009\/\",\"url\":\"https:\/\/miguelmoreno.org\/blog\/feria-de-pozoblanco-2009\/\",\"name\":\"Feria de Pozoblanco 2009\",\"isPartOf\":{\"@id\":\"https:\/\/miguelmoreno.org\/blog\/#website\"},\"datePublished\":\"2009-09-19T09:54:47+00:00\",\"author\":{\"@id\":\"https:\/\/miguelmoreno.org\/blog\/#\/schema\/person\/cde8639f19077551d0d59650a04b23d5\"},\"breadcrumb\":{\"@id\":\"https:\/\/miguelmoreno.org\/blog\/feria-de-pozoblanco-2009\/#breadcrumb\"},\"inLanguage\":\"es\",\"potentialAction\":[{\"@type\":\"ReadAction\",\"target\":[\"https:\/\/miguelmoreno.org\/blog\/feria-de-pozoblanco-2009\/\"]}]},{\"@type\":\"BreadcrumbList\",\"@id\":\"https:\/\/miguelmoreno.org\/blog\/feria-de-pozoblanco-2009\/#breadcrumb\",\"itemListElement\":[{\"@type\":\"ListItem\",\"position\":1,\"name\":\"Portada\",\"item\":\"https:\/\/miguelmoreno.org\/blog\/\"},{\"@type\":\"ListItem\",\"position\":2,\"name\":\"Feria de Pozoblanco 2009\"}]},{\"@type\":\"WebSite\",\"@id\":\"https:\/\/miguelmoreno.org\/blog\/#website\",\"url\":\"https:\/\/miguelmoreno.org\/blog\/\",\"name\":\"El Blog del Sur\",\"description\":\"Cultura, conciertos, ferias, coplas...\",\"potentialAction\":[{\"@type\":\"SearchAction\",\"target\":{\"@type\":\"EntryPoint\",\"urlTemplate\":\"https:\/\/miguelmoreno.org\/blog\/?s={search_term_string}\"},\"query-input\":{\"@type\":\"PropertyValueSpecification\",\"valueRequired\":true,\"valueName\":\"search_term_string\"}}],\"inLanguage\":\"es\"},{\"@type\":\"Person\",\"@id\":\"https:\/\/miguelmoreno.org\/blog\/#\/schema\/person\/cde8639f19077551d0d59650a04b23d5\",\"name\":\"Se llama copla\",\"sameAs\":[\"https:\/\/miguelmoreno.org\/blog\",\"https:\/\/x.com\/coplasandalucia\"]}]}<\/script>\n<!-- \/ Yoast SEO plugin. -->","yoast_head_json":{"title":"Feria de Pozoblanco 2009","robots":{"index":"index","follow":"follow","max-snippet":"max-snippet:-1","max-image-preview":"max-image-preview:large","max-video-preview":"max-video-preview:-1"},"canonical":"https:\/\/miguelmoreno.org\/blog\/feria-de-pozoblanco-2009\/","twitter_misc":{"Escrito por":"Se llama copla","Tiempo de lectura":"11 minutos"},"schema":{"@context":"https:\/\/schema.org","@graph":[{"@type":"WebPage","@id":"https:\/\/miguelmoreno.org\/blog\/feria-de-pozoblanco-2009\/","url":"https:\/\/miguelmoreno.org\/blog\/feria-de-pozoblanco-2009\/","name":"Feria de Pozoblanco 2009","isPartOf":{"@id":"https:\/\/miguelmoreno.org\/blog\/#website"},"datePublished":"2009-09-19T09:54:47+00:00","author":{"@id":"https:\/\/miguelmoreno.org\/blog\/#\/schema\/person\/cde8639f19077551d0d59650a04b23d5"},"breadcrumb":{"@id":"https:\/\/miguelmoreno.org\/blog\/feria-de-pozoblanco-2009\/#breadcrumb"},"inLanguage":"es","potentialAction":[{"@type":"ReadAction","target":["https:\/\/miguelmoreno.org\/blog\/feria-de-pozoblanco-2009\/"]}]},{"@type":"BreadcrumbList","@id":"https:\/\/miguelmoreno.org\/blog\/feria-de-pozoblanco-2009\/#breadcrumb","itemListElement":[{"@type":"ListItem","position":1,"name":"Portada","item":"https:\/\/miguelmoreno.org\/blog\/"},{"@type":"ListItem","position":2,"name":"Feria de Pozoblanco 2009"}]},{"@type":"WebSite","@id":"https:\/\/miguelmoreno.org\/blog\/#website","url":"https:\/\/miguelmoreno.org\/blog\/","name":"El Blog del Sur","description":"Cultura, conciertos, ferias, coplas...","potentialAction":[{"@type":"SearchAction","target":{"@type":"EntryPoint","urlTemplate":"https:\/\/miguelmoreno.org\/blog\/?s={search_term_string}"},"query-input":{"@type":"PropertyValueSpecification","valueRequired":true,"valueName":"search_term_string"}}],"inLanguage":"es"},{"@type":"Person","@id":"https:\/\/miguelmoreno.org\/blog\/#\/schema\/person\/cde8639f19077551d0d59650a04b23d5","name":"Se llama copla","sameAs":["https:\/\/miguelmoreno.org\/blog","https:\/\/x.com\/coplasandalucia"]}]}},"_links":{"self":[{"href":"https:\/\/miguelmoreno.org\/blog\/wp-json\/wp\/v2\/posts\/2700","targetHints":{"allow":["GET"]}}],"collection":[{"href":"https:\/\/miguelmoreno.org\/blog\/wp-json\/wp\/v2\/posts"}],"about":[{"href":"https:\/\/miguelmoreno.org\/blog\/wp-json\/wp\/v2\/types\/post"}],"author":[{"embeddable":true,"href":"https:\/\/miguelmoreno.org\/blog\/wp-json\/wp\/v2\/users\/5"}],"replies":[{"embeddable":true,"href":"https:\/\/miguelmoreno.org\/blog\/wp-json\/wp\/v2\/comments?post=2700"}],"version-history":[{"count":0,"href":"https:\/\/miguelmoreno.org\/blog\/wp-json\/wp\/v2\/posts\/2700\/revisions"}],"wp:attachment":[{"href":"https:\/\/miguelmoreno.org\/blog\/wp-json\/wp\/v2\/media?parent=2700"}],"wp:term":[{"taxonomy":"category","embeddable":true,"href":"https:\/\/miguelmoreno.org\/blog\/wp-json\/wp\/v2\/categories?post=2700"},{"taxonomy":"post_tag","embeddable":true,"href":"https:\/\/miguelmoreno.org\/blog\/wp-json\/wp\/v2\/tags?post=2700"}],"curies":[{"name":"wp","href":"https:\/\/api.w.org\/{rel}","templated":true}]}}