{"id":291,"date":"2006-12-12T20:54:24","date_gmt":"2006-12-12T18:54:24","guid":{"rendered":"https:\/\/miguelmoreno.org\/blog\/el-poeta-y-traductor-portugues-jose-bento-galardonado-con-el-premio-luso-espanol-de-arte-y-cultura\/"},"modified":"2006-12-12T20:54:24","modified_gmt":"2006-12-12T18:54:24","slug":"el-poeta-y-traductor-portugues-jose-bento-galardonado-con-el-premio-luso-espanol-de-arte-y-cultura","status":"publish","type":"post","link":"https:\/\/miguelmoreno.org\/blog\/el-poeta-y-traductor-portugues-jose-bento-galardonado-con-el-premio-luso-espanol-de-arte-y-cultura\/","title":{"rendered":"El poeta y traductor portugu\u00e9s Jos\u00e9 Bento, galardonado con el Premio Luso-Espa\u00f1ol de Arte y Cultura"},"content":{"rendered":"<p>Celebrada la primera edici\u00f3n de este galard\u00f3n, que pretende<br \/>\ndistinguir a un autor, pensador, creador o int\u00e9rprete vivo, que<br \/>\nhaya contribuido a reforzar los lazos culturales entre Espa\u00f1a y<br \/>\nPortugal<br \/>\n<!--more--><\/p>\n<p>11-Diciembre-2006. El poeta portugu\u00e9s Jos\u00e9 Bento ha sido galardonado<br \/>\ncon el Premio Luso-Espa\u00f1ol de Arte y Cultura, que este a\u00f1o ha celebrado<br \/>\nsu primera edici\u00f3n.<\/p>\n<p>Este premio, cuyo ganador ha sido hecho p\u00fablico por la ministra de<br \/>\nCultura, Carmen Calvo, tiene como fin distinguir a un autor, pensador,<br \/>\ncreador o int\u00e9rprete vivo, o a una entidad sin \u00e1nimo de lucro que, a trav\u00e9s<br \/>\nde su acci\u00f3n en el campo de las artes y la cultura, haya contribuido<br \/>\nsignificativamente hacia el refuerzo de los lazos entre los dos Estados y<br \/>\nhacia un mayor conocimiento rec\u00edproco de la creaci\u00f3n o del pensamiento.<\/p>\n<p>La entrega de dicho premio, dotado con 75.000 euros entregados a<br \/>\npartes iguales por los Ministerios de Cultura de Espa\u00f1a y Portugal, tendr\u00e1<br \/>\nlugar en Portugal en un acto oficial a lo largo de 2007.<\/p>\n<p>El Jurado ha estado formado, por parte portuguesa, por Jos\u00e9 Saramago,<br \/>\npresidente del Jurado, \u00c1lvaro Siza Vieira y Jos\u00e9 Adriano de Carvalho y,<br \/>\npor parte espa\u00f1ola, por Jos\u00e9 Luis Borao, Carlos Hern\u00e1ndez Pezzi y Clara<br \/>\nJan\u00e9s Nadal.<\/p>\n<p>Biograf\u00eda<br \/>\nJos\u00e9 Bento nace en Pardilho (provincia de Aveiro) en 1932. Adem\u00e1s de<br \/>\npoeta, es un destacado traductor de obras espa\u00f1olas, tanto cl\u00e1sicas<br \/>\ncomo contempor\u00e1neas.<br \/>\nSus traducciones suman un total de 62 libros que recogen, entre otros, a<br \/>\nautores como Juan Ram\u00f3n Jim\u00e9nez, Vicente Aleixandre, Antonio<br \/>\nMachado, San Juan de la Cruz, Luis Cernuda, Gustavo Adolfo B\u00e9cquer,<br \/>\nFederico Garc\u00eda Lorca, Mar\u00eda Victoria Atencia, Francisco Brines, o<br \/>\nAntonio Gamoneda, \u00faltimo Premio Cervantes.<\/p>\n<p>Bibliograf\u00eda<\/p>\n<p>LIBROS DE POES\u00cdA PUBLICADOS:<\/p>\n<p>Sequ\u00eancia de Bilbao, Editorial Inova, Porto, 1978.<br \/>\nIn Memoriam, Editorial Inova, Porto, 1978.<br \/>\n\u201cO enterro do Se\u00f1or de Orgaz\u201d e Outros Poemas. Colecci\u00f3n Esqu\u00edo,<br \/>\nFerrol, Corunha, 1986. (Texto biling\u00fce, traducci\u00f3n de Mario M\u00edguez.)<br \/>\nAdagietto, Cuaderna de Poes\u00eda Portuguesa, Madrid, 1990. (Texto<br \/>\nbiling\u00fce, con traducci\u00f3n de Eugenio Montejo y Mario M\u00edguez.)<br \/>\nSilab\u00e1rio, Rel\u00f3gio de \u00c1gua Editores, Lisboa, 1992.<br \/>\nUm Sossegado Sil\u00eancio, Ediciones ASA, Porto, 2002.<br \/>\nAlguns Motetos, Antologia con poemas in\u00e9ditos. Zahiri\u00f3 &#038; Alvim, Lisboa,<\/p>\n","protected":false},"excerpt":{"rendered":"<p>Celebrada la primera edici\u00f3n de este galard\u00f3n, que pretende distinguir a un autor, pensador, creador o int\u00e9rprete vivo, que haya contribuido a reforzar los lazos culturales entre Espa\u00f1a y Portugal<\/p>\n","protected":false},"author":5,"featured_media":0,"comment_status":"open","ping_status":"open","sticky":false,"template":"","format":"standard","meta":{"footnotes":""},"categories":[1],"tags":[2],"class_list":["post-291","post","type-post","status-publish","format-standard","hentry","category-general","tag-arte-y-cultura","masonry-post","generate-columns","tablet-grid-50","mobile-grid-100","grid-parent","grid-33"],"yoast_head":"<!-- This site is optimized with the Yoast SEO plugin v25.9 - https:\/\/yoast.com\/wordpress\/plugins\/seo\/ -->\n<title>El poeta y traductor portugu\u00e9s Jos\u00e9 Bento, galardonado con el Premio Luso-Espa\u00f1ol de Arte y Cultura<\/title>\n<meta name=\"robots\" content=\"index, follow, max-snippet:-1, max-image-preview:large, max-video-preview:-1\" \/>\n<link rel=\"canonical\" href=\"https:\/\/miguelmoreno.org\/blog\/el-poeta-y-traductor-portugues-jose-bento-galardonado-con-el-premio-luso-espanol-de-arte-y-cultura\/\" \/>\n<meta name=\"twitter:label1\" content=\"Escrito por\" \/>\n\t<meta name=\"twitter:data1\" content=\"Se llama copla\" \/>\n\t<meta name=\"twitter:label2\" content=\"Tiempo de lectura\" \/>\n\t<meta name=\"twitter:data2\" content=\"2 minutos\" \/>\n<script type=\"application\/ld+json\" class=\"yoast-schema-graph\">{\"@context\":\"https:\/\/schema.org\",\"@graph\":[{\"@type\":\"WebPage\",\"@id\":\"https:\/\/miguelmoreno.org\/blog\/el-poeta-y-traductor-portugues-jose-bento-galardonado-con-el-premio-luso-espanol-de-arte-y-cultura\/\",\"url\":\"https:\/\/miguelmoreno.org\/blog\/el-poeta-y-traductor-portugues-jose-bento-galardonado-con-el-premio-luso-espanol-de-arte-y-cultura\/\",\"name\":\"El poeta y traductor portugu\u00e9s Jos\u00e9 Bento, galardonado con el Premio Luso-Espa\u00f1ol de Arte y Cultura\",\"isPartOf\":{\"@id\":\"https:\/\/miguelmoreno.org\/blog\/#website\"},\"datePublished\":\"2006-12-12T18:54:24+00:00\",\"author\":{\"@id\":\"https:\/\/miguelmoreno.org\/blog\/#\/schema\/person\/cde8639f19077551d0d59650a04b23d5\"},\"breadcrumb\":{\"@id\":\"https:\/\/miguelmoreno.org\/blog\/el-poeta-y-traductor-portugues-jose-bento-galardonado-con-el-premio-luso-espanol-de-arte-y-cultura\/#breadcrumb\"},\"inLanguage\":\"es\",\"potentialAction\":[{\"@type\":\"ReadAction\",\"target\":[\"https:\/\/miguelmoreno.org\/blog\/el-poeta-y-traductor-portugues-jose-bento-galardonado-con-el-premio-luso-espanol-de-arte-y-cultura\/\"]}]},{\"@type\":\"BreadcrumbList\",\"@id\":\"https:\/\/miguelmoreno.org\/blog\/el-poeta-y-traductor-portugues-jose-bento-galardonado-con-el-premio-luso-espanol-de-arte-y-cultura\/#breadcrumb\",\"itemListElement\":[{\"@type\":\"ListItem\",\"position\":1,\"name\":\"Portada\",\"item\":\"https:\/\/miguelmoreno.org\/blog\/\"},{\"@type\":\"ListItem\",\"position\":2,\"name\":\"El poeta y traductor portugu\u00e9s Jos\u00e9 Bento, galardonado con el Premio Luso-Espa\u00f1ol de Arte y Cultura\"}]},{\"@type\":\"WebSite\",\"@id\":\"https:\/\/miguelmoreno.org\/blog\/#website\",\"url\":\"https:\/\/miguelmoreno.org\/blog\/\",\"name\":\"El Blog del Sur\",\"description\":\"Cultura, conciertos, ferias, coplas...\",\"potentialAction\":[{\"@type\":\"SearchAction\",\"target\":{\"@type\":\"EntryPoint\",\"urlTemplate\":\"https:\/\/miguelmoreno.org\/blog\/?s={search_term_string}\"},\"query-input\":{\"@type\":\"PropertyValueSpecification\",\"valueRequired\":true,\"valueName\":\"search_term_string\"}}],\"inLanguage\":\"es\"},{\"@type\":\"Person\",\"@id\":\"https:\/\/miguelmoreno.org\/blog\/#\/schema\/person\/cde8639f19077551d0d59650a04b23d5\",\"name\":\"Se llama copla\",\"sameAs\":[\"https:\/\/miguelmoreno.org\/blog\",\"https:\/\/x.com\/coplasandalucia\"]}]}<\/script>\n<!-- \/ Yoast SEO plugin. -->","yoast_head_json":{"title":"El poeta y traductor portugu\u00e9s Jos\u00e9 Bento, galardonado con el Premio Luso-Espa\u00f1ol de Arte y Cultura","robots":{"index":"index","follow":"follow","max-snippet":"max-snippet:-1","max-image-preview":"max-image-preview:large","max-video-preview":"max-video-preview:-1"},"canonical":"https:\/\/miguelmoreno.org\/blog\/el-poeta-y-traductor-portugues-jose-bento-galardonado-con-el-premio-luso-espanol-de-arte-y-cultura\/","twitter_misc":{"Escrito por":"Se llama copla","Tiempo de lectura":"2 minutos"},"schema":{"@context":"https:\/\/schema.org","@graph":[{"@type":"WebPage","@id":"https:\/\/miguelmoreno.org\/blog\/el-poeta-y-traductor-portugues-jose-bento-galardonado-con-el-premio-luso-espanol-de-arte-y-cultura\/","url":"https:\/\/miguelmoreno.org\/blog\/el-poeta-y-traductor-portugues-jose-bento-galardonado-con-el-premio-luso-espanol-de-arte-y-cultura\/","name":"El poeta y traductor portugu\u00e9s Jos\u00e9 Bento, galardonado con el Premio Luso-Espa\u00f1ol de Arte y Cultura","isPartOf":{"@id":"https:\/\/miguelmoreno.org\/blog\/#website"},"datePublished":"2006-12-12T18:54:24+00:00","author":{"@id":"https:\/\/miguelmoreno.org\/blog\/#\/schema\/person\/cde8639f19077551d0d59650a04b23d5"},"breadcrumb":{"@id":"https:\/\/miguelmoreno.org\/blog\/el-poeta-y-traductor-portugues-jose-bento-galardonado-con-el-premio-luso-espanol-de-arte-y-cultura\/#breadcrumb"},"inLanguage":"es","potentialAction":[{"@type":"ReadAction","target":["https:\/\/miguelmoreno.org\/blog\/el-poeta-y-traductor-portugues-jose-bento-galardonado-con-el-premio-luso-espanol-de-arte-y-cultura\/"]}]},{"@type":"BreadcrumbList","@id":"https:\/\/miguelmoreno.org\/blog\/el-poeta-y-traductor-portugues-jose-bento-galardonado-con-el-premio-luso-espanol-de-arte-y-cultura\/#breadcrumb","itemListElement":[{"@type":"ListItem","position":1,"name":"Portada","item":"https:\/\/miguelmoreno.org\/blog\/"},{"@type":"ListItem","position":2,"name":"El poeta y traductor portugu\u00e9s Jos\u00e9 Bento, galardonado con el Premio Luso-Espa\u00f1ol de Arte y Cultura"}]},{"@type":"WebSite","@id":"https:\/\/miguelmoreno.org\/blog\/#website","url":"https:\/\/miguelmoreno.org\/blog\/","name":"El Blog del Sur","description":"Cultura, conciertos, ferias, coplas...","potentialAction":[{"@type":"SearchAction","target":{"@type":"EntryPoint","urlTemplate":"https:\/\/miguelmoreno.org\/blog\/?s={search_term_string}"},"query-input":{"@type":"PropertyValueSpecification","valueRequired":true,"valueName":"search_term_string"}}],"inLanguage":"es"},{"@type":"Person","@id":"https:\/\/miguelmoreno.org\/blog\/#\/schema\/person\/cde8639f19077551d0d59650a04b23d5","name":"Se llama copla","sameAs":["https:\/\/miguelmoreno.org\/blog","https:\/\/x.com\/coplasandalucia"]}]}},"_links":{"self":[{"href":"https:\/\/miguelmoreno.org\/blog\/wp-json\/wp\/v2\/posts\/291","targetHints":{"allow":["GET"]}}],"collection":[{"href":"https:\/\/miguelmoreno.org\/blog\/wp-json\/wp\/v2\/posts"}],"about":[{"href":"https:\/\/miguelmoreno.org\/blog\/wp-json\/wp\/v2\/types\/post"}],"author":[{"embeddable":true,"href":"https:\/\/miguelmoreno.org\/blog\/wp-json\/wp\/v2\/users\/5"}],"replies":[{"embeddable":true,"href":"https:\/\/miguelmoreno.org\/blog\/wp-json\/wp\/v2\/comments?post=291"}],"version-history":[{"count":0,"href":"https:\/\/miguelmoreno.org\/blog\/wp-json\/wp\/v2\/posts\/291\/revisions"}],"wp:attachment":[{"href":"https:\/\/miguelmoreno.org\/blog\/wp-json\/wp\/v2\/media?parent=291"}],"wp:term":[{"taxonomy":"category","embeddable":true,"href":"https:\/\/miguelmoreno.org\/blog\/wp-json\/wp\/v2\/categories?post=291"},{"taxonomy":"post_tag","embeddable":true,"href":"https:\/\/miguelmoreno.org\/blog\/wp-json\/wp\/v2\/tags?post=291"}],"curies":[{"name":"wp","href":"https:\/\/api.w.org\/{rel}","templated":true}]}}