{"id":3509,"date":"2010-04-20T15:29:03","date_gmt":"2010-04-20T13:29:03","guid":{"rendered":"http:\/\/www.miguelmoreno.org\/blog\/?p=3509"},"modified":"2015-06-04T00:20:30","modified_gmt":"2015-06-03T22:20:30","slug":"campamentos-de-verano-cerro-muriano-2010","status":"publish","type":"post","link":"https:\/\/miguelmoreno.org\/blog\/campamentos-de-verano-cerro-muriano-2010\/","title":{"rendered":"Campamentos de verano Cerro Muriano 2010"},"content":{"rendered":"<p>Campamentos de Verano. Cerro Muriano 2010<\/p>\n<p>*<br \/>\nPRESENTACI\u00d3N DE <a href=\"http:\/\/www.dipucordoba.es\/uploads\/attachments\/550\/solicitud.pdf?F1259318161\">SOLICITUDES<\/a>:<\/p>\n<p>Plazo: durante el mes de abril .<br \/>\nDeber\u00e1 estar firmada por el padre, madre o tutor\/a del solicitante y presentarse\/enviarse, durante el mes de abril del presente a\u00f1o en el Registro General de Entrada de documentos de la Diputaci\u00f3n de C\u00f3rdoba, Plaza de Col\u00f3n, de lunes a viernes de 9.00 a 13.30 horas, s\u00e1bados de 10.00 a 13.30 horas o el Ayuntamiento de su municipio.<\/p>\n<p>Solicitudes por Internet haciendo clic AQU\u00cd<br \/>\nFECHAS Y CUOTAS POR ACTIVIDAD:<\/p>\n<p>1\u00ba 24-29 Junio 8 a 12 a\u00f1os 75 \u20ac<\/p>\n<p>2\u00ba 29 Junio-7 Julio 8 a 12 a\u00f1os  115 \u20ac<\/p>\n<p>3\u00ba 7-15 Julio 13 a 16 a\u00f1os  115 \u20ac<\/p>\n<p>4\u00ba 15-23 Julio 13 a 16 a\u00f1os  115 \u20ac<\/p>\n<p>5\u00ba 23-31 Julio 11 a 14 a\u00f1os  115 \u20ac<\/p>\n<p>6\u00ba 31 Julio-5 Agosto 8 a 12 a\u00f1os  75 \u20ac<\/p>\n<p>7\u00ba 5-13 Agosto 8 a 12 a\u00f1os  115 \u20ac<\/p>\n<p>8\u00ba 13-21 Agosto 13 a 16 a\u00f1os  115 \u20ac<br \/>\n9\u00ba 21-29 Agosto  12 a 14 a\u00f1os  115 \u20ac<\/p>\n<p>VISITA A LAS INTALACIONES:<\/p>\n<p>El domingo 20 de junio de 16.00 a 20.00 horas padres, madres o tutores interesados\/as podr\u00e1n visitar las instalaciones por su cuenta. <a href=\"http:\/\/maps.google.es\/maps\/ms?ie=UTF8&amp;hl=es&amp;msa=0&amp;msid=108967080208199630508.0004447f8a0167db56abb&amp;ll=38.001202,-4.773409&amp;spn=0.007862,0.013797&amp;t=h&amp;z=16\">Albergue Provincial de la Diputaci\u00f3n de C\u00f3rdoba, C\/ Camino Parque, s\/n, Cerro Muriano<\/a>.  En la comumna de la derecha encontrar\u00e1 recorridos y horarios del autob\u00fas de Aucorsa. <a href=\"http:\/\/www.dipucordoba.es\/uploads\/images\/901\/original\/entrada.JPG?F1259759582\">Fotograf\u00edas<\/a> y <a href=\"http:\/\/maps.google.es\/maps\/ms?ie=UTF8&amp;hl=es&amp;msa=0&amp;msid=108967080208199630508.0004447f8a0167db56abb&amp;ll=38.001202,-4.773409&amp;spn=0.007862,0.013797&amp;t=h&amp;z=16\">plano<\/a> de localizaci\u00f3n del Albergue, haciendo cli AQU\u00cd.<\/p>\n<p>* MONITORES\/AS EN PR\u00c1CTICAS:<\/p>\n<p>Ofertamos un m\u00e1ximo de dos plazas en cada uno de los turnos para aquellas personas que necesiten obtener el certificado de pr\u00e1cticas para la obtenci\u00f3n del t\u00edtulo de monitor\/a de tiempo libre.<\/p>\n<p>M\u00e1s informaci\u00f3n en la Diputaci\u00f3n de Cordoba<\/p>\n","protected":false},"excerpt":{"rendered":"<p>Campamentos de Verano. Cerro Muriano 2010 * PRESENTACI\u00d3N DE SOLICITUDES: Plazo: durante el mes de abril . Deber\u00e1 estar firmada por el padre, madre o tutor\/a del solicitante y presentarse\/enviarse, durante el mes de abril del presente a\u00f1o en el Registro General de Entrada de documentos de la Diputaci\u00f3n de C\u00f3rdoba, Plaza de Col\u00f3n, de &#8230; <\/p>\n<p class=\"read-more-container\"><a title=\"Campamentos de verano Cerro Muriano 2010\" class=\"read-more button\" href=\"https:\/\/miguelmoreno.org\/blog\/campamentos-de-verano-cerro-muriano-2010\/#more-3509\" aria-label=\"Leer m\u00e1s sobre Campamentos de verano Cerro Muriano 2010\">M\u00e1s informaci\u00f3n<\/a><\/p>\n","protected":false},"author":5,"featured_media":0,"comment_status":"open","ping_status":"open","sticky":false,"template":"","format":"standard","meta":{"footnotes":""},"categories":[1],"tags":[1503],"class_list":["post-3509","post","type-post","status-publish","format-standard","hentry","category-general","tag-cordoba","masonry-post","generate-columns","tablet-grid-50","mobile-grid-100","grid-parent","grid-33"],"yoast_head":"<!-- This site is optimized with the Yoast SEO plugin v25.9 - https:\/\/yoast.com\/wordpress\/plugins\/seo\/ -->\n<title>Campamentos de verano Cerro Muriano 2010<\/title>\n<meta name=\"robots\" content=\"index, follow, max-snippet:-1, max-image-preview:large, max-video-preview:-1\" \/>\n<link rel=\"canonical\" href=\"https:\/\/miguelmoreno.org\/blog\/campamentos-de-verano-cerro-muriano-2010\/\" \/>\n<meta name=\"twitter:label1\" content=\"Escrito por\" \/>\n\t<meta name=\"twitter:data1\" content=\"Se llama copla\" \/>\n\t<meta name=\"twitter:label2\" content=\"Tiempo de lectura\" \/>\n\t<meta name=\"twitter:data2\" content=\"1 minuto\" \/>\n<script type=\"application\/ld+json\" class=\"yoast-schema-graph\">{\"@context\":\"https:\/\/schema.org\",\"@graph\":[{\"@type\":\"WebPage\",\"@id\":\"https:\/\/miguelmoreno.org\/blog\/campamentos-de-verano-cerro-muriano-2010\/\",\"url\":\"https:\/\/miguelmoreno.org\/blog\/campamentos-de-verano-cerro-muriano-2010\/\",\"name\":\"Campamentos de verano Cerro Muriano 2010\",\"isPartOf\":{\"@id\":\"https:\/\/miguelmoreno.org\/blog\/#website\"},\"datePublished\":\"2010-04-20T13:29:03+00:00\",\"dateModified\":\"2015-06-03T22:20:30+00:00\",\"author\":{\"@id\":\"https:\/\/miguelmoreno.org\/blog\/#\/schema\/person\/cde8639f19077551d0d59650a04b23d5\"},\"breadcrumb\":{\"@id\":\"https:\/\/miguelmoreno.org\/blog\/campamentos-de-verano-cerro-muriano-2010\/#breadcrumb\"},\"inLanguage\":\"es\",\"potentialAction\":[{\"@type\":\"ReadAction\",\"target\":[\"https:\/\/miguelmoreno.org\/blog\/campamentos-de-verano-cerro-muriano-2010\/\"]}]},{\"@type\":\"BreadcrumbList\",\"@id\":\"https:\/\/miguelmoreno.org\/blog\/campamentos-de-verano-cerro-muriano-2010\/#breadcrumb\",\"itemListElement\":[{\"@type\":\"ListItem\",\"position\":1,\"name\":\"Portada\",\"item\":\"https:\/\/miguelmoreno.org\/blog\/\"},{\"@type\":\"ListItem\",\"position\":2,\"name\":\"Campamentos de verano Cerro Muriano 2010\"}]},{\"@type\":\"WebSite\",\"@id\":\"https:\/\/miguelmoreno.org\/blog\/#website\",\"url\":\"https:\/\/miguelmoreno.org\/blog\/\",\"name\":\"El Blog del Sur\",\"description\":\"Cultura, conciertos, ferias, coplas...\",\"potentialAction\":[{\"@type\":\"SearchAction\",\"target\":{\"@type\":\"EntryPoint\",\"urlTemplate\":\"https:\/\/miguelmoreno.org\/blog\/?s={search_term_string}\"},\"query-input\":{\"@type\":\"PropertyValueSpecification\",\"valueRequired\":true,\"valueName\":\"search_term_string\"}}],\"inLanguage\":\"es\"},{\"@type\":\"Person\",\"@id\":\"https:\/\/miguelmoreno.org\/blog\/#\/schema\/person\/cde8639f19077551d0d59650a04b23d5\",\"name\":\"Se llama copla\",\"sameAs\":[\"https:\/\/miguelmoreno.org\/blog\",\"https:\/\/x.com\/coplasandalucia\"]}]}<\/script>\n<!-- \/ Yoast SEO plugin. -->","yoast_head_json":{"title":"Campamentos de verano Cerro Muriano 2010","robots":{"index":"index","follow":"follow","max-snippet":"max-snippet:-1","max-image-preview":"max-image-preview:large","max-video-preview":"max-video-preview:-1"},"canonical":"https:\/\/miguelmoreno.org\/blog\/campamentos-de-verano-cerro-muriano-2010\/","twitter_misc":{"Escrito por":"Se llama copla","Tiempo de lectura":"1 minuto"},"schema":{"@context":"https:\/\/schema.org","@graph":[{"@type":"WebPage","@id":"https:\/\/miguelmoreno.org\/blog\/campamentos-de-verano-cerro-muriano-2010\/","url":"https:\/\/miguelmoreno.org\/blog\/campamentos-de-verano-cerro-muriano-2010\/","name":"Campamentos de verano Cerro Muriano 2010","isPartOf":{"@id":"https:\/\/miguelmoreno.org\/blog\/#website"},"datePublished":"2010-04-20T13:29:03+00:00","dateModified":"2015-06-03T22:20:30+00:00","author":{"@id":"https:\/\/miguelmoreno.org\/blog\/#\/schema\/person\/cde8639f19077551d0d59650a04b23d5"},"breadcrumb":{"@id":"https:\/\/miguelmoreno.org\/blog\/campamentos-de-verano-cerro-muriano-2010\/#breadcrumb"},"inLanguage":"es","potentialAction":[{"@type":"ReadAction","target":["https:\/\/miguelmoreno.org\/blog\/campamentos-de-verano-cerro-muriano-2010\/"]}]},{"@type":"BreadcrumbList","@id":"https:\/\/miguelmoreno.org\/blog\/campamentos-de-verano-cerro-muriano-2010\/#breadcrumb","itemListElement":[{"@type":"ListItem","position":1,"name":"Portada","item":"https:\/\/miguelmoreno.org\/blog\/"},{"@type":"ListItem","position":2,"name":"Campamentos de verano Cerro Muriano 2010"}]},{"@type":"WebSite","@id":"https:\/\/miguelmoreno.org\/blog\/#website","url":"https:\/\/miguelmoreno.org\/blog\/","name":"El Blog del Sur","description":"Cultura, conciertos, ferias, coplas...","potentialAction":[{"@type":"SearchAction","target":{"@type":"EntryPoint","urlTemplate":"https:\/\/miguelmoreno.org\/blog\/?s={search_term_string}"},"query-input":{"@type":"PropertyValueSpecification","valueRequired":true,"valueName":"search_term_string"}}],"inLanguage":"es"},{"@type":"Person","@id":"https:\/\/miguelmoreno.org\/blog\/#\/schema\/person\/cde8639f19077551d0d59650a04b23d5","name":"Se llama copla","sameAs":["https:\/\/miguelmoreno.org\/blog","https:\/\/x.com\/coplasandalucia"]}]}},"_links":{"self":[{"href":"https:\/\/miguelmoreno.org\/blog\/wp-json\/wp\/v2\/posts\/3509","targetHints":{"allow":["GET"]}}],"collection":[{"href":"https:\/\/miguelmoreno.org\/blog\/wp-json\/wp\/v2\/posts"}],"about":[{"href":"https:\/\/miguelmoreno.org\/blog\/wp-json\/wp\/v2\/types\/post"}],"author":[{"embeddable":true,"href":"https:\/\/miguelmoreno.org\/blog\/wp-json\/wp\/v2\/users\/5"}],"replies":[{"embeddable":true,"href":"https:\/\/miguelmoreno.org\/blog\/wp-json\/wp\/v2\/comments?post=3509"}],"version-history":[{"count":0,"href":"https:\/\/miguelmoreno.org\/blog\/wp-json\/wp\/v2\/posts\/3509\/revisions"}],"wp:attachment":[{"href":"https:\/\/miguelmoreno.org\/blog\/wp-json\/wp\/v2\/media?parent=3509"}],"wp:term":[{"taxonomy":"category","embeddable":true,"href":"https:\/\/miguelmoreno.org\/blog\/wp-json\/wp\/v2\/categories?post=3509"},{"taxonomy":"post_tag","embeddable":true,"href":"https:\/\/miguelmoreno.org\/blog\/wp-json\/wp\/v2\/tags?post=3509"}],"curies":[{"name":"wp","href":"https:\/\/api.w.org\/{rel}","templated":true}]}}