{"id":3549,"date":"2010-05-01T11:07:51","date_gmt":"2010-05-01T09:07:51","guid":{"rendered":"http:\/\/www.miguelmoreno.org\/blog\/?p=3549"},"modified":"2010-05-04T11:25:43","modified_gmt":"2010-05-04T09:25:43","slug":"cruces-mayo-malaga-2010","status":"publish","type":"post","link":"https:\/\/miguelmoreno.org\/blog\/cruces-mayo-malaga-2010\/","title":{"rendered":"Cruces de Mayo de Malaga 2010"},"content":{"rendered":"<p>Los d\u00edas 15 y 16 de este mes se celebrar\u00e1 la Fiesta de la Cruz en el\u00a0Distrito de Cruz de Humilladero de M\u00e1laga.<\/p>\n<p>De las 27 cruces montadas, 22 concurrir\u00e1n al tradicional Certamen de Cruces de Mayo organizado por la Junta Municipal. No participar\u00e1n las cruces de la propia Junta Municipal de Distrito, del Centro de Servicios Sociales, de la Asociaci\u00f3n de Jubilados Campo de Laurel, de la Pe\u00f1a Santa Cristina, y del Centro Social  Narda Alc\u00e1ntara.<\/p>\n<p><!--more-->Las visitas a las cruces participantes se efectuar\u00e1n entre los d\u00edas 3 y 6 de mayo de 2010. El jurado, que ser\u00e1 designado por la propia Junta del Distrito, tendr\u00e1 en cuenta el embellecimiento, la armonizaci\u00f3n, la artesan\u00eda, la perspectiva y los detalles empleados en el conjunto de la cruz. Se otorgar\u00e1n tres premios: un 1er premio dotado con 500 \u20ac, un 2\u00ba premio dotado con 350 \u20ac, y un 3er premio dotado con 200 \u20ac. Los tres recibir\u00e1n sendas placas conmemorativas.<\/p>\n<p>Posteriormente, los d\u00edas 15 y 16 de mayo, se celebrar\u00e1 en el distrito la gran Fiesta de la Cruz.<\/p>\n<p>LISTADO CRUCES DE MAYO<\/p>\n<p>0 JUNTA MUNICIPAL DE DISTRITO N\u00ba 6<br \/>\nC\/ Conde de Guadalhorce<br \/>\nInauguraci\u00f3n: 16 de mayo a las 12 h.<br \/>\n1\u00aa instalaci\u00f3n: 2007<\/p>\n<p>1 CENTRO CULTURAL RENFE<br \/>\nC\/ Poeta Mu\u00f1oz Rojas<br \/>\ndel 30 de abril al 7 de mayo   de 17 a 22 h.<br \/>\n1\u00aa instalaci\u00f3n: 1964<\/p>\n<p>2AMPA PUERTAS ABIERTAS<br \/>\nC.E.I.P. Hans Christian Andersen  C\/ Dulce Chac\u00f3n 1<br \/>\ndel 3 al 7 de mayo    de 16 a 18 h.<br \/>\n1\u00aa instalaci\u00f3n:2006<\/p>\n<p>3 HERMANDAD DE HUMILDAD Y PACIENCIA<br \/>\nCasa Hermandad Plaza M\u00aa Stma. De Dolores y Esperanza<br \/>\nDel 6 al 9 de mayo.  de 18 a 22 h.<br \/>\n1\u00aa instalaci\u00f3n: 2001<\/p>\n<p>4ASOC MAYORES GUADALMEDINA<br \/>\nC\/ Pintor Berrobianco Mel\u00e9ndez 2<br \/>\ndel 3 al 7 de mayo   de 10 a 13 y de 18 a 20 h.<br \/>\n1\u00aa instalaci\u00f3n: 2006<\/p>\n<p>5 PE\u00d1A R y C LA ASUNCI\u00d3N<br \/>\nPlaza R\u00edo Trabanco 6 local 30<br \/>\ndel 1 al 31 de mayo   de 11,30 a 14,30 y de 18,30 a 22,30 h.<br \/>\n1\u00aa instalaci\u00f3n: 1985<\/p>\n<p>6AVV LA HERMANDAD DE STA JULIA<br \/>\nC\/ Doctor Ma\u00f1as Bernabeu 11<br \/>\ndel 3 al 9 de mayo   de 11 a 13 h. y  de 18.30 a 19.30 h<br \/>\n1\u00aa instalaci\u00f3n: 2006<\/p>\n<p>7 PE\u00d1A SAN VICENTE<br \/>\nC\/ Jos\u00e9 Garc\u00eda Guerrero, 1<br \/>\nDel 1 al 6 de mayo 11 a 14 h y  de 18 a 21 h.<br \/>\n1\u00aa instalaci\u00f3n: 1976<\/p>\n<p>8 AS MUJERES LOS GERANEOS<br \/>\nCamino San Rafael (Muebles Arriaza)<br \/>\ndel 29 al 10 de mayo   todo el d\u00eda<br \/>\n1\u00aa instalaci\u00f3n: 2004<\/p>\n<p>9 FUNDACI\u00d3N OBJETIVO 1<br \/>\nPasaje Calderon y Cubero 2<br \/>\nDel 3 de mayo al 3 de junio   de 10 a 14 h.<br \/>\n1\u00aa instalaci\u00f3n: 2007<\/p>\n<p>10CENTRO SERVICIOS SOCIALES CRUZ DEL HUMILLADERO<br \/>\nC\/ Fern\u00e1ndez Fermina 7<br \/>\ndel 7 al 14 de mayo    de 9 a 14 h. y de 17 a 20 h.<br \/>\n1\u00aa instalaci\u00f3n: 2000<\/p>\n<p>11 PE\u00d1A SANTA MARTA<br \/>\nC\/ Maestro Lecuona, 5 bajo 5<br \/>\ndel 3 al 6 de mayo     de 18 a 22 h.<br \/>\n1\u00aa instalaci\u00f3n: 2000<\/p>\n<p>12 ASOC CULTURAL LOS RUISE\u00d1ORES<br \/>\nC\/ Santa Teresa 10<br \/>\ndel 3 al 10  de mayo   de 12 a 14 h. y de 18 a 21 h.<br \/>\n1\u00aa instalaci\u00f3n: 1992<\/p>\n<p>13O. S. A. H.<br \/>\nC\/ Virgen de la Fuensanta s\/n<br \/>\ndel 1 al 10 de mayo   de 11 a 14 h.<br \/>\n1\u00aa instalaci\u00f3n: 2003<\/p>\n<p>14 ASOC. DE VECINOS   320 VIVIENDAS<br \/>\nParque Isidoro Gallego<br \/>\ndel 30 de abril al 3 de mayo   todo el d\u00eda<br \/>\n1\u00aa instalaci\u00f3n: 2004<\/p>\n<p>15  CASA DE ALORA GIBRALFARO<br \/>\nC\/ Corregidor Jos\u00e9 Viciana n\u00ba 6<br \/>\nDel 30 de abril al 3 de mayo  de 12 a 20 h.<br \/>\n1\u00aa instalaci\u00f3n: 1989<br \/>\n16 PE\u00d1A RECREATIVA PALESTINA<br \/>\nC\/ Palestina 5<br \/>\ndel 28 de abril al 6 de mayo     de 19 a 22 h.<br \/>\n1\u00aa instalaci\u00f3n: 1995<\/p>\n<p>17FRATER<br \/>\nPasaje R. Gil Montes 3<br \/>\ndel 1 al 31 de mayo    fines semana de 19 a 21 h.<br \/>\n1\u00aa instalaci\u00f3n: 1974<\/p>\n<p>18 AGRUP. CULTURAL TELEFONICA<br \/>\nC\/ Ruy L\u00f3pez 40<br \/>\ndel 30 de abril al 9 de mayo   de 19 a 22 h.<br \/>\n1\u00aa instalaci\u00f3n: 2002<\/p>\n<p>19 PE\u00d1A CORTIJO DE TORRE<br \/>\nC\/  Juan Gris 6<br \/>\ndel 3 al 7 de mayo  de 19,30 a 24 h.<br \/>\n1\u00aa instalaci\u00f3n: 1986<\/p>\n<p>20 A. V. CORTIJO ALTO -ALAMEDA<br \/>\nC\/ Max Estrella s\/n<br \/>\ndel 2 al 9 de mayo  de 10 a 20 h.<br \/>\n1\u00aa instalaci\u00f3n: 2006<\/p>\n<p>21A. VV. 13 NOVIEMBRE LOS PRADOS<br \/>\nC\/ Litri s\/n (Caseta Municipal)<br \/>\ndel 2 al 10 de mayo  de 19 a 21 h.<br \/>\n1\u00aa instalaci\u00f3n: 2008<\/p>\n<p>22A.V. \u00abBIENVENIDO\u00bb S\u00c1NCHEZ BLANCAS<br \/>\nC\/ Abentofail 24<br \/>\ndel 3 al 8 de mayo     de 18 a 20 h.<br \/>\n1\u00aa instalaci\u00f3n: 2000<\/p>\n<p>23A. J. P. INTELHORCE<br \/>\nC\/ Guillermo Lee s\/n<br \/>\ndel 3 al 10 de mayo de 9,30 a 13,30 h. y de 17,30 a 21,30 h.<br \/>\n1\u00aa instalaci\u00f3n: 1998<\/p>\n<p>24 A.V. LOS CAMINANTES<br \/>\nC\/ Jose M Perez Estrada s\/n &#8211; S. Jose del Viso<br \/>\ndel 30 de abril al 8 de mayo de 16 a 20 h.<br \/>\n1\u00aa instalaci\u00f3n: 2005<\/p>\n","protected":false},"excerpt":{"rendered":"<p>Los d\u00edas 15 y 16 de este mes se celebrar\u00e1 la Fiesta de la Cruz en el\u00a0Distrito de Cruz de Humilladero de M\u00e1laga. De las 27 cruces montadas, 22 concurrir\u00e1n al tradicional Certamen de Cruces de Mayo organizado por la Junta Municipal. No participar\u00e1n las cruces de la propia Junta Municipal de Distrito, del Centro &#8230; <\/p>\n<p class=\"read-more-container\"><a title=\"Cruces de Mayo de Malaga 2010\" class=\"read-more button\" href=\"https:\/\/miguelmoreno.org\/blog\/cruces-mayo-malaga-2010\/#more-3549\" aria-label=\"Leer m\u00e1s sobre Cruces de Mayo de Malaga 2010\">M\u00e1s informaci\u00f3n<\/a><\/p>\n","protected":false},"author":5,"featured_media":0,"comment_status":"open","ping_status":"open","sticky":false,"template":"","format":"standard","meta":{"footnotes":""},"categories":[1521],"tags":[],"class_list":["post-3549","post","type-post","status-publish","format-standard","hentry","category-cruces-mayo","masonry-post","generate-columns","tablet-grid-50","mobile-grid-100","grid-parent","grid-33"],"yoast_head":"<!-- This site is optimized with the Yoast SEO plugin v25.9 - https:\/\/yoast.com\/wordpress\/plugins\/seo\/ -->\n<title>Cruces de Mayo de Malaga 2010<\/title>\n<meta name=\"robots\" content=\"index, follow, max-snippet:-1, max-image-preview:large, max-video-preview:-1\" \/>\n<link rel=\"canonical\" href=\"https:\/\/miguelmoreno.org\/blog\/cruces-mayo-malaga-2010\/\" \/>\n<meta name=\"twitter:label1\" content=\"Escrito por\" \/>\n\t<meta name=\"twitter:data1\" content=\"Se llama copla\" \/>\n\t<meta name=\"twitter:label2\" content=\"Tiempo de lectura\" \/>\n\t<meta name=\"twitter:data2\" content=\"3 minutos\" \/>\n<script type=\"application\/ld+json\" class=\"yoast-schema-graph\">{\"@context\":\"https:\/\/schema.org\",\"@graph\":[{\"@type\":\"WebPage\",\"@id\":\"https:\/\/miguelmoreno.org\/blog\/cruces-mayo-malaga-2010\/\",\"url\":\"https:\/\/miguelmoreno.org\/blog\/cruces-mayo-malaga-2010\/\",\"name\":\"Cruces de Mayo de Malaga 2010\",\"isPartOf\":{\"@id\":\"https:\/\/miguelmoreno.org\/blog\/#website\"},\"datePublished\":\"2010-05-01T09:07:51+00:00\",\"dateModified\":\"2010-05-04T09:25:43+00:00\",\"author\":{\"@id\":\"https:\/\/miguelmoreno.org\/blog\/#\/schema\/person\/cde8639f19077551d0d59650a04b23d5\"},\"breadcrumb\":{\"@id\":\"https:\/\/miguelmoreno.org\/blog\/cruces-mayo-malaga-2010\/#breadcrumb\"},\"inLanguage\":\"es\",\"potentialAction\":[{\"@type\":\"ReadAction\",\"target\":[\"https:\/\/miguelmoreno.org\/blog\/cruces-mayo-malaga-2010\/\"]}]},{\"@type\":\"BreadcrumbList\",\"@id\":\"https:\/\/miguelmoreno.org\/blog\/cruces-mayo-malaga-2010\/#breadcrumb\",\"itemListElement\":[{\"@type\":\"ListItem\",\"position\":1,\"name\":\"Portada\",\"item\":\"https:\/\/miguelmoreno.org\/blog\/\"},{\"@type\":\"ListItem\",\"position\":2,\"name\":\"Cruces de Mayo de Malaga 2010\"}]},{\"@type\":\"WebSite\",\"@id\":\"https:\/\/miguelmoreno.org\/blog\/#website\",\"url\":\"https:\/\/miguelmoreno.org\/blog\/\",\"name\":\"El Blog del Sur\",\"description\":\"Cultura, conciertos, ferias, coplas...\",\"potentialAction\":[{\"@type\":\"SearchAction\",\"target\":{\"@type\":\"EntryPoint\",\"urlTemplate\":\"https:\/\/miguelmoreno.org\/blog\/?s={search_term_string}\"},\"query-input\":{\"@type\":\"PropertyValueSpecification\",\"valueRequired\":true,\"valueName\":\"search_term_string\"}}],\"inLanguage\":\"es\"},{\"@type\":\"Person\",\"@id\":\"https:\/\/miguelmoreno.org\/blog\/#\/schema\/person\/cde8639f19077551d0d59650a04b23d5\",\"name\":\"Se llama copla\",\"sameAs\":[\"https:\/\/miguelmoreno.org\/blog\",\"https:\/\/x.com\/coplasandalucia\"]}]}<\/script>\n<!-- \/ Yoast SEO plugin. -->","yoast_head_json":{"title":"Cruces de Mayo de Malaga 2010","robots":{"index":"index","follow":"follow","max-snippet":"max-snippet:-1","max-image-preview":"max-image-preview:large","max-video-preview":"max-video-preview:-1"},"canonical":"https:\/\/miguelmoreno.org\/blog\/cruces-mayo-malaga-2010\/","twitter_misc":{"Escrito por":"Se llama copla","Tiempo de lectura":"3 minutos"},"schema":{"@context":"https:\/\/schema.org","@graph":[{"@type":"WebPage","@id":"https:\/\/miguelmoreno.org\/blog\/cruces-mayo-malaga-2010\/","url":"https:\/\/miguelmoreno.org\/blog\/cruces-mayo-malaga-2010\/","name":"Cruces de Mayo de Malaga 2010","isPartOf":{"@id":"https:\/\/miguelmoreno.org\/blog\/#website"},"datePublished":"2010-05-01T09:07:51+00:00","dateModified":"2010-05-04T09:25:43+00:00","author":{"@id":"https:\/\/miguelmoreno.org\/blog\/#\/schema\/person\/cde8639f19077551d0d59650a04b23d5"},"breadcrumb":{"@id":"https:\/\/miguelmoreno.org\/blog\/cruces-mayo-malaga-2010\/#breadcrumb"},"inLanguage":"es","potentialAction":[{"@type":"ReadAction","target":["https:\/\/miguelmoreno.org\/blog\/cruces-mayo-malaga-2010\/"]}]},{"@type":"BreadcrumbList","@id":"https:\/\/miguelmoreno.org\/blog\/cruces-mayo-malaga-2010\/#breadcrumb","itemListElement":[{"@type":"ListItem","position":1,"name":"Portada","item":"https:\/\/miguelmoreno.org\/blog\/"},{"@type":"ListItem","position":2,"name":"Cruces de Mayo de Malaga 2010"}]},{"@type":"WebSite","@id":"https:\/\/miguelmoreno.org\/blog\/#website","url":"https:\/\/miguelmoreno.org\/blog\/","name":"El Blog del Sur","description":"Cultura, conciertos, ferias, coplas...","potentialAction":[{"@type":"SearchAction","target":{"@type":"EntryPoint","urlTemplate":"https:\/\/miguelmoreno.org\/blog\/?s={search_term_string}"},"query-input":{"@type":"PropertyValueSpecification","valueRequired":true,"valueName":"search_term_string"}}],"inLanguage":"es"},{"@type":"Person","@id":"https:\/\/miguelmoreno.org\/blog\/#\/schema\/person\/cde8639f19077551d0d59650a04b23d5","name":"Se llama copla","sameAs":["https:\/\/miguelmoreno.org\/blog","https:\/\/x.com\/coplasandalucia"]}]}},"_links":{"self":[{"href":"https:\/\/miguelmoreno.org\/blog\/wp-json\/wp\/v2\/posts\/3549","targetHints":{"allow":["GET"]}}],"collection":[{"href":"https:\/\/miguelmoreno.org\/blog\/wp-json\/wp\/v2\/posts"}],"about":[{"href":"https:\/\/miguelmoreno.org\/blog\/wp-json\/wp\/v2\/types\/post"}],"author":[{"embeddable":true,"href":"https:\/\/miguelmoreno.org\/blog\/wp-json\/wp\/v2\/users\/5"}],"replies":[{"embeddable":true,"href":"https:\/\/miguelmoreno.org\/blog\/wp-json\/wp\/v2\/comments?post=3549"}],"version-history":[{"count":0,"href":"https:\/\/miguelmoreno.org\/blog\/wp-json\/wp\/v2\/posts\/3549\/revisions"}],"wp:attachment":[{"href":"https:\/\/miguelmoreno.org\/blog\/wp-json\/wp\/v2\/media?parent=3549"}],"wp:term":[{"taxonomy":"category","embeddable":true,"href":"https:\/\/miguelmoreno.org\/blog\/wp-json\/wp\/v2\/categories?post=3549"},{"taxonomy":"post_tag","embeddable":true,"href":"https:\/\/miguelmoreno.org\/blog\/wp-json\/wp\/v2\/tags?post=3549"}],"curies":[{"name":"wp","href":"https:\/\/api.w.org\/{rel}","templated":true}]}}