{"id":3552,"date":"2010-05-01T11:21:24","date_gmt":"2010-05-01T09:21:24","guid":{"rendered":"http:\/\/www.miguelmoreno.org\/blog\/?p=3552"},"modified":"2015-06-03T11:52:38","modified_gmt":"2015-06-03T09:52:38","slug":"cruces-mayo-granada-2010","status":"publish","type":"post","link":"https:\/\/miguelmoreno.org\/blog\/cruces-mayo-granada-2010\/","title":{"rendered":"Cruces de Mayo de Granada 2010"},"content":{"rendered":"<p>El pr\u00f3ximo <strong>lunes 3 de mayo<\/strong>, medio centenar de <a href=\"http:\/\/www.arrabal.eu\/granada\/crucesmayo.html\">cruces<\/a> adornadas con claveles, mantillas y cacharros de cobre, lucir\u00e1n en distintos puntos de la ciudad, en la celebraci\u00f3n del <strong><a href=\"http:\/\/www.arrabal.eu\/granada\/crucesmayo.html\">D\u00eda de la Cruz<\/a><\/strong>, una festividad que en su edici\u00f3n 2010 cuenta con el patrocinio especial de Cervezas Alhambra.<\/p>\n<p>Del total de <strong>51 cruces presentada<\/strong>s a concurso, 16 corresponden a la secci\u00f3n de `Calles y plazas\u00b4, 19 a la modalidad de `Patios\u00b4, 9 lucir\u00e1n en `Colegios\u00b4, y otras 9, escaparates de comercios y establecimientos de la ciudad.<br \/>\n<object width=\"425\" height=\"350\" data=\"http:\/\/www.youtube.com\/v\/sTGz5zJquFQ\" type=\"application\/x-shockwave-flash\"><param name=\"src\" value=\"http:\/\/www.youtube.com\/v\/sTGz5zJquFQ\" \/><\/object><\/p>\n<p><!--more-->La fiesta <strong>comenzar\u00e1 a las 12:00 hs del lunes 3 de mayo<\/strong> con el preg\u00f3n que este a\u00f1o pronunciar\u00e1 el artista Juan Andr\u00e9s Maya en el sal\u00f3n de plenos de la Casa Consistorial. No obstante, quienes deseen <strong>visitar las cruce<\/strong>s instaladas, podr\u00e1n hacerlo desde la <strong>tarde del domingo<\/strong>, ya que el montaje de los distintos elementos deber\u00e1 estar finalizado a las <strong>17:00<\/strong> hs del d\u00eda 2, seg\u00fan la normativa prevista.<\/p>\n<p>Por la tarde, la <strong>plaza del Carmen<\/strong> acoger\u00e1 <strong>desde las cinco de la tarde<\/strong> distintas <strong>actuaciones de grupos de bailes regionale<\/strong>s y coros, y a las 20:00 hs, la <strong>Banda Municipal de M\u00fasica<\/strong> ofrecer\u00e1 un <strong>concierto extraordinario en la plaza de las Pasiegas<\/strong>.<\/p>\n<p>Este a\u00f1o, el cartel del D\u00eda de la Cruz es una reproducci\u00f3n de una acuarela titulada `Gitanilla\u00b4, propiedad del Ayuntamiento y ubicada en la Casa Museo Manuel de Falla.<\/p>\n","protected":false},"excerpt":{"rendered":"<p>El pr\u00f3ximo lunes 3 de mayo, medio centenar de cruces adornadas con claveles, mantillas y cacharros de cobre, lucir\u00e1n en distintos puntos de la ciudad, en la celebraci\u00f3n del D\u00eda de la Cruz, una festividad que en su edici\u00f3n 2010 cuenta con el patrocinio especial de Cervezas Alhambra. Del total de 51 cruces presentadas a &#8230; <\/p>\n<p class=\"read-more-container\"><a title=\"Cruces de Mayo de Granada 2010\" class=\"read-more button\" href=\"https:\/\/miguelmoreno.org\/blog\/cruces-mayo-granada-2010\/#more-3552\" aria-label=\"Leer m\u00e1s sobre Cruces de Mayo de Granada 2010\">M\u00e1s informaci\u00f3n<\/a><\/p>\n","protected":false},"author":5,"featured_media":0,"comment_status":"open","ping_status":"open","sticky":false,"template":"","format":"standard","meta":{"footnotes":""},"categories":[1521],"tags":[],"class_list":["post-3552","post","type-post","status-publish","format-standard","hentry","category-cruces-mayo","masonry-post","generate-columns","tablet-grid-50","mobile-grid-100","grid-parent","grid-33"],"yoast_head":"<!-- This site is optimized with the Yoast SEO plugin v25.9 - https:\/\/yoast.com\/wordpress\/plugins\/seo\/ -->\n<title>Cruces de Mayo de Granada 2010<\/title>\n<meta name=\"robots\" content=\"index, follow, max-snippet:-1, max-image-preview:large, max-video-preview:-1\" \/>\n<link rel=\"canonical\" href=\"https:\/\/miguelmoreno.org\/blog\/cruces-mayo-granada-2010\/\" \/>\n<meta name=\"twitter:label1\" content=\"Escrito por\" \/>\n\t<meta name=\"twitter:data1\" content=\"Se llama copla\" \/>\n\t<meta name=\"twitter:label2\" content=\"Tiempo de lectura\" \/>\n\t<meta name=\"twitter:data2\" content=\"1 minuto\" \/>\n<script type=\"application\/ld+json\" class=\"yoast-schema-graph\">{\"@context\":\"https:\/\/schema.org\",\"@graph\":[{\"@type\":\"WebPage\",\"@id\":\"https:\/\/miguelmoreno.org\/blog\/cruces-mayo-granada-2010\/\",\"url\":\"https:\/\/miguelmoreno.org\/blog\/cruces-mayo-granada-2010\/\",\"name\":\"Cruces de Mayo de Granada 2010\",\"isPartOf\":{\"@id\":\"https:\/\/miguelmoreno.org\/blog\/#website\"},\"datePublished\":\"2010-05-01T09:21:24+00:00\",\"dateModified\":\"2015-06-03T09:52:38+00:00\",\"author\":{\"@id\":\"https:\/\/miguelmoreno.org\/blog\/#\/schema\/person\/cde8639f19077551d0d59650a04b23d5\"},\"breadcrumb\":{\"@id\":\"https:\/\/miguelmoreno.org\/blog\/cruces-mayo-granada-2010\/#breadcrumb\"},\"inLanguage\":\"es\",\"potentialAction\":[{\"@type\":\"ReadAction\",\"target\":[\"https:\/\/miguelmoreno.org\/blog\/cruces-mayo-granada-2010\/\"]}]},{\"@type\":\"BreadcrumbList\",\"@id\":\"https:\/\/miguelmoreno.org\/blog\/cruces-mayo-granada-2010\/#breadcrumb\",\"itemListElement\":[{\"@type\":\"ListItem\",\"position\":1,\"name\":\"Portada\",\"item\":\"https:\/\/miguelmoreno.org\/blog\/\"},{\"@type\":\"ListItem\",\"position\":2,\"name\":\"Cruces de Mayo de Granada 2010\"}]},{\"@type\":\"WebSite\",\"@id\":\"https:\/\/miguelmoreno.org\/blog\/#website\",\"url\":\"https:\/\/miguelmoreno.org\/blog\/\",\"name\":\"El Blog del Sur\",\"description\":\"Cultura, conciertos, ferias, coplas...\",\"potentialAction\":[{\"@type\":\"SearchAction\",\"target\":{\"@type\":\"EntryPoint\",\"urlTemplate\":\"https:\/\/miguelmoreno.org\/blog\/?s={search_term_string}\"},\"query-input\":{\"@type\":\"PropertyValueSpecification\",\"valueRequired\":true,\"valueName\":\"search_term_string\"}}],\"inLanguage\":\"es\"},{\"@type\":\"Person\",\"@id\":\"https:\/\/miguelmoreno.org\/blog\/#\/schema\/person\/cde8639f19077551d0d59650a04b23d5\",\"name\":\"Se llama copla\",\"sameAs\":[\"https:\/\/miguelmoreno.org\/blog\",\"https:\/\/x.com\/coplasandalucia\"]}]}<\/script>\n<!-- \/ Yoast SEO plugin. -->","yoast_head_json":{"title":"Cruces de Mayo de Granada 2010","robots":{"index":"index","follow":"follow","max-snippet":"max-snippet:-1","max-image-preview":"max-image-preview:large","max-video-preview":"max-video-preview:-1"},"canonical":"https:\/\/miguelmoreno.org\/blog\/cruces-mayo-granada-2010\/","twitter_misc":{"Escrito por":"Se llama copla","Tiempo de lectura":"1 minuto"},"schema":{"@context":"https:\/\/schema.org","@graph":[{"@type":"WebPage","@id":"https:\/\/miguelmoreno.org\/blog\/cruces-mayo-granada-2010\/","url":"https:\/\/miguelmoreno.org\/blog\/cruces-mayo-granada-2010\/","name":"Cruces de Mayo de Granada 2010","isPartOf":{"@id":"https:\/\/miguelmoreno.org\/blog\/#website"},"datePublished":"2010-05-01T09:21:24+00:00","dateModified":"2015-06-03T09:52:38+00:00","author":{"@id":"https:\/\/miguelmoreno.org\/blog\/#\/schema\/person\/cde8639f19077551d0d59650a04b23d5"},"breadcrumb":{"@id":"https:\/\/miguelmoreno.org\/blog\/cruces-mayo-granada-2010\/#breadcrumb"},"inLanguage":"es","potentialAction":[{"@type":"ReadAction","target":["https:\/\/miguelmoreno.org\/blog\/cruces-mayo-granada-2010\/"]}]},{"@type":"BreadcrumbList","@id":"https:\/\/miguelmoreno.org\/blog\/cruces-mayo-granada-2010\/#breadcrumb","itemListElement":[{"@type":"ListItem","position":1,"name":"Portada","item":"https:\/\/miguelmoreno.org\/blog\/"},{"@type":"ListItem","position":2,"name":"Cruces de Mayo de Granada 2010"}]},{"@type":"WebSite","@id":"https:\/\/miguelmoreno.org\/blog\/#website","url":"https:\/\/miguelmoreno.org\/blog\/","name":"El Blog del Sur","description":"Cultura, conciertos, ferias, coplas...","potentialAction":[{"@type":"SearchAction","target":{"@type":"EntryPoint","urlTemplate":"https:\/\/miguelmoreno.org\/blog\/?s={search_term_string}"},"query-input":{"@type":"PropertyValueSpecification","valueRequired":true,"valueName":"search_term_string"}}],"inLanguage":"es"},{"@type":"Person","@id":"https:\/\/miguelmoreno.org\/blog\/#\/schema\/person\/cde8639f19077551d0d59650a04b23d5","name":"Se llama copla","sameAs":["https:\/\/miguelmoreno.org\/blog","https:\/\/x.com\/coplasandalucia"]}]}},"_links":{"self":[{"href":"https:\/\/miguelmoreno.org\/blog\/wp-json\/wp\/v2\/posts\/3552","targetHints":{"allow":["GET"]}}],"collection":[{"href":"https:\/\/miguelmoreno.org\/blog\/wp-json\/wp\/v2\/posts"}],"about":[{"href":"https:\/\/miguelmoreno.org\/blog\/wp-json\/wp\/v2\/types\/post"}],"author":[{"embeddable":true,"href":"https:\/\/miguelmoreno.org\/blog\/wp-json\/wp\/v2\/users\/5"}],"replies":[{"embeddable":true,"href":"https:\/\/miguelmoreno.org\/blog\/wp-json\/wp\/v2\/comments?post=3552"}],"version-history":[{"count":0,"href":"https:\/\/miguelmoreno.org\/blog\/wp-json\/wp\/v2\/posts\/3552\/revisions"}],"wp:attachment":[{"href":"https:\/\/miguelmoreno.org\/blog\/wp-json\/wp\/v2\/media?parent=3552"}],"wp:term":[{"taxonomy":"category","embeddable":true,"href":"https:\/\/miguelmoreno.org\/blog\/wp-json\/wp\/v2\/categories?post=3552"},{"taxonomy":"post_tag","embeddable":true,"href":"https:\/\/miguelmoreno.org\/blog\/wp-json\/wp\/v2\/tags?post=3552"}],"curies":[{"name":"wp","href":"https:\/\/api.w.org\/{rel}","templated":true}]}}