{"id":3556,"date":"2010-05-01T11:47:35","date_gmt":"2010-05-01T09:47:35","guid":{"rendered":"http:\/\/www.miguelmoreno.org\/blog\/?p=3556"},"modified":"2010-05-04T11:24:11","modified_gmt":"2010-05-04T09:24:11","slug":"cruces-de-mayo-de-barcelona-2010","status":"publish","type":"post","link":"https:\/\/miguelmoreno.org\/blog\/cruces-de-mayo-de-barcelona-2010\/","title":{"rendered":"Cruces de Mayo de Barcelona 2010"},"content":{"rendered":"<p>Sabado 8 de Mayo 2010 en Hospitalet de Llobregat<br \/>\n17:00 Procesi\u00f3n de Ntra Sra de los Remedios (Salida de Plaza de la Bobila)<\/p>\n<p>20:00 Festival Andaluz con:<br \/>\n&#8211; Academia de baile Concha Ruiz<br \/>\n&#8211; Tertulia Flamenca<br \/>\n&#8211; Asociaci\u00f3n Cultural Andaluza de Hospitalet<br \/>\n&#8211; Marismas del Guadalquivir<br \/>\n&#8211; Hermandad Nuestra Se\u00f1ora del Roc\u00edo \u00abPastorcillo Divino\u00bb<br \/>\n&#8211; Grupo Amantes<\/p>\n","protected":false},"excerpt":{"rendered":"<p>Sabado 8 de Mayo 2010 en Hospitalet de Llobregat 17:00 Procesi\u00f3n de Ntra Sra de los Remedios (Salida de Plaza de la Bobila) 20:00 Festival Andaluz con: &#8211; Academia de baile Concha Ruiz &#8211; Tertulia Flamenca &#8211; Asociaci\u00f3n Cultural Andaluza de Hospitalet &#8211; Marismas del Guadalquivir &#8211; Hermandad Nuestra Se\u00f1ora del Roc\u00edo \u00abPastorcillo Divino\u00bb &#8211; &#8230; <\/p>\n<p class=\"read-more-container\"><a title=\"Cruces de Mayo de Barcelona 2010\" class=\"read-more button\" href=\"https:\/\/miguelmoreno.org\/blog\/cruces-de-mayo-de-barcelona-2010\/#more-3556\" aria-label=\"Leer m\u00e1s sobre Cruces de Mayo de Barcelona 2010\">M\u00e1s informaci\u00f3n<\/a><\/p>\n","protected":false},"author":5,"featured_media":0,"comment_status":"open","ping_status":"open","sticky":false,"template":"","format":"standard","meta":{"footnotes":""},"categories":[1521],"tags":[],"class_list":["post-3556","post","type-post","status-publish","format-standard","hentry","category-cruces-mayo","masonry-post","generate-columns","tablet-grid-50","mobile-grid-100","grid-parent","grid-33"],"yoast_head":"<!-- This site is optimized with the Yoast SEO plugin v25.9 - https:\/\/yoast.com\/wordpress\/plugins\/seo\/ -->\n<title>Cruces de Mayo de Barcelona 2010<\/title>\n<meta name=\"robots\" content=\"index, follow, max-snippet:-1, max-image-preview:large, max-video-preview:-1\" \/>\n<link rel=\"canonical\" href=\"https:\/\/miguelmoreno.org\/blog\/cruces-de-mayo-de-barcelona-2010\/\" \/>\n<meta name=\"twitter:label1\" content=\"Escrito por\" \/>\n\t<meta name=\"twitter:data1\" content=\"Se llama copla\" \/>\n<script type=\"application\/ld+json\" class=\"yoast-schema-graph\">{\"@context\":\"https:\/\/schema.org\",\"@graph\":[{\"@type\":\"WebPage\",\"@id\":\"https:\/\/miguelmoreno.org\/blog\/cruces-de-mayo-de-barcelona-2010\/\",\"url\":\"https:\/\/miguelmoreno.org\/blog\/cruces-de-mayo-de-barcelona-2010\/\",\"name\":\"Cruces de Mayo de Barcelona 2010\",\"isPartOf\":{\"@id\":\"https:\/\/miguelmoreno.org\/blog\/#website\"},\"datePublished\":\"2010-05-01T09:47:35+00:00\",\"dateModified\":\"2010-05-04T09:24:11+00:00\",\"author\":{\"@id\":\"https:\/\/miguelmoreno.org\/blog\/#\/schema\/person\/cde8639f19077551d0d59650a04b23d5\"},\"breadcrumb\":{\"@id\":\"https:\/\/miguelmoreno.org\/blog\/cruces-de-mayo-de-barcelona-2010\/#breadcrumb\"},\"inLanguage\":\"es\",\"potentialAction\":[{\"@type\":\"ReadAction\",\"target\":[\"https:\/\/miguelmoreno.org\/blog\/cruces-de-mayo-de-barcelona-2010\/\"]}]},{\"@type\":\"BreadcrumbList\",\"@id\":\"https:\/\/miguelmoreno.org\/blog\/cruces-de-mayo-de-barcelona-2010\/#breadcrumb\",\"itemListElement\":[{\"@type\":\"ListItem\",\"position\":1,\"name\":\"Portada\",\"item\":\"https:\/\/miguelmoreno.org\/blog\/\"},{\"@type\":\"ListItem\",\"position\":2,\"name\":\"Cruces de Mayo de Barcelona 2010\"}]},{\"@type\":\"WebSite\",\"@id\":\"https:\/\/miguelmoreno.org\/blog\/#website\",\"url\":\"https:\/\/miguelmoreno.org\/blog\/\",\"name\":\"El Blog del Sur\",\"description\":\"Cultura, conciertos, ferias, coplas...\",\"potentialAction\":[{\"@type\":\"SearchAction\",\"target\":{\"@type\":\"EntryPoint\",\"urlTemplate\":\"https:\/\/miguelmoreno.org\/blog\/?s={search_term_string}\"},\"query-input\":{\"@type\":\"PropertyValueSpecification\",\"valueRequired\":true,\"valueName\":\"search_term_string\"}}],\"inLanguage\":\"es\"},{\"@type\":\"Person\",\"@id\":\"https:\/\/miguelmoreno.org\/blog\/#\/schema\/person\/cde8639f19077551d0d59650a04b23d5\",\"name\":\"Se llama copla\",\"sameAs\":[\"https:\/\/miguelmoreno.org\/blog\",\"https:\/\/x.com\/coplasandalucia\"]}]}<\/script>\n<!-- \/ Yoast SEO plugin. -->","yoast_head_json":{"title":"Cruces de Mayo de Barcelona 2010","robots":{"index":"index","follow":"follow","max-snippet":"max-snippet:-1","max-image-preview":"max-image-preview:large","max-video-preview":"max-video-preview:-1"},"canonical":"https:\/\/miguelmoreno.org\/blog\/cruces-de-mayo-de-barcelona-2010\/","twitter_misc":{"Escrito por":"Se llama copla"},"schema":{"@context":"https:\/\/schema.org","@graph":[{"@type":"WebPage","@id":"https:\/\/miguelmoreno.org\/blog\/cruces-de-mayo-de-barcelona-2010\/","url":"https:\/\/miguelmoreno.org\/blog\/cruces-de-mayo-de-barcelona-2010\/","name":"Cruces de Mayo de Barcelona 2010","isPartOf":{"@id":"https:\/\/miguelmoreno.org\/blog\/#website"},"datePublished":"2010-05-01T09:47:35+00:00","dateModified":"2010-05-04T09:24:11+00:00","author":{"@id":"https:\/\/miguelmoreno.org\/blog\/#\/schema\/person\/cde8639f19077551d0d59650a04b23d5"},"breadcrumb":{"@id":"https:\/\/miguelmoreno.org\/blog\/cruces-de-mayo-de-barcelona-2010\/#breadcrumb"},"inLanguage":"es","potentialAction":[{"@type":"ReadAction","target":["https:\/\/miguelmoreno.org\/blog\/cruces-de-mayo-de-barcelona-2010\/"]}]},{"@type":"BreadcrumbList","@id":"https:\/\/miguelmoreno.org\/blog\/cruces-de-mayo-de-barcelona-2010\/#breadcrumb","itemListElement":[{"@type":"ListItem","position":1,"name":"Portada","item":"https:\/\/miguelmoreno.org\/blog\/"},{"@type":"ListItem","position":2,"name":"Cruces de Mayo de Barcelona 2010"}]},{"@type":"WebSite","@id":"https:\/\/miguelmoreno.org\/blog\/#website","url":"https:\/\/miguelmoreno.org\/blog\/","name":"El Blog del Sur","description":"Cultura, conciertos, ferias, coplas...","potentialAction":[{"@type":"SearchAction","target":{"@type":"EntryPoint","urlTemplate":"https:\/\/miguelmoreno.org\/blog\/?s={search_term_string}"},"query-input":{"@type":"PropertyValueSpecification","valueRequired":true,"valueName":"search_term_string"}}],"inLanguage":"es"},{"@type":"Person","@id":"https:\/\/miguelmoreno.org\/blog\/#\/schema\/person\/cde8639f19077551d0d59650a04b23d5","name":"Se llama copla","sameAs":["https:\/\/miguelmoreno.org\/blog","https:\/\/x.com\/coplasandalucia"]}]}},"_links":{"self":[{"href":"https:\/\/miguelmoreno.org\/blog\/wp-json\/wp\/v2\/posts\/3556","targetHints":{"allow":["GET"]}}],"collection":[{"href":"https:\/\/miguelmoreno.org\/blog\/wp-json\/wp\/v2\/posts"}],"about":[{"href":"https:\/\/miguelmoreno.org\/blog\/wp-json\/wp\/v2\/types\/post"}],"author":[{"embeddable":true,"href":"https:\/\/miguelmoreno.org\/blog\/wp-json\/wp\/v2\/users\/5"}],"replies":[{"embeddable":true,"href":"https:\/\/miguelmoreno.org\/blog\/wp-json\/wp\/v2\/comments?post=3556"}],"version-history":[{"count":0,"href":"https:\/\/miguelmoreno.org\/blog\/wp-json\/wp\/v2\/posts\/3556\/revisions"}],"wp:attachment":[{"href":"https:\/\/miguelmoreno.org\/blog\/wp-json\/wp\/v2\/media?parent=3556"}],"wp:term":[{"taxonomy":"category","embeddable":true,"href":"https:\/\/miguelmoreno.org\/blog\/wp-json\/wp\/v2\/categories?post=3556"},{"taxonomy":"post_tag","embeddable":true,"href":"https:\/\/miguelmoreno.org\/blog\/wp-json\/wp\/v2\/tags?post=3556"}],"curies":[{"name":"wp","href":"https:\/\/api.w.org\/{rel}","templated":true}]}}