{"id":4027,"date":"2010-09-28T22:30:54","date_gmt":"2010-09-28T20:30:54","guid":{"rendered":"http:\/\/www.miguelmoreno.org\/blog\/?p=4027"},"modified":"2015-06-04T00:14:57","modified_gmt":"2015-06-03T22:14:57","slug":"festival-de-cine-frances-de-malaga-2010","status":"publish","type":"post","link":"https:\/\/miguelmoreno.org\/blog\/festival-de-cine-frances-de-malaga-2010\/","title":{"rendered":"Festival de Cine Franc\u00e9s de Malaga 2010"},"content":{"rendered":"<p>Se desarrollar\u00e1 en el cine Alb\u00e9niz del 15 al 23 de octubre, organizado por la Alianza Francesa de M\u00e1laga<\/p>\n<p>Se proyectar\u00e1n 14 largometrajes franceses en versi\u00f3n original subtitulada en castellano, todos formando un abanico representativo de lo mejor de la producci\u00f3n cinematogr\u00e1fica francesa actual para el gran p\u00fablico y los escolares. Organizado por la Alianza Francesa de M\u00e1laga, el Festival de Cine Franc\u00e9s se ha convertido a\u00f1o tras a\u00f1o en uno de los m\u00e1s destacados programas culturales franceses en Espa\u00f1a.<\/p>\n<p><!--more-->Este a\u00f1o, la programaci\u00f3n de las tradicionales Sesiones de Noche refleja la diversidad y riqueza del cine franc\u00e9s contempor\u00e1neo a trav\u00e9s de una selecci\u00f3n ecl\u00e9ctica de 9 largometrajes de ficci\u00f3n. Se proyectar\u00e1n todas las noches del 15 al 23 de octubre: pel\u00edculas multipremiadas (Un profeta), pel\u00edculas in\u00e9ditas en M\u00e1laga (La belle personne), un cuento biogr\u00e1fico (Gainsbourg &#8211; Vida de un h\u00e9roe), comedias taquilleras (El peque\u00f1o Nicol\u00e1s, Tardes con Margueritte), dramas (Partir) y comedias dram\u00e1ticas (Par\u00eds, Toda la culpa es de mi madre). Adem\u00e1s, seg\u00fan nos se\u00f1ala la tradici\u00f3n, se proyectar\u00e1 para la clausura una pel\u00edcula sorpresa que ser\u00e1 este a\u00f1o una comedia del a\u00f1o 2009 apta para todos los p\u00fablicos.<\/p>\n<p>Por primera vez, el Festival crea en 2010 el Premio del P\u00fablico, invitando a los espectadores a votar por la mejor pel\u00edcula de las Sesiones de Noche.<\/p>\n<p>Por cuarto a\u00f1o consecutivo, el Festival de Cine Franc\u00e9s propone Sesiones Matinales exclusivamente dedicadas a los escolares con la proyecci\u00f3n de 2 pel\u00edculas de ficci\u00f3n y de 2 largometrajes de animaci\u00f3n. Por otra parte, se difundir\u00e1 la programaci\u00f3n m\u00e1s all\u00e1 de la ciudad de M\u00e1laga con la proyecci\u00f3n de 3 pel\u00edculas in\u00e9ditas en Espa\u00f1a en la FNAC de Marbella con motivo de las Sesiones Paralelas.<\/p>\n<p>M\u00e1s informaci\u00f3n<br \/>\n952 22 08 60 \/ afmalaga-com@telefonica.net<br \/>\n<a href=\"http:\/\/www.alianzafrancesamalaga.com\/\" target=\"_blank\">www.alianzafrancesamalaga.com <\/a><\/p>\n","protected":false},"excerpt":{"rendered":"<p>Se desarrollar\u00e1 en el cine Alb\u00e9niz del 15 al 23 de octubre, organizado por la Alianza Francesa de M\u00e1laga Se proyectar\u00e1n 14 largometrajes franceses en versi\u00f3n original subtitulada en castellano, todos formando un abanico representativo de lo mejor de la producci\u00f3n cinematogr\u00e1fica francesa actual para el gran p\u00fablico y los escolares. Organizado por la Alianza &#8230; <\/p>\n<p class=\"read-more-container\"><a title=\"Festival de Cine Franc\u00e9s de Malaga 2010\" class=\"read-more button\" href=\"https:\/\/miguelmoreno.org\/blog\/festival-de-cine-frances-de-malaga-2010\/#more-4027\" aria-label=\"Leer m\u00e1s sobre Festival de Cine Franc\u00e9s de Malaga 2010\">M\u00e1s informaci\u00f3n<\/a><\/p>\n","protected":false},"author":5,"featured_media":0,"comment_status":"open","ping_status":"open","sticky":false,"template":"","format":"standard","meta":{"footnotes":""},"categories":[1],"tags":[174],"class_list":["post-4027","post","type-post","status-publish","format-standard","hentry","category-general","tag-cine","masonry-post","generate-columns","tablet-grid-50","mobile-grid-100","grid-parent","grid-33"],"yoast_head":"<!-- This site is optimized with the Yoast SEO plugin v25.9 - https:\/\/yoast.com\/wordpress\/plugins\/seo\/ -->\n<title>Festival de Cine Franc\u00e9s de Malaga 2010<\/title>\n<meta name=\"robots\" content=\"index, follow, max-snippet:-1, max-image-preview:large, max-video-preview:-1\" \/>\n<link rel=\"canonical\" href=\"https:\/\/miguelmoreno.org\/blog\/festival-de-cine-frances-de-malaga-2010\/\" \/>\n<meta name=\"twitter:label1\" content=\"Escrito por\" \/>\n\t<meta name=\"twitter:data1\" content=\"Se llama copla\" \/>\n\t<meta name=\"twitter:label2\" content=\"Tiempo de lectura\" \/>\n\t<meta name=\"twitter:data2\" content=\"2 minutos\" \/>\n<script type=\"application\/ld+json\" class=\"yoast-schema-graph\">{\"@context\":\"https:\/\/schema.org\",\"@graph\":[{\"@type\":\"WebPage\",\"@id\":\"https:\/\/miguelmoreno.org\/blog\/festival-de-cine-frances-de-malaga-2010\/\",\"url\":\"https:\/\/miguelmoreno.org\/blog\/festival-de-cine-frances-de-malaga-2010\/\",\"name\":\"Festival de Cine Franc\u00e9s de Malaga 2010\",\"isPartOf\":{\"@id\":\"https:\/\/miguelmoreno.org\/blog\/#website\"},\"datePublished\":\"2010-09-28T20:30:54+00:00\",\"dateModified\":\"2015-06-03T22:14:57+00:00\",\"author\":{\"@id\":\"https:\/\/miguelmoreno.org\/blog\/#\/schema\/person\/cde8639f19077551d0d59650a04b23d5\"},\"breadcrumb\":{\"@id\":\"https:\/\/miguelmoreno.org\/blog\/festival-de-cine-frances-de-malaga-2010\/#breadcrumb\"},\"inLanguage\":\"es\",\"potentialAction\":[{\"@type\":\"ReadAction\",\"target\":[\"https:\/\/miguelmoreno.org\/blog\/festival-de-cine-frances-de-malaga-2010\/\"]}]},{\"@type\":\"BreadcrumbList\",\"@id\":\"https:\/\/miguelmoreno.org\/blog\/festival-de-cine-frances-de-malaga-2010\/#breadcrumb\",\"itemListElement\":[{\"@type\":\"ListItem\",\"position\":1,\"name\":\"Portada\",\"item\":\"https:\/\/miguelmoreno.org\/blog\/\"},{\"@type\":\"ListItem\",\"position\":2,\"name\":\"Festival de Cine Franc\u00e9s de Malaga 2010\"}]},{\"@type\":\"WebSite\",\"@id\":\"https:\/\/miguelmoreno.org\/blog\/#website\",\"url\":\"https:\/\/miguelmoreno.org\/blog\/\",\"name\":\"El Blog del Sur\",\"description\":\"Cultura, conciertos, ferias, coplas...\",\"potentialAction\":[{\"@type\":\"SearchAction\",\"target\":{\"@type\":\"EntryPoint\",\"urlTemplate\":\"https:\/\/miguelmoreno.org\/blog\/?s={search_term_string}\"},\"query-input\":{\"@type\":\"PropertyValueSpecification\",\"valueRequired\":true,\"valueName\":\"search_term_string\"}}],\"inLanguage\":\"es\"},{\"@type\":\"Person\",\"@id\":\"https:\/\/miguelmoreno.org\/blog\/#\/schema\/person\/cde8639f19077551d0d59650a04b23d5\",\"name\":\"Se llama copla\",\"sameAs\":[\"https:\/\/miguelmoreno.org\/blog\",\"https:\/\/x.com\/coplasandalucia\"]}]}<\/script>\n<!-- \/ Yoast SEO plugin. -->","yoast_head_json":{"title":"Festival de Cine Franc\u00e9s de Malaga 2010","robots":{"index":"index","follow":"follow","max-snippet":"max-snippet:-1","max-image-preview":"max-image-preview:large","max-video-preview":"max-video-preview:-1"},"canonical":"https:\/\/miguelmoreno.org\/blog\/festival-de-cine-frances-de-malaga-2010\/","twitter_misc":{"Escrito por":"Se llama copla","Tiempo de lectura":"2 minutos"},"schema":{"@context":"https:\/\/schema.org","@graph":[{"@type":"WebPage","@id":"https:\/\/miguelmoreno.org\/blog\/festival-de-cine-frances-de-malaga-2010\/","url":"https:\/\/miguelmoreno.org\/blog\/festival-de-cine-frances-de-malaga-2010\/","name":"Festival de Cine Franc\u00e9s de Malaga 2010","isPartOf":{"@id":"https:\/\/miguelmoreno.org\/blog\/#website"},"datePublished":"2010-09-28T20:30:54+00:00","dateModified":"2015-06-03T22:14:57+00:00","author":{"@id":"https:\/\/miguelmoreno.org\/blog\/#\/schema\/person\/cde8639f19077551d0d59650a04b23d5"},"breadcrumb":{"@id":"https:\/\/miguelmoreno.org\/blog\/festival-de-cine-frances-de-malaga-2010\/#breadcrumb"},"inLanguage":"es","potentialAction":[{"@type":"ReadAction","target":["https:\/\/miguelmoreno.org\/blog\/festival-de-cine-frances-de-malaga-2010\/"]}]},{"@type":"BreadcrumbList","@id":"https:\/\/miguelmoreno.org\/blog\/festival-de-cine-frances-de-malaga-2010\/#breadcrumb","itemListElement":[{"@type":"ListItem","position":1,"name":"Portada","item":"https:\/\/miguelmoreno.org\/blog\/"},{"@type":"ListItem","position":2,"name":"Festival de Cine Franc\u00e9s de Malaga 2010"}]},{"@type":"WebSite","@id":"https:\/\/miguelmoreno.org\/blog\/#website","url":"https:\/\/miguelmoreno.org\/blog\/","name":"El Blog del Sur","description":"Cultura, conciertos, ferias, coplas...","potentialAction":[{"@type":"SearchAction","target":{"@type":"EntryPoint","urlTemplate":"https:\/\/miguelmoreno.org\/blog\/?s={search_term_string}"},"query-input":{"@type":"PropertyValueSpecification","valueRequired":true,"valueName":"search_term_string"}}],"inLanguage":"es"},{"@type":"Person","@id":"https:\/\/miguelmoreno.org\/blog\/#\/schema\/person\/cde8639f19077551d0d59650a04b23d5","name":"Se llama copla","sameAs":["https:\/\/miguelmoreno.org\/blog","https:\/\/x.com\/coplasandalucia"]}]}},"_links":{"self":[{"href":"https:\/\/miguelmoreno.org\/blog\/wp-json\/wp\/v2\/posts\/4027","targetHints":{"allow":["GET"]}}],"collection":[{"href":"https:\/\/miguelmoreno.org\/blog\/wp-json\/wp\/v2\/posts"}],"about":[{"href":"https:\/\/miguelmoreno.org\/blog\/wp-json\/wp\/v2\/types\/post"}],"author":[{"embeddable":true,"href":"https:\/\/miguelmoreno.org\/blog\/wp-json\/wp\/v2\/users\/5"}],"replies":[{"embeddable":true,"href":"https:\/\/miguelmoreno.org\/blog\/wp-json\/wp\/v2\/comments?post=4027"}],"version-history":[{"count":0,"href":"https:\/\/miguelmoreno.org\/blog\/wp-json\/wp\/v2\/posts\/4027\/revisions"}],"wp:attachment":[{"href":"https:\/\/miguelmoreno.org\/blog\/wp-json\/wp\/v2\/media?parent=4027"}],"wp:term":[{"taxonomy":"category","embeddable":true,"href":"https:\/\/miguelmoreno.org\/blog\/wp-json\/wp\/v2\/categories?post=4027"},{"taxonomy":"post_tag","embeddable":true,"href":"https:\/\/miguelmoreno.org\/blog\/wp-json\/wp\/v2\/tags?post=4027"}],"curies":[{"name":"wp","href":"https:\/\/api.w.org\/{rel}","templated":true}]}}