{"id":4309,"date":"2010-12-15T18:32:30","date_gmt":"2010-12-15T16:32:30","guid":{"rendered":"http:\/\/www.miguelmoreno.org\/blog\/?p=4309"},"modified":"2015-06-04T00:15:29","modified_gmt":"2015-06-03T22:15:29","slug":"belen-navidad-hermandad-rocio-malaga","status":"publish","type":"post","link":"https:\/\/miguelmoreno.org\/blog\/belen-navidad-hermandad-rocio-malaga\/","title":{"rendered":"Bel\u00e9n Navide\u00f1o de la Hermandad del Roc\u00edo de M\u00e1laga"},"content":{"rendered":"<p>La antigua sede de la Diputaci\u00f3n Provincial acoge el Bel\u00e9n Navide\u00f1o de la Hermandad del Roc\u00edo de M\u00e1laga<\/p>\n<p>El Nacimiento permanecer\u00e1 hasta el d\u00eda 5 de enero en el edificio de la Plaza de La Marina<\/p>\n<p>El Bel\u00e9n Navide\u00f1o de La Real Hermandad del Roc\u00edo de M\u00e1laga puede visitarse este a\u00f1o en la antigua sede de la Diputaci\u00f3n Provincial, en la Plaza de la Marina, edificio que donde se ubican actualmente el Patronato Provincial de Recaudaci\u00f3n y la Sociedad de Planificaci\u00f3n y Desarrollo, (Sopde, S.A.)<\/p>\n<p>Se trata de un conjunto barroco compuesto por m\u00e1s de 300 figuras de imaginer\u00eda de la escuelas Murciana y Olotiana de Gerona , casi en su totalidad en madera. Este Nacimiento ha estado expuesto durante m\u00e1s de ocho a\u00f1os en las instalaciones del Aeropuerto de M\u00e1laga, tras mostrarse en otras entidades p\u00fablicas y privadas de la capital malague\u00f1a.<\/p>\n<p>El conjunto art\u00edstico, ubicado en la entrada del edificio, podr\u00e1 visitarse hasta el pr\u00f3ximo 5 de enero, cerr\u00e1ndose al p\u00fablico los d\u00edas 25 de diciembre y 1 de enero, as\u00ed como el 24 y 31 de diciembre por la tarde.<\/p>\n","protected":false},"excerpt":{"rendered":"<p>La antigua sede de la Diputaci\u00f3n Provincial acoge el Bel\u00e9n Navide\u00f1o de la Hermandad del Roc\u00edo de M\u00e1laga El Nacimiento permanecer\u00e1 hasta el d\u00eda 5 de enero en el edificio de la Plaza de La Marina El Bel\u00e9n Navide\u00f1o de La Real Hermandad del Roc\u00edo de M\u00e1laga puede visitarse este a\u00f1o en la antigua sede &#8230; <\/p>\n<p class=\"read-more-container\"><a title=\"Bel\u00e9n Navide\u00f1o de la Hermandad del Roc\u00edo de M\u00e1laga\" class=\"read-more button\" href=\"https:\/\/miguelmoreno.org\/blog\/belen-navidad-hermandad-rocio-malaga\/#more-4309\" aria-label=\"Leer m\u00e1s sobre Bel\u00e9n Navide\u00f1o de la Hermandad del Roc\u00edo de M\u00e1laga\">M\u00e1s informaci\u00f3n<\/a><\/p>\n","protected":false},"author":5,"featured_media":0,"comment_status":"open","ping_status":"open","sticky":false,"template":"","format":"standard","meta":{"footnotes":""},"categories":[1485],"tags":[93,60,1513],"class_list":["post-4309","post","type-post","status-publish","format-standard","hentry","category-navidad","tag-belen","tag-navidad","tag-rocio","masonry-post","generate-columns","tablet-grid-50","mobile-grid-100","grid-parent","grid-33"],"yoast_head":"<!-- This site is optimized with the Yoast SEO plugin v25.9 - https:\/\/yoast.com\/wordpress\/plugins\/seo\/ -->\n<title>Bel\u00e9n Navide\u00f1o de la Hermandad del Roc\u00edo de M\u00e1laga<\/title>\n<meta name=\"description\" content=\"El Bel\u00e9n Navide\u00f1o de La Real Hermandad del Roc\u00edo de M\u00e1laga puede visitarse este a\u00f1o en la antigua sede de la Diputaci\u00f3n Provincial, en la Plaza de la Marina\" \/>\n<meta name=\"robots\" content=\"index, follow, max-snippet:-1, max-image-preview:large, max-video-preview:-1\" \/>\n<link rel=\"canonical\" href=\"https:\/\/miguelmoreno.org\/blog\/belen-navidad-hermandad-rocio-malaga\/\" \/>\n<meta name=\"twitter:label1\" content=\"Escrito por\" \/>\n\t<meta name=\"twitter:data1\" content=\"Se llama copla\" \/>\n\t<meta name=\"twitter:label2\" content=\"Tiempo de lectura\" \/>\n\t<meta name=\"twitter:data2\" content=\"1 minuto\" \/>\n<script type=\"application\/ld+json\" class=\"yoast-schema-graph\">{\"@context\":\"https:\/\/schema.org\",\"@graph\":[{\"@type\":\"WebPage\",\"@id\":\"https:\/\/miguelmoreno.org\/blog\/belen-navidad-hermandad-rocio-malaga\/\",\"url\":\"https:\/\/miguelmoreno.org\/blog\/belen-navidad-hermandad-rocio-malaga\/\",\"name\":\"Bel\u00e9n Navide\u00f1o de la Hermandad del Roc\u00edo de M\u00e1laga\",\"isPartOf\":{\"@id\":\"https:\/\/miguelmoreno.org\/blog\/#website\"},\"datePublished\":\"2010-12-15T16:32:30+00:00\",\"dateModified\":\"2015-06-03T22:15:29+00:00\",\"author\":{\"@id\":\"https:\/\/miguelmoreno.org\/blog\/#\/schema\/person\/cde8639f19077551d0d59650a04b23d5\"},\"description\":\"El Bel\u00e9n Navide\u00f1o de La Real Hermandad del Roc\u00edo de M\u00e1laga puede visitarse este a\u00f1o en la antigua sede de la Diputaci\u00f3n Provincial, en la Plaza de la Marina\",\"breadcrumb\":{\"@id\":\"https:\/\/miguelmoreno.org\/blog\/belen-navidad-hermandad-rocio-malaga\/#breadcrumb\"},\"inLanguage\":\"es\",\"potentialAction\":[{\"@type\":\"ReadAction\",\"target\":[\"https:\/\/miguelmoreno.org\/blog\/belen-navidad-hermandad-rocio-malaga\/\"]}]},{\"@type\":\"BreadcrumbList\",\"@id\":\"https:\/\/miguelmoreno.org\/blog\/belen-navidad-hermandad-rocio-malaga\/#breadcrumb\",\"itemListElement\":[{\"@type\":\"ListItem\",\"position\":1,\"name\":\"Portada\",\"item\":\"https:\/\/miguelmoreno.org\/blog\/\"},{\"@type\":\"ListItem\",\"position\":2,\"name\":\"Bel\u00e9n Navide\u00f1o de la Hermandad del Roc\u00edo de M\u00e1laga\"}]},{\"@type\":\"WebSite\",\"@id\":\"https:\/\/miguelmoreno.org\/blog\/#website\",\"url\":\"https:\/\/miguelmoreno.org\/blog\/\",\"name\":\"El Blog del Sur\",\"description\":\"Cultura, conciertos, ferias, coplas...\",\"potentialAction\":[{\"@type\":\"SearchAction\",\"target\":{\"@type\":\"EntryPoint\",\"urlTemplate\":\"https:\/\/miguelmoreno.org\/blog\/?s={search_term_string}\"},\"query-input\":{\"@type\":\"PropertyValueSpecification\",\"valueRequired\":true,\"valueName\":\"search_term_string\"}}],\"inLanguage\":\"es\"},{\"@type\":\"Person\",\"@id\":\"https:\/\/miguelmoreno.org\/blog\/#\/schema\/person\/cde8639f19077551d0d59650a04b23d5\",\"name\":\"Se llama copla\",\"sameAs\":[\"https:\/\/miguelmoreno.org\/blog\",\"https:\/\/x.com\/coplasandalucia\"]}]}<\/script>\n<!-- \/ Yoast SEO plugin. -->","yoast_head_json":{"title":"Bel\u00e9n Navide\u00f1o de la Hermandad del Roc\u00edo de M\u00e1laga","description":"El Bel\u00e9n Navide\u00f1o de La Real Hermandad del Roc\u00edo de M\u00e1laga puede visitarse este a\u00f1o en la antigua sede de la Diputaci\u00f3n Provincial, en la Plaza de la Marina","robots":{"index":"index","follow":"follow","max-snippet":"max-snippet:-1","max-image-preview":"max-image-preview:large","max-video-preview":"max-video-preview:-1"},"canonical":"https:\/\/miguelmoreno.org\/blog\/belen-navidad-hermandad-rocio-malaga\/","twitter_misc":{"Escrito por":"Se llama copla","Tiempo de lectura":"1 minuto"},"schema":{"@context":"https:\/\/schema.org","@graph":[{"@type":"WebPage","@id":"https:\/\/miguelmoreno.org\/blog\/belen-navidad-hermandad-rocio-malaga\/","url":"https:\/\/miguelmoreno.org\/blog\/belen-navidad-hermandad-rocio-malaga\/","name":"Bel\u00e9n Navide\u00f1o de la Hermandad del Roc\u00edo de M\u00e1laga","isPartOf":{"@id":"https:\/\/miguelmoreno.org\/blog\/#website"},"datePublished":"2010-12-15T16:32:30+00:00","dateModified":"2015-06-03T22:15:29+00:00","author":{"@id":"https:\/\/miguelmoreno.org\/blog\/#\/schema\/person\/cde8639f19077551d0d59650a04b23d5"},"description":"El Bel\u00e9n Navide\u00f1o de La Real Hermandad del Roc\u00edo de M\u00e1laga puede visitarse este a\u00f1o en la antigua sede de la Diputaci\u00f3n Provincial, en la Plaza de la Marina","breadcrumb":{"@id":"https:\/\/miguelmoreno.org\/blog\/belen-navidad-hermandad-rocio-malaga\/#breadcrumb"},"inLanguage":"es","potentialAction":[{"@type":"ReadAction","target":["https:\/\/miguelmoreno.org\/blog\/belen-navidad-hermandad-rocio-malaga\/"]}]},{"@type":"BreadcrumbList","@id":"https:\/\/miguelmoreno.org\/blog\/belen-navidad-hermandad-rocio-malaga\/#breadcrumb","itemListElement":[{"@type":"ListItem","position":1,"name":"Portada","item":"https:\/\/miguelmoreno.org\/blog\/"},{"@type":"ListItem","position":2,"name":"Bel\u00e9n Navide\u00f1o de la Hermandad del Roc\u00edo de M\u00e1laga"}]},{"@type":"WebSite","@id":"https:\/\/miguelmoreno.org\/blog\/#website","url":"https:\/\/miguelmoreno.org\/blog\/","name":"El Blog del Sur","description":"Cultura, conciertos, ferias, coplas...","potentialAction":[{"@type":"SearchAction","target":{"@type":"EntryPoint","urlTemplate":"https:\/\/miguelmoreno.org\/blog\/?s={search_term_string}"},"query-input":{"@type":"PropertyValueSpecification","valueRequired":true,"valueName":"search_term_string"}}],"inLanguage":"es"},{"@type":"Person","@id":"https:\/\/miguelmoreno.org\/blog\/#\/schema\/person\/cde8639f19077551d0d59650a04b23d5","name":"Se llama copla","sameAs":["https:\/\/miguelmoreno.org\/blog","https:\/\/x.com\/coplasandalucia"]}]}},"_links":{"self":[{"href":"https:\/\/miguelmoreno.org\/blog\/wp-json\/wp\/v2\/posts\/4309","targetHints":{"allow":["GET"]}}],"collection":[{"href":"https:\/\/miguelmoreno.org\/blog\/wp-json\/wp\/v2\/posts"}],"about":[{"href":"https:\/\/miguelmoreno.org\/blog\/wp-json\/wp\/v2\/types\/post"}],"author":[{"embeddable":true,"href":"https:\/\/miguelmoreno.org\/blog\/wp-json\/wp\/v2\/users\/5"}],"replies":[{"embeddable":true,"href":"https:\/\/miguelmoreno.org\/blog\/wp-json\/wp\/v2\/comments?post=4309"}],"version-history":[{"count":0,"href":"https:\/\/miguelmoreno.org\/blog\/wp-json\/wp\/v2\/posts\/4309\/revisions"}],"wp:attachment":[{"href":"https:\/\/miguelmoreno.org\/blog\/wp-json\/wp\/v2\/media?parent=4309"}],"wp:term":[{"taxonomy":"category","embeddable":true,"href":"https:\/\/miguelmoreno.org\/blog\/wp-json\/wp\/v2\/categories?post=4309"},{"taxonomy":"post_tag","embeddable":true,"href":"https:\/\/miguelmoreno.org\/blog\/wp-json\/wp\/v2\/tags?post=4309"}],"curies":[{"name":"wp","href":"https:\/\/api.w.org\/{rel}","templated":true}]}}