{"id":4311,"date":"2010-12-15T18:41:18","date_gmt":"2010-12-15T16:41:18","guid":{"rendered":"http:\/\/www.miguelmoreno.org\/blog\/?p=4311"},"modified":"2010-12-15T18:41:18","modified_gmt":"2010-12-15T16:41:18","slug":"navidades-de-los-corralones-de-trinidad-y-perchel","status":"publish","type":"post","link":"https:\/\/miguelmoreno.org\/blog\/navidades-de-los-corralones-de-trinidad-y-perchel\/","title":{"rendered":"Navidades de los Corralones de Trinidad y Perchel"},"content":{"rendered":"<p>-Ya han comenzado las Navidades de los Corralones de Trinidad y Perchel que, hasta el 17 de diciembre, ofrecer\u00e1n a residentes y visitantes una serie de actividades de car\u00e1cter festivo.<\/p>\n<p>La principal actividades programada es la <strong>Muestra de Nacimientos<\/strong> y <strong>Ornamentaci\u00f3n Navide\u00f1a de los Corralones<\/strong>, en la que participan <strong>30 patios<\/strong> y 400 residentes. En cada uno de estos espacios vecinales sus habitantes han decorado el patio con motivos navide\u00f1os, siendo obligatoria la presencia de un nacimiento o un \u00e1rbol de navidad.<\/p>\n<p>No se trata de un concurso sino de una muestra con el fin de fomentar la cooperacion y la solidaridad. Por ello los objetivos de la Muestra son que los vecinos trabajen conjuntamente para mejorar el aspecto de los corralones, por lo que mejorar\u00e1n las relaciones entre vecinos. Adem\u00e1s se promocionan los barrios de la Trinidad y el Perchel. Para ello, se ha convocado una semana de puertas abiertas para que el resto de los malague\u00f1os puedan visitar estas zonas populares del centro de la ciudad. <strong>El horario de visita es de 10:00 a 14:00  y de 16:30 a 20:30 h. entre el 13 y 17 de diciembre<\/strong>. Se ha elaborado un d\u00edptico se\u00f1alando los corralones visitables y que se podr\u00e1n recoger en el Centro de Servicios Sociales, dependencias del Distrito Centro y en las Oficinas de Turismo.<\/p>\n<p>Tambi\u00e9n se han organizado una serie de paseos guiados y libres por las calles de estos dos barrios malague\u00f1os, en los que se espera que participen m\u00e1s de 1.600 personas.<\/p>\n<p>Por \u00faltimo, tras la visita del jurado, el 16 de diciembre, a las 19 h., se entregar\u00e1n los premios a los ganadores y actuar\u00e1 la Pastoral de Santo Domingo en una Velada Navide\u00f1a que se celebrar\u00e1 en el Centro de Servicios Sociales Comunitarios.<\/p>\n","protected":false},"excerpt":{"rendered":"<p>-Ya han comenzado las Navidades de los Corralones de Trinidad y Perchel que, hasta el 17 de diciembre, ofrecer\u00e1n a residentes y visitantes una serie de actividades de car\u00e1cter festivo. La principal actividades programada es la Muestra de Nacimientos y Ornamentaci\u00f3n Navide\u00f1a de los Corralones, en la que participan 30 patios y 400 residentes. En &#8230; <\/p>\n<p class=\"read-more-container\"><a title=\"Navidades de los Corralones de Trinidad y Perchel\" class=\"read-more button\" href=\"https:\/\/miguelmoreno.org\/blog\/navidades-de-los-corralones-de-trinidad-y-perchel\/#more-4311\" aria-label=\"Leer m\u00e1s sobre Navidades de los Corralones de Trinidad y Perchel\">M\u00e1s informaci\u00f3n<\/a><\/p>\n","protected":false},"author":5,"featured_media":0,"comment_status":"open","ping_status":"open","sticky":false,"template":"","format":"standard","meta":{"footnotes":""},"categories":[1485],"tags":[60],"class_list":["post-4311","post","type-post","status-publish","format-standard","hentry","category-navidad","tag-navidad","masonry-post","generate-columns","tablet-grid-50","mobile-grid-100","grid-parent","grid-33"],"yoast_head":"<!-- This site is optimized with the Yoast SEO plugin v25.9 - https:\/\/yoast.com\/wordpress\/plugins\/seo\/ -->\n<title>Navidades de los Corralones de Trinidad y Perchel<\/title>\n<meta name=\"description\" content=\"Muestra de Nacimientos y Ornamentaci\u00f3n Navide\u00f1a de los Corralones, en la que participan 30 patios y 400 residentes\" \/>\n<meta name=\"robots\" content=\"index, follow, max-snippet:-1, max-image-preview:large, max-video-preview:-1\" \/>\n<link rel=\"canonical\" href=\"https:\/\/miguelmoreno.org\/blog\/navidades-de-los-corralones-de-trinidad-y-perchel\/\" \/>\n<meta name=\"twitter:label1\" content=\"Escrito por\" \/>\n\t<meta name=\"twitter:data1\" content=\"Se llama copla\" \/>\n\t<meta name=\"twitter:label2\" content=\"Tiempo de lectura\" \/>\n\t<meta name=\"twitter:data2\" content=\"1 minuto\" \/>\n<script type=\"application\/ld+json\" class=\"yoast-schema-graph\">{\"@context\":\"https:\/\/schema.org\",\"@graph\":[{\"@type\":\"WebPage\",\"@id\":\"https:\/\/miguelmoreno.org\/blog\/navidades-de-los-corralones-de-trinidad-y-perchel\/\",\"url\":\"https:\/\/miguelmoreno.org\/blog\/navidades-de-los-corralones-de-trinidad-y-perchel\/\",\"name\":\"Navidades de los Corralones de Trinidad y Perchel\",\"isPartOf\":{\"@id\":\"https:\/\/miguelmoreno.org\/blog\/#website\"},\"datePublished\":\"2010-12-15T16:41:18+00:00\",\"author\":{\"@id\":\"https:\/\/miguelmoreno.org\/blog\/#\/schema\/person\/cde8639f19077551d0d59650a04b23d5\"},\"description\":\"Muestra de Nacimientos y Ornamentaci\u00f3n Navide\u00f1a de los Corralones, en la que participan 30 patios y 400 residentes\",\"breadcrumb\":{\"@id\":\"https:\/\/miguelmoreno.org\/blog\/navidades-de-los-corralones-de-trinidad-y-perchel\/#breadcrumb\"},\"inLanguage\":\"es\",\"potentialAction\":[{\"@type\":\"ReadAction\",\"target\":[\"https:\/\/miguelmoreno.org\/blog\/navidades-de-los-corralones-de-trinidad-y-perchel\/\"]}]},{\"@type\":\"BreadcrumbList\",\"@id\":\"https:\/\/miguelmoreno.org\/blog\/navidades-de-los-corralones-de-trinidad-y-perchel\/#breadcrumb\",\"itemListElement\":[{\"@type\":\"ListItem\",\"position\":1,\"name\":\"Portada\",\"item\":\"https:\/\/miguelmoreno.org\/blog\/\"},{\"@type\":\"ListItem\",\"position\":2,\"name\":\"Navidades de los Corralones de Trinidad y Perchel\"}]},{\"@type\":\"WebSite\",\"@id\":\"https:\/\/miguelmoreno.org\/blog\/#website\",\"url\":\"https:\/\/miguelmoreno.org\/blog\/\",\"name\":\"El Blog del Sur\",\"description\":\"Cultura, conciertos, ferias, coplas...\",\"potentialAction\":[{\"@type\":\"SearchAction\",\"target\":{\"@type\":\"EntryPoint\",\"urlTemplate\":\"https:\/\/miguelmoreno.org\/blog\/?s={search_term_string}\"},\"query-input\":{\"@type\":\"PropertyValueSpecification\",\"valueRequired\":true,\"valueName\":\"search_term_string\"}}],\"inLanguage\":\"es\"},{\"@type\":\"Person\",\"@id\":\"https:\/\/miguelmoreno.org\/blog\/#\/schema\/person\/cde8639f19077551d0d59650a04b23d5\",\"name\":\"Se llama copla\",\"sameAs\":[\"https:\/\/miguelmoreno.org\/blog\",\"https:\/\/x.com\/coplasandalucia\"]}]}<\/script>\n<!-- \/ Yoast SEO plugin. -->","yoast_head_json":{"title":"Navidades de los Corralones de Trinidad y Perchel","description":"Muestra de Nacimientos y Ornamentaci\u00f3n Navide\u00f1a de los Corralones, en la que participan 30 patios y 400 residentes","robots":{"index":"index","follow":"follow","max-snippet":"max-snippet:-1","max-image-preview":"max-image-preview:large","max-video-preview":"max-video-preview:-1"},"canonical":"https:\/\/miguelmoreno.org\/blog\/navidades-de-los-corralones-de-trinidad-y-perchel\/","twitter_misc":{"Escrito por":"Se llama copla","Tiempo de lectura":"1 minuto"},"schema":{"@context":"https:\/\/schema.org","@graph":[{"@type":"WebPage","@id":"https:\/\/miguelmoreno.org\/blog\/navidades-de-los-corralones-de-trinidad-y-perchel\/","url":"https:\/\/miguelmoreno.org\/blog\/navidades-de-los-corralones-de-trinidad-y-perchel\/","name":"Navidades de los Corralones de Trinidad y Perchel","isPartOf":{"@id":"https:\/\/miguelmoreno.org\/blog\/#website"},"datePublished":"2010-12-15T16:41:18+00:00","author":{"@id":"https:\/\/miguelmoreno.org\/blog\/#\/schema\/person\/cde8639f19077551d0d59650a04b23d5"},"description":"Muestra de Nacimientos y Ornamentaci\u00f3n Navide\u00f1a de los Corralones, en la que participan 30 patios y 400 residentes","breadcrumb":{"@id":"https:\/\/miguelmoreno.org\/blog\/navidades-de-los-corralones-de-trinidad-y-perchel\/#breadcrumb"},"inLanguage":"es","potentialAction":[{"@type":"ReadAction","target":["https:\/\/miguelmoreno.org\/blog\/navidades-de-los-corralones-de-trinidad-y-perchel\/"]}]},{"@type":"BreadcrumbList","@id":"https:\/\/miguelmoreno.org\/blog\/navidades-de-los-corralones-de-trinidad-y-perchel\/#breadcrumb","itemListElement":[{"@type":"ListItem","position":1,"name":"Portada","item":"https:\/\/miguelmoreno.org\/blog\/"},{"@type":"ListItem","position":2,"name":"Navidades de los Corralones de Trinidad y Perchel"}]},{"@type":"WebSite","@id":"https:\/\/miguelmoreno.org\/blog\/#website","url":"https:\/\/miguelmoreno.org\/blog\/","name":"El Blog del Sur","description":"Cultura, conciertos, ferias, coplas...","potentialAction":[{"@type":"SearchAction","target":{"@type":"EntryPoint","urlTemplate":"https:\/\/miguelmoreno.org\/blog\/?s={search_term_string}"},"query-input":{"@type":"PropertyValueSpecification","valueRequired":true,"valueName":"search_term_string"}}],"inLanguage":"es"},{"@type":"Person","@id":"https:\/\/miguelmoreno.org\/blog\/#\/schema\/person\/cde8639f19077551d0d59650a04b23d5","name":"Se llama copla","sameAs":["https:\/\/miguelmoreno.org\/blog","https:\/\/x.com\/coplasandalucia"]}]}},"_links":{"self":[{"href":"https:\/\/miguelmoreno.org\/blog\/wp-json\/wp\/v2\/posts\/4311","targetHints":{"allow":["GET"]}}],"collection":[{"href":"https:\/\/miguelmoreno.org\/blog\/wp-json\/wp\/v2\/posts"}],"about":[{"href":"https:\/\/miguelmoreno.org\/blog\/wp-json\/wp\/v2\/types\/post"}],"author":[{"embeddable":true,"href":"https:\/\/miguelmoreno.org\/blog\/wp-json\/wp\/v2\/users\/5"}],"replies":[{"embeddable":true,"href":"https:\/\/miguelmoreno.org\/blog\/wp-json\/wp\/v2\/comments?post=4311"}],"version-history":[{"count":0,"href":"https:\/\/miguelmoreno.org\/blog\/wp-json\/wp\/v2\/posts\/4311\/revisions"}],"wp:attachment":[{"href":"https:\/\/miguelmoreno.org\/blog\/wp-json\/wp\/v2\/media?parent=4311"}],"wp:term":[{"taxonomy":"category","embeddable":true,"href":"https:\/\/miguelmoreno.org\/blog\/wp-json\/wp\/v2\/categories?post=4311"},{"taxonomy":"post_tag","embeddable":true,"href":"https:\/\/miguelmoreno.org\/blog\/wp-json\/wp\/v2\/tags?post=4311"}],"curies":[{"name":"wp","href":"https:\/\/api.w.org\/{rel}","templated":true}]}}