{"id":4316,"date":"2010-12-15T18:54:22","date_gmt":"2010-12-15T16:54:22","guid":{"rendered":"http:\/\/www.miguelmoreno.org\/blog\/?p=4316"},"modified":"2010-12-15T18:54:22","modified_gmt":"2010-12-15T16:54:22","slug":"navidad-2010-en-el-distrito-este-de-malaga","status":"publish","type":"post","link":"https:\/\/miguelmoreno.org\/blog\/navidad-2010-en-el-distrito-este-de-malaga\/","title":{"rendered":"Navidad 2010 en el distrito Este de M\u00e1laga"},"content":{"rendered":"<p>Se celebrar\u00e1n concursos de christmas, belenes y decoraci\u00f3n navide\u00f1a de escaparates durante estas fiestas<\/p>\n<p><!--more-->Programa de actividades en el\u00a0Distrito Este<\/p>\n<p>Taller de Borrachuelos, hoy, 10 de diciembre de 17 a 20 horas se celebra el \u00abIII Taller de Borrachuelos 2010\u00bb en la calle Morej\u00f3n. Est\u00e1 impartido por \u00abConfiter\u00eda Aparicio\u00bb, y la recaudaci\u00f3n que se obtenga se destinar\u00e1 para realizar una acci\u00f3n ben\u00e9fica.<\/p>\n<p>\u00abEl bel\u00e9n sumergido\u00bb, ma\u00f1ana s\u00e1bado 11 de diciembre, tendr\u00e1 lugar la reuni\u00f3n de un buceadores para sumergir, por cuarto a\u00f1o consecutivo, diez figuras que dar\u00e1n lugar a la representaci\u00f3n de un Bel\u00e9n. La actividad se celebrar\u00e1 delante de la hornacina de la Virgen del Carmen sumergida en el Espig\u00f3n del Perro. El horario es de 9:30 a 17:00 horas. Organizan: AUAS y Asociaci\u00f3n de la Virgen del Carmen patrona de los submarinistas.<\/p>\n<p>Bel\u00e9n de \u00abLa Mosca\u00bb, inaugurado el pasado 7 de diciembre, este Bel\u00e9n cuenta con una gran popularidad, se monta aprovechando la falda natural de la monta\u00f1a. Se ubica en la calle Escritor Manuel Solano s\/n, con un horario de visitas de 9 a 14 horas y de 16.30 a 00.00 horas, d\u00edas festivos de 9 a 00.00 horas. Est\u00e1 organizado por la Pe\u00f1a \u00abEl Bel\u00e9n\u00bb. El d\u00eda 25 de diciembre a las 12.00 horas tendr\u00e1 lugar el \u00abBel\u00e9n Viviente\u00bb.<\/p>\n<p>III Concierto de Navidad 2010, evento en el que han colaborado con especial ilusi\u00f3n diversas entidades radicadas en el Distrito M\u00e1laga Este, y en el que se espera, al igual que en las ediciones  anteriores, una muy buena acogida por parte del p\u00fablico. Actuaciones:<\/p>\n<p>-Iglesia Ntra. Sra. de las Angustias (c\/ Villafuerte, 1) a las 20:00 horas:<br \/>\n16 de diciembre: Coral \u00abNostro Tempo\u00bb.<br \/>\n18 de diciembre: Coral Miraflores de El Palo.<br \/>\n19 de diciembre: Coro \u00abAires Pale\u00f1os\u00bb.<\/p>\n<p>-Iglesia San Juan de la Cruz (c\/Almer\u00eda, 43) a las 20:00 horas:<br \/>\n18 de diciembre: Grupo de cuerda y p\u00faa \u00abMare Nostrum\u00bb.<br \/>\n20 de diciembre: Coro \u00abAires Pale\u00f1os\u00bb.<\/p>\n<p>-Iglesia de San Vicente Ferrer(Ol\u00edas) a las 20:00 horas<br \/>\n21 de Diciembre: Grupo \u00abAires Pale\u00f1os\u00bb.<br \/>\n23 de Diciembre: Grupo de cuerda y p\u00faa \u00abMare Nostrum\u00bb<\/p>\n<p>\u00abCabalgata de Reyes en el Distrito Este\u00bb, los Reyes Magos de Oriente visitar\u00e1n a todos los ni\u00f1os del Distrito Este  y repartir\u00e1n caramelos, alegr\u00eda e ilusi\u00f3n en la tradicional cabalgata, el pr\u00f3ximo 4 de enero de 2011 de 17:30 a 19:30 horas. Itinerario: Plaza Virgen Milagrosa, c\/Quitapenas, c\/Banda del Mar, Avda. Salvador Allende (tramo que cruza puente Arroyo G\u00e1lica) c\/ Doctor Guti\u00e9rrez Mata y c\/ Playa Virginia. Organizada por Asociaciones, Pe\u00f1as, y Junta Municipal de Distrito M\u00e1laga &#8211; Este.<\/p>\n<p>Entidades colaboradoras: Junta Municipal de Distrito n\u00ba2 M\u00e1laga-Este, Empresarios M\u00e1laga Este (EME), ADIPAL, Asociaci\u00f3n de Mayores Mar Abierto, Hdad. del Carmen, Asociaci\u00f3n de Mayores Distrito Este, A.V. Jarazm\u00edn, Asociaci\u00f3n Amigos del Carnaval Pale\u00f1o, Pe\u00f1a los Bolaos, Agrupaci\u00f3n PSOE de El Palo, Asociaci\u00f3n de Comerciantes Mercado El Palo, AMFREMAR, Pe\u00f1a Domin\u00f3, Fabrica de cementos, AUAS y Asociaci\u00f3n Virgen del Carmen Patrona de los Submarinistas, Hermandad del Carmen de Ol\u00edas, Coral \u00abNostro Tempo\u00bb, Di\u00f3cesis de M\u00e1laga, A. V. El Palo, Pe\u00f1a Malaguista El Palo, Hdad. del Rosario, Pe\u00f1a Madrilista El Palo, A.V. La Uni\u00f3n (Mosca), Pe\u00f1a El Palustre, APLEM, Asociaci\u00f3n Cultural Mujeres de El Palo, Club Baloncesto El Palo, Pe\u00f1a Barcelonista, Asociaci\u00f3n deportiva Ciclo-Pesca, Asociaci\u00f3n de Mayores Pedregalejo, Espect\u00e1culos Rosa, Coral Miraflores de El Palo, Coro \u00abAires Pale\u00f1os\u00bb, Conservatorio Eduardo Oc\u00f3n, Pe\u00f1a \u00abEl Bel\u00e9n\u00bb.<\/p>\n","protected":false},"excerpt":{"rendered":"<p>Se celebrar\u00e1n concursos de christmas, belenes y decoraci\u00f3n navide\u00f1a de escaparates durante estas fiestas<\/p>\n","protected":false},"author":5,"featured_media":0,"comment_status":"open","ping_status":"open","sticky":false,"template":"","format":"standard","meta":{"footnotes":""},"categories":[1485],"tags":[60],"class_list":["post-4316","post","type-post","status-publish","format-standard","hentry","category-navidad","tag-navidad","masonry-post","generate-columns","tablet-grid-50","mobile-grid-100","grid-parent","grid-33"],"yoast_head":"<!-- This site is optimized with the Yoast SEO plugin v25.9 - https:\/\/yoast.com\/wordpress\/plugins\/seo\/ -->\n<title>Navidad 2010 en el distrito Este de M\u00e1laga<\/title>\n<meta name=\"robots\" content=\"index, follow, max-snippet:-1, max-image-preview:large, max-video-preview:-1\" \/>\n<link rel=\"canonical\" href=\"https:\/\/miguelmoreno.org\/blog\/navidad-2010-en-el-distrito-este-de-malaga\/\" \/>\n<meta name=\"twitter:label1\" content=\"Escrito por\" \/>\n\t<meta name=\"twitter:data1\" content=\"Se llama copla\" \/>\n\t<meta name=\"twitter:label2\" content=\"Tiempo de lectura\" \/>\n\t<meta name=\"twitter:data2\" content=\"3 minutos\" \/>\n<script type=\"application\/ld+json\" class=\"yoast-schema-graph\">{\"@context\":\"https:\/\/schema.org\",\"@graph\":[{\"@type\":\"WebPage\",\"@id\":\"https:\/\/miguelmoreno.org\/blog\/navidad-2010-en-el-distrito-este-de-malaga\/\",\"url\":\"https:\/\/miguelmoreno.org\/blog\/navidad-2010-en-el-distrito-este-de-malaga\/\",\"name\":\"Navidad 2010 en el distrito Este de M\u00e1laga\",\"isPartOf\":{\"@id\":\"https:\/\/miguelmoreno.org\/blog\/#website\"},\"datePublished\":\"2010-12-15T16:54:22+00:00\",\"author\":{\"@id\":\"https:\/\/miguelmoreno.org\/blog\/#\/schema\/person\/cde8639f19077551d0d59650a04b23d5\"},\"breadcrumb\":{\"@id\":\"https:\/\/miguelmoreno.org\/blog\/navidad-2010-en-el-distrito-este-de-malaga\/#breadcrumb\"},\"inLanguage\":\"es\",\"potentialAction\":[{\"@type\":\"ReadAction\",\"target\":[\"https:\/\/miguelmoreno.org\/blog\/navidad-2010-en-el-distrito-este-de-malaga\/\"]}]},{\"@type\":\"BreadcrumbList\",\"@id\":\"https:\/\/miguelmoreno.org\/blog\/navidad-2010-en-el-distrito-este-de-malaga\/#breadcrumb\",\"itemListElement\":[{\"@type\":\"ListItem\",\"position\":1,\"name\":\"Portada\",\"item\":\"https:\/\/miguelmoreno.org\/blog\/\"},{\"@type\":\"ListItem\",\"position\":2,\"name\":\"Navidad 2010 en el distrito Este de M\u00e1laga\"}]},{\"@type\":\"WebSite\",\"@id\":\"https:\/\/miguelmoreno.org\/blog\/#website\",\"url\":\"https:\/\/miguelmoreno.org\/blog\/\",\"name\":\"El Blog del Sur\",\"description\":\"Cultura, conciertos, ferias, coplas...\",\"potentialAction\":[{\"@type\":\"SearchAction\",\"target\":{\"@type\":\"EntryPoint\",\"urlTemplate\":\"https:\/\/miguelmoreno.org\/blog\/?s={search_term_string}\"},\"query-input\":{\"@type\":\"PropertyValueSpecification\",\"valueRequired\":true,\"valueName\":\"search_term_string\"}}],\"inLanguage\":\"es\"},{\"@type\":\"Person\",\"@id\":\"https:\/\/miguelmoreno.org\/blog\/#\/schema\/person\/cde8639f19077551d0d59650a04b23d5\",\"name\":\"Se llama copla\",\"sameAs\":[\"https:\/\/miguelmoreno.org\/blog\",\"https:\/\/x.com\/coplasandalucia\"]}]}<\/script>\n<!-- \/ Yoast SEO plugin. -->","yoast_head_json":{"title":"Navidad 2010 en el distrito Este de M\u00e1laga","robots":{"index":"index","follow":"follow","max-snippet":"max-snippet:-1","max-image-preview":"max-image-preview:large","max-video-preview":"max-video-preview:-1"},"canonical":"https:\/\/miguelmoreno.org\/blog\/navidad-2010-en-el-distrito-este-de-malaga\/","twitter_misc":{"Escrito por":"Se llama copla","Tiempo de lectura":"3 minutos"},"schema":{"@context":"https:\/\/schema.org","@graph":[{"@type":"WebPage","@id":"https:\/\/miguelmoreno.org\/blog\/navidad-2010-en-el-distrito-este-de-malaga\/","url":"https:\/\/miguelmoreno.org\/blog\/navidad-2010-en-el-distrito-este-de-malaga\/","name":"Navidad 2010 en el distrito Este de M\u00e1laga","isPartOf":{"@id":"https:\/\/miguelmoreno.org\/blog\/#website"},"datePublished":"2010-12-15T16:54:22+00:00","author":{"@id":"https:\/\/miguelmoreno.org\/blog\/#\/schema\/person\/cde8639f19077551d0d59650a04b23d5"},"breadcrumb":{"@id":"https:\/\/miguelmoreno.org\/blog\/navidad-2010-en-el-distrito-este-de-malaga\/#breadcrumb"},"inLanguage":"es","potentialAction":[{"@type":"ReadAction","target":["https:\/\/miguelmoreno.org\/blog\/navidad-2010-en-el-distrito-este-de-malaga\/"]}]},{"@type":"BreadcrumbList","@id":"https:\/\/miguelmoreno.org\/blog\/navidad-2010-en-el-distrito-este-de-malaga\/#breadcrumb","itemListElement":[{"@type":"ListItem","position":1,"name":"Portada","item":"https:\/\/miguelmoreno.org\/blog\/"},{"@type":"ListItem","position":2,"name":"Navidad 2010 en el distrito Este de M\u00e1laga"}]},{"@type":"WebSite","@id":"https:\/\/miguelmoreno.org\/blog\/#website","url":"https:\/\/miguelmoreno.org\/blog\/","name":"El Blog del Sur","description":"Cultura, conciertos, ferias, coplas...","potentialAction":[{"@type":"SearchAction","target":{"@type":"EntryPoint","urlTemplate":"https:\/\/miguelmoreno.org\/blog\/?s={search_term_string}"},"query-input":{"@type":"PropertyValueSpecification","valueRequired":true,"valueName":"search_term_string"}}],"inLanguage":"es"},{"@type":"Person","@id":"https:\/\/miguelmoreno.org\/blog\/#\/schema\/person\/cde8639f19077551d0d59650a04b23d5","name":"Se llama copla","sameAs":["https:\/\/miguelmoreno.org\/blog","https:\/\/x.com\/coplasandalucia"]}]}},"_links":{"self":[{"href":"https:\/\/miguelmoreno.org\/blog\/wp-json\/wp\/v2\/posts\/4316","targetHints":{"allow":["GET"]}}],"collection":[{"href":"https:\/\/miguelmoreno.org\/blog\/wp-json\/wp\/v2\/posts"}],"about":[{"href":"https:\/\/miguelmoreno.org\/blog\/wp-json\/wp\/v2\/types\/post"}],"author":[{"embeddable":true,"href":"https:\/\/miguelmoreno.org\/blog\/wp-json\/wp\/v2\/users\/5"}],"replies":[{"embeddable":true,"href":"https:\/\/miguelmoreno.org\/blog\/wp-json\/wp\/v2\/comments?post=4316"}],"version-history":[{"count":0,"href":"https:\/\/miguelmoreno.org\/blog\/wp-json\/wp\/v2\/posts\/4316\/revisions"}],"wp:attachment":[{"href":"https:\/\/miguelmoreno.org\/blog\/wp-json\/wp\/v2\/media?parent=4316"}],"wp:term":[{"taxonomy":"category","embeddable":true,"href":"https:\/\/miguelmoreno.org\/blog\/wp-json\/wp\/v2\/categories?post=4316"},{"taxonomy":"post_tag","embeddable":true,"href":"https:\/\/miguelmoreno.org\/blog\/wp-json\/wp\/v2\/tags?post=4316"}],"curies":[{"name":"wp","href":"https:\/\/api.w.org\/{rel}","templated":true}]}}