{"id":4670,"date":"2011-04-30T23:20:55","date_gmt":"2011-04-30T21:20:55","guid":{"rendered":"http:\/\/www.miguelmoreno.org\/blog\/?p=4670"},"modified":"2015-06-04T00:17:15","modified_gmt":"2015-06-03T22:17:15","slug":"cruces-de-mayo-de-cordoba-2011","status":"publish","type":"post","link":"https:\/\/miguelmoreno.org\/blog\/cruces-de-mayo-de-cordoba-2011\/","title":{"rendered":"Cruces de Mayo de Cordoba 2011"},"content":{"rendered":"<p>HORARIO del Concurso Popular de Cruces de Mayo de Cordoba 2011<\/p>\n<p>Aquellas Cruces admitidas a concurso, que as\u00ed lo estimen, podr\u00e1n iniciar su actividad el d\u00eda 28 de abril a partir de las  22:00 horas, debiendo de estar<br \/>\ncompletamente instalada la Cruz, as\u00ed como toda su infraestructura.<\/p>\n<p>Las Cruces deber\u00e1n cesar su actividad a las 16:00 horas del d\u00eda 2 de mayo. El horario de la m\u00fasica ser\u00e1 de 12:00 a 17:00 horas y de 20:00 a 2:00 horas del d\u00eda siguiente, teniendo en cuenta que a partir de las  24:00 horas se tendr\u00e1 que reducir el volumen de la misma.<br \/>\nUna vez apagada la m\u00fasica hay un margen de 1 hora para el cierre definitivo, por lo que a las 3:00 de la madrugada habr\u00e1 cesado la actividad totalmente.<\/p>\n<p>Se establecen tres modalidades de Cruces:<br \/>\nCasco Hist\u00f3rico, Recinto Cerrado y Zonas Modernas.<br \/>\n<object width=\"540\" height=\"430\"><param name=\"flashvars\" value=\"offsite=true&#038;lang=es-us&#038;page_show_url=%2Fsearch%2Fshow%2F%3Fq%3Dcruces%2Bmayo%2Bcordoba%26ss%3D0%26ct%3D0%26mt%3Dall%26adv%3D1&#038;page_show_back_url=%2Fsearch%2F%3Fq%3Dcruces%2Bmayo%2Bcordoba%26ss%3D0%26ct%3D0%26mt%3Dall%26adv%3D1&#038;method=flickr.photos.search&#038;api_params_str=&#038;api_text=cruces+mayo+cordoba&#038;api_tag_mode=bool&#038;api_media=all&#038;api_sort=relevance&#038;jump_to=&#038;start_index=0\"><\/param><param name=\"movie\" value=\"http:\/\/www.flickr.com\/apps\/slideshow\/show.swf?v=71649\"><\/param><param name=\"allowFullScreen\" value=\"true\"><\/param><embed type=\"application\/x-shockwave-flash\" src=\"http:\/\/www.flickr.com\/apps\/slideshow\/show.swf?v=71649\" allowFullScreen=\"true\" flashvars=\"offsite=true&#038;lang=es-us&#038;page_show_url=%2Fsearch%2Fshow%2F%3Fq%3Dcruces%2Bmayo%2Bcordoba%26ss%3D0%26ct%3D0%26mt%3Dall%26adv%3D1&#038;page_show_back_url=%2Fsearch%2F%3Fq%3Dcruces%2Bmayo%2Bcordoba%26ss%3D0%26ct%3D0%26mt%3Dall%26adv%3D1&#038;method=flickr.photos.search&#038;api_params_str=&#038;api_text=cruces+mayo+cordoba&#038;api_tag_mode=bool&#038;api_media=all&#038;api_sort=relevance&#038;jump_to=&#038;start_index=0\" width=\"540\" height=\"430\"><\/embed><\/object><\/p>\n","protected":false},"excerpt":{"rendered":"<p>HORARIO del Concurso Popular de Cruces de Mayo de Cordoba 2011 Aquellas Cruces admitidas a concurso, que as\u00ed lo estimen, podr\u00e1n iniciar su actividad el d\u00eda 28 de abril a partir de las 22:00 horas, debiendo de estar completamente instalada la Cruz, as\u00ed como toda su infraestructura. Las Cruces deber\u00e1n cesar su actividad a las &#8230; <\/p>\n<p class=\"read-more-container\"><a title=\"Cruces de Mayo de Cordoba 2011\" class=\"read-more button\" href=\"https:\/\/miguelmoreno.org\/blog\/cruces-de-mayo-de-cordoba-2011\/#more-4670\" aria-label=\"Leer m\u00e1s sobre Cruces de Mayo de Cordoba 2011\">M\u00e1s informaci\u00f3n<\/a><\/p>\n","protected":false},"author":5,"featured_media":0,"comment_status":"open","ping_status":"open","sticky":false,"template":"","format":"standard","meta":{"footnotes":""},"categories":[1521],"tags":[1503,1061],"class_list":["post-4670","post","type-post","status-publish","format-standard","hentry","category-cruces-mayo","tag-cordoba","tag-cruces-de-mayo","masonry-post","generate-columns","tablet-grid-50","mobile-grid-100","grid-parent","grid-33"],"yoast_head":"<!-- This site is optimized with the Yoast SEO plugin v25.9 - https:\/\/yoast.com\/wordpress\/plugins\/seo\/ -->\n<title>Cruces de Mayo de Cordoba 2011<\/title>\n<meta name=\"robots\" content=\"index, follow, max-snippet:-1, max-image-preview:large, max-video-preview:-1\" \/>\n<link rel=\"canonical\" href=\"https:\/\/miguelmoreno.org\/blog\/cruces-de-mayo-de-cordoba-2011\/\" \/>\n<meta name=\"twitter:label1\" content=\"Escrito por\" \/>\n\t<meta name=\"twitter:data1\" content=\"Se llama copla\" \/>\n\t<meta name=\"twitter:label2\" content=\"Tiempo de lectura\" \/>\n\t<meta name=\"twitter:data2\" content=\"1 minuto\" \/>\n<script type=\"application\/ld+json\" class=\"yoast-schema-graph\">{\"@context\":\"https:\/\/schema.org\",\"@graph\":[{\"@type\":\"WebPage\",\"@id\":\"https:\/\/miguelmoreno.org\/blog\/cruces-de-mayo-de-cordoba-2011\/\",\"url\":\"https:\/\/miguelmoreno.org\/blog\/cruces-de-mayo-de-cordoba-2011\/\",\"name\":\"Cruces de Mayo de Cordoba 2011\",\"isPartOf\":{\"@id\":\"https:\/\/miguelmoreno.org\/blog\/#website\"},\"datePublished\":\"2011-04-30T21:20:55+00:00\",\"dateModified\":\"2015-06-03T22:17:15+00:00\",\"author\":{\"@id\":\"https:\/\/miguelmoreno.org\/blog\/#\/schema\/person\/cde8639f19077551d0d59650a04b23d5\"},\"breadcrumb\":{\"@id\":\"https:\/\/miguelmoreno.org\/blog\/cruces-de-mayo-de-cordoba-2011\/#breadcrumb\"},\"inLanguage\":\"es\",\"potentialAction\":[{\"@type\":\"ReadAction\",\"target\":[\"https:\/\/miguelmoreno.org\/blog\/cruces-de-mayo-de-cordoba-2011\/\"]}]},{\"@type\":\"BreadcrumbList\",\"@id\":\"https:\/\/miguelmoreno.org\/blog\/cruces-de-mayo-de-cordoba-2011\/#breadcrumb\",\"itemListElement\":[{\"@type\":\"ListItem\",\"position\":1,\"name\":\"Portada\",\"item\":\"https:\/\/miguelmoreno.org\/blog\/\"},{\"@type\":\"ListItem\",\"position\":2,\"name\":\"Cruces de Mayo de Cordoba 2011\"}]},{\"@type\":\"WebSite\",\"@id\":\"https:\/\/miguelmoreno.org\/blog\/#website\",\"url\":\"https:\/\/miguelmoreno.org\/blog\/\",\"name\":\"El Blog del Sur\",\"description\":\"Cultura, conciertos, ferias, coplas...\",\"potentialAction\":[{\"@type\":\"SearchAction\",\"target\":{\"@type\":\"EntryPoint\",\"urlTemplate\":\"https:\/\/miguelmoreno.org\/blog\/?s={search_term_string}\"},\"query-input\":{\"@type\":\"PropertyValueSpecification\",\"valueRequired\":true,\"valueName\":\"search_term_string\"}}],\"inLanguage\":\"es\"},{\"@type\":\"Person\",\"@id\":\"https:\/\/miguelmoreno.org\/blog\/#\/schema\/person\/cde8639f19077551d0d59650a04b23d5\",\"name\":\"Se llama copla\",\"sameAs\":[\"https:\/\/miguelmoreno.org\/blog\",\"https:\/\/x.com\/coplasandalucia\"]}]}<\/script>\n<!-- \/ Yoast SEO plugin. -->","yoast_head_json":{"title":"Cruces de Mayo de Cordoba 2011","robots":{"index":"index","follow":"follow","max-snippet":"max-snippet:-1","max-image-preview":"max-image-preview:large","max-video-preview":"max-video-preview:-1"},"canonical":"https:\/\/miguelmoreno.org\/blog\/cruces-de-mayo-de-cordoba-2011\/","twitter_misc":{"Escrito por":"Se llama copla","Tiempo de lectura":"1 minuto"},"schema":{"@context":"https:\/\/schema.org","@graph":[{"@type":"WebPage","@id":"https:\/\/miguelmoreno.org\/blog\/cruces-de-mayo-de-cordoba-2011\/","url":"https:\/\/miguelmoreno.org\/blog\/cruces-de-mayo-de-cordoba-2011\/","name":"Cruces de Mayo de Cordoba 2011","isPartOf":{"@id":"https:\/\/miguelmoreno.org\/blog\/#website"},"datePublished":"2011-04-30T21:20:55+00:00","dateModified":"2015-06-03T22:17:15+00:00","author":{"@id":"https:\/\/miguelmoreno.org\/blog\/#\/schema\/person\/cde8639f19077551d0d59650a04b23d5"},"breadcrumb":{"@id":"https:\/\/miguelmoreno.org\/blog\/cruces-de-mayo-de-cordoba-2011\/#breadcrumb"},"inLanguage":"es","potentialAction":[{"@type":"ReadAction","target":["https:\/\/miguelmoreno.org\/blog\/cruces-de-mayo-de-cordoba-2011\/"]}]},{"@type":"BreadcrumbList","@id":"https:\/\/miguelmoreno.org\/blog\/cruces-de-mayo-de-cordoba-2011\/#breadcrumb","itemListElement":[{"@type":"ListItem","position":1,"name":"Portada","item":"https:\/\/miguelmoreno.org\/blog\/"},{"@type":"ListItem","position":2,"name":"Cruces de Mayo de Cordoba 2011"}]},{"@type":"WebSite","@id":"https:\/\/miguelmoreno.org\/blog\/#website","url":"https:\/\/miguelmoreno.org\/blog\/","name":"El Blog del Sur","description":"Cultura, conciertos, ferias, coplas...","potentialAction":[{"@type":"SearchAction","target":{"@type":"EntryPoint","urlTemplate":"https:\/\/miguelmoreno.org\/blog\/?s={search_term_string}"},"query-input":{"@type":"PropertyValueSpecification","valueRequired":true,"valueName":"search_term_string"}}],"inLanguage":"es"},{"@type":"Person","@id":"https:\/\/miguelmoreno.org\/blog\/#\/schema\/person\/cde8639f19077551d0d59650a04b23d5","name":"Se llama copla","sameAs":["https:\/\/miguelmoreno.org\/blog","https:\/\/x.com\/coplasandalucia"]}]}},"_links":{"self":[{"href":"https:\/\/miguelmoreno.org\/blog\/wp-json\/wp\/v2\/posts\/4670","targetHints":{"allow":["GET"]}}],"collection":[{"href":"https:\/\/miguelmoreno.org\/blog\/wp-json\/wp\/v2\/posts"}],"about":[{"href":"https:\/\/miguelmoreno.org\/blog\/wp-json\/wp\/v2\/types\/post"}],"author":[{"embeddable":true,"href":"https:\/\/miguelmoreno.org\/blog\/wp-json\/wp\/v2\/users\/5"}],"replies":[{"embeddable":true,"href":"https:\/\/miguelmoreno.org\/blog\/wp-json\/wp\/v2\/comments?post=4670"}],"version-history":[{"count":0,"href":"https:\/\/miguelmoreno.org\/blog\/wp-json\/wp\/v2\/posts\/4670\/revisions"}],"wp:attachment":[{"href":"https:\/\/miguelmoreno.org\/blog\/wp-json\/wp\/v2\/media?parent=4670"}],"wp:term":[{"taxonomy":"category","embeddable":true,"href":"https:\/\/miguelmoreno.org\/blog\/wp-json\/wp\/v2\/categories?post=4670"},{"taxonomy":"post_tag","embeddable":true,"href":"https:\/\/miguelmoreno.org\/blog\/wp-json\/wp\/v2\/tags?post=4670"}],"curies":[{"name":"wp","href":"https:\/\/api.w.org\/{rel}","templated":true}]}}