{"id":4714,"date":"2011-05-19T16:23:11","date_gmt":"2011-05-19T14:23:11","guid":{"rendered":"http:\/\/www.miguelmoreno.org\/blog\/?p=4714"},"modified":"2015-06-04T00:17:15","modified_gmt":"2015-06-03T22:17:15","slug":"feria-de-cordoba-2011","status":"publish","type":"post","link":"https:\/\/miguelmoreno.org\/blog\/feria-de-cordoba-2011\/","title":{"rendered":"Feria de Cordoba 2011"},"content":{"rendered":"<p>Programa de la Feria de Cordoba 2011<\/p>\n<p>20 MAYO \u2022 VIERNES<br \/>\n\u2022 Feria de Nuestra Se\u00f1ora de la Salud<br \/>\nInauguraci\u00f3n alumbrado extraordinario (24.00 horas)<br \/>\n<!--more-->21 MAYO \u2022 S\u00c1BADO<br \/>\n\u2022 Feria de Nuestra Se\u00f1ora de la Salud<br \/>\n\u2022 XVI Encuentro Rociero \u00abCamino de El Arenal\u00bb. Savia Cordobesa, Hermandad<br \/>\nVirgen de la Cabeza, Alba, Amigos del Club Vistasierra, Los Finitos, Oasis de los Mayores, La Uni\u00f3n, El Arte de Nuestra<br \/>\nTierra y La Alegr\u00eda de la Vi\u00f1uela (Caseta Municipal \/ Desde las 14.00 horas)<br \/>\n\u2022 Concierto extraordinario Feria de Mayo<br \/>\n\u00abOcho estrellas tiene la copla\u00bb. Carmen Abad, Patricia Garc\u00eda, Joaqu\u00edn S\u00e1ez, Gema Carrasco, Sara de la Cruz, Mar\u00eda<br \/>\nRub\u00ed, Abraham Ruiz y Laura Mar\u00eda Larrea (Caseta Municipal \/ 23.30 horas)<\/p>\n<p>22 MAYO \u2022 DOMINGO<br \/>\n\u2022 XVI Encuentro Rociero \u00abCamino de El Arenal\u00bb. Amigos de San Lorenzo, Cantares, Alminar, Arco Iris, Volver a Empezar, Azahar, Las Jaras, Sol y Luna, Ritmo y Comp\u00e1s, Yerbabuena y Amanecer de F\u00e1tima (Caseta Municipal \/ Desde las 14.15 horas)<br \/>\n23 MAYO \u2022 LUNES<br \/>\n\u2022 Toros. Novillada sin picadores. Los Guateles. Serrano, El Zorro, Campos, Chocolate, Sanl\u00facar y Reyes<br \/>\n24 MAYO \u2022 MARTES<br \/>\n\u2022 Toros. Novillada con picadores. Fuente Ymbro. Del \u00c1lamo, Barrio y Ortega<br \/>\n25 MAYO \u2022 MI\u00c9RCOLES<br \/>\n\u2022 Toros. Corrida. La Palmosilla. Moreno, Talavante y Cayetano<\/p>\n<p>26 MAYO \u2022 JUEVES<br \/>\n\u2022 Pasacalles Rociero \u00abCamino de El Arenal\u00bb<br \/>\n(Lugar de concentraci\u00f3n: Torre de la Calahorra \/ 14.00 horas)<br \/>\n\u2022 XVI Encuentro Rociero \u00abCamino de El Arenal\u00bb.<br \/>\nVirgen de Nazaret y Amigos del Roc\u00edo (Caseta Municipal \/ Desde las 14.00 horas)<br \/>\n\u2022 Toros. Corrida. Juan Pedro Domecq. Ponce, Morante y Manzanares<br \/>\n\u2022 Musical. Chicago (Gran Teatro \/ 21.00 horas)<br \/>\n27 MAYO \u2022 VIERNES<br \/>\n\u2022 Toros. Corrida. La Quinta. Finito, El Juli y Perera<br \/>\n\u2022 Musical. Chicago (Gran Teatro \/ 18.30 y 22.30 horas)<br \/>\n28 MAYO \u2022 S\u00c1BADO<br \/>\n\u2022 Toros. Corrida. Torrestrella. El Cordob\u00e9s, El Fandi y Leandro<br \/>\n\u2022 Musical. Chicago (Gran Teatro \/ 18.30 y 22.30 horas)<\/p>\n","protected":false},"excerpt":{"rendered":"<p>Programa de la Feria de Cordoba 2011 20 MAYO \u2022 VIERNES \u2022 Feria de Nuestra Se\u00f1ora de la Salud Inauguraci\u00f3n alumbrado extraordinario (24.00 horas)<\/p>\n","protected":false},"author":5,"featured_media":0,"comment_status":"open","ping_status":"open","sticky":false,"template":"","format":"standard","meta":{"footnotes":""},"categories":[1495],"tags":[1503,202],"class_list":["post-4714","post","type-post","status-publish","format-standard","hentry","category-feria","tag-cordoba","tag-feria","masonry-post","generate-columns","tablet-grid-50","mobile-grid-100","grid-parent","grid-33"],"yoast_head":"<!-- This site is optimized with the Yoast SEO plugin v25.9 - https:\/\/yoast.com\/wordpress\/plugins\/seo\/ -->\n<title>Feria de Cordoba 2011<\/title>\n<meta name=\"description\" content=\"Programa de la Feria de Cordoba 2011\" \/>\n<meta name=\"robots\" content=\"index, follow, max-snippet:-1, max-image-preview:large, max-video-preview:-1\" \/>\n<link rel=\"canonical\" href=\"https:\/\/miguelmoreno.org\/blog\/feria-de-cordoba-2011\/\" \/>\n<meta name=\"twitter:label1\" content=\"Escrito por\" \/>\n\t<meta name=\"twitter:data1\" content=\"Se llama copla\" \/>\n\t<meta name=\"twitter:label2\" content=\"Tiempo de lectura\" \/>\n\t<meta name=\"twitter:data2\" content=\"1 minuto\" \/>\n<script type=\"application\/ld+json\" class=\"yoast-schema-graph\">{\"@context\":\"https:\/\/schema.org\",\"@graph\":[{\"@type\":\"WebPage\",\"@id\":\"https:\/\/miguelmoreno.org\/blog\/feria-de-cordoba-2011\/\",\"url\":\"https:\/\/miguelmoreno.org\/blog\/feria-de-cordoba-2011\/\",\"name\":\"Feria de Cordoba 2011\",\"isPartOf\":{\"@id\":\"https:\/\/miguelmoreno.org\/blog\/#website\"},\"datePublished\":\"2011-05-19T14:23:11+00:00\",\"dateModified\":\"2015-06-03T22:17:15+00:00\",\"author\":{\"@id\":\"https:\/\/miguelmoreno.org\/blog\/#\/schema\/person\/cde8639f19077551d0d59650a04b23d5\"},\"description\":\"Programa de la Feria de Cordoba 2011\",\"breadcrumb\":{\"@id\":\"https:\/\/miguelmoreno.org\/blog\/feria-de-cordoba-2011\/#breadcrumb\"},\"inLanguage\":\"es\",\"potentialAction\":[{\"@type\":\"ReadAction\",\"target\":[\"https:\/\/miguelmoreno.org\/blog\/feria-de-cordoba-2011\/\"]}]},{\"@type\":\"BreadcrumbList\",\"@id\":\"https:\/\/miguelmoreno.org\/blog\/feria-de-cordoba-2011\/#breadcrumb\",\"itemListElement\":[{\"@type\":\"ListItem\",\"position\":1,\"name\":\"Portada\",\"item\":\"https:\/\/miguelmoreno.org\/blog\/\"},{\"@type\":\"ListItem\",\"position\":2,\"name\":\"Feria de Cordoba 2011\"}]},{\"@type\":\"WebSite\",\"@id\":\"https:\/\/miguelmoreno.org\/blog\/#website\",\"url\":\"https:\/\/miguelmoreno.org\/blog\/\",\"name\":\"El Blog del Sur\",\"description\":\"Cultura, conciertos, ferias, coplas...\",\"potentialAction\":[{\"@type\":\"SearchAction\",\"target\":{\"@type\":\"EntryPoint\",\"urlTemplate\":\"https:\/\/miguelmoreno.org\/blog\/?s={search_term_string}\"},\"query-input\":{\"@type\":\"PropertyValueSpecification\",\"valueRequired\":true,\"valueName\":\"search_term_string\"}}],\"inLanguage\":\"es\"},{\"@type\":\"Person\",\"@id\":\"https:\/\/miguelmoreno.org\/blog\/#\/schema\/person\/cde8639f19077551d0d59650a04b23d5\",\"name\":\"Se llama copla\",\"sameAs\":[\"https:\/\/miguelmoreno.org\/blog\",\"https:\/\/x.com\/coplasandalucia\"]}]}<\/script>\n<!-- \/ Yoast SEO plugin. -->","yoast_head_json":{"title":"Feria de Cordoba 2011","description":"Programa de la Feria de Cordoba 2011","robots":{"index":"index","follow":"follow","max-snippet":"max-snippet:-1","max-image-preview":"max-image-preview:large","max-video-preview":"max-video-preview:-1"},"canonical":"https:\/\/miguelmoreno.org\/blog\/feria-de-cordoba-2011\/","twitter_misc":{"Escrito por":"Se llama copla","Tiempo de lectura":"1 minuto"},"schema":{"@context":"https:\/\/schema.org","@graph":[{"@type":"WebPage","@id":"https:\/\/miguelmoreno.org\/blog\/feria-de-cordoba-2011\/","url":"https:\/\/miguelmoreno.org\/blog\/feria-de-cordoba-2011\/","name":"Feria de Cordoba 2011","isPartOf":{"@id":"https:\/\/miguelmoreno.org\/blog\/#website"},"datePublished":"2011-05-19T14:23:11+00:00","dateModified":"2015-06-03T22:17:15+00:00","author":{"@id":"https:\/\/miguelmoreno.org\/blog\/#\/schema\/person\/cde8639f19077551d0d59650a04b23d5"},"description":"Programa de la Feria de Cordoba 2011","breadcrumb":{"@id":"https:\/\/miguelmoreno.org\/blog\/feria-de-cordoba-2011\/#breadcrumb"},"inLanguage":"es","potentialAction":[{"@type":"ReadAction","target":["https:\/\/miguelmoreno.org\/blog\/feria-de-cordoba-2011\/"]}]},{"@type":"BreadcrumbList","@id":"https:\/\/miguelmoreno.org\/blog\/feria-de-cordoba-2011\/#breadcrumb","itemListElement":[{"@type":"ListItem","position":1,"name":"Portada","item":"https:\/\/miguelmoreno.org\/blog\/"},{"@type":"ListItem","position":2,"name":"Feria de Cordoba 2011"}]},{"@type":"WebSite","@id":"https:\/\/miguelmoreno.org\/blog\/#website","url":"https:\/\/miguelmoreno.org\/blog\/","name":"El Blog del Sur","description":"Cultura, conciertos, ferias, coplas...","potentialAction":[{"@type":"SearchAction","target":{"@type":"EntryPoint","urlTemplate":"https:\/\/miguelmoreno.org\/blog\/?s={search_term_string}"},"query-input":{"@type":"PropertyValueSpecification","valueRequired":true,"valueName":"search_term_string"}}],"inLanguage":"es"},{"@type":"Person","@id":"https:\/\/miguelmoreno.org\/blog\/#\/schema\/person\/cde8639f19077551d0d59650a04b23d5","name":"Se llama copla","sameAs":["https:\/\/miguelmoreno.org\/blog","https:\/\/x.com\/coplasandalucia"]}]}},"_links":{"self":[{"href":"https:\/\/miguelmoreno.org\/blog\/wp-json\/wp\/v2\/posts\/4714","targetHints":{"allow":["GET"]}}],"collection":[{"href":"https:\/\/miguelmoreno.org\/blog\/wp-json\/wp\/v2\/posts"}],"about":[{"href":"https:\/\/miguelmoreno.org\/blog\/wp-json\/wp\/v2\/types\/post"}],"author":[{"embeddable":true,"href":"https:\/\/miguelmoreno.org\/blog\/wp-json\/wp\/v2\/users\/5"}],"replies":[{"embeddable":true,"href":"https:\/\/miguelmoreno.org\/blog\/wp-json\/wp\/v2\/comments?post=4714"}],"version-history":[{"count":0,"href":"https:\/\/miguelmoreno.org\/blog\/wp-json\/wp\/v2\/posts\/4714\/revisions"}],"wp:attachment":[{"href":"https:\/\/miguelmoreno.org\/blog\/wp-json\/wp\/v2\/media?parent=4714"}],"wp:term":[{"taxonomy":"category","embeddable":true,"href":"https:\/\/miguelmoreno.org\/blog\/wp-json\/wp\/v2\/categories?post=4714"},{"taxonomy":"post_tag","embeddable":true,"href":"https:\/\/miguelmoreno.org\/blog\/wp-json\/wp\/v2\/tags?post=4714"}],"curies":[{"name":"wp","href":"https:\/\/api.w.org\/{rel}","templated":true}]}}