{"id":4749,"date":"2011-05-26T14:50:09","date_gmt":"2011-05-26T12:50:09","guid":{"rendered":"http:\/\/www.miguelmoreno.org\/blog\/?p=4749"},"modified":"2011-05-26T14:51:20","modified_gmt":"2011-05-26T12:51:20","slug":"festival-de-musica-sefardi-de-cordoba-2011","status":"publish","type":"post","link":"https:\/\/miguelmoreno.org\/blog\/festival-de-musica-sefardi-de-cordoba-2011\/","title":{"rendered":"Festival de M\u00fasica Sefard\u00ed de C\u00f3rdoba 2011"},"content":{"rendered":"<p>X FESTIVAL INTERNACIONAL DE M\u00daSICA SEFARDI<\/p>\n<p>Del 20 al 26 de Junio de 2011 Jard\u00edn Bot\u00e1nico de C\u00f3rdoba.<\/p>\n<p><!--more--><\/p>\n<p>Lunes 20<br \/>\n21:00h \u00b7 TALLER DE COCINA SEFARD\u00cd. Coordinado por la Escuela de Hosteler\u00eda de C\u00f3rdoba. Aforo limitado. Es necesaria reserva previa.<br \/>\n22:30h \u00b7 LERNER &amp; MOGUILEVSKY DUO KLEZMER (Argentina) CONCIERTO PATROCINADO POR CASA SEFARAD-ISRAEL Y LA CONSEJER\u00cdA DE PRESIDENCIA DE LA JUNTA DE ANDALUC\u00cdA.<br \/>\nMartes 21<br \/>\n21:00 h \u00b7 INAUGURACI\u00d3N EXPOSICI\u00d3N.\u00bbArmon\u00edas de Azul y Ocre, Ritmo Vital y Festivo Sefard\u00ed\u00bb. Concierto did\u00e1ctico a cargo de Paco D\u00edez, comisario de la exposici\u00f3n, sobre Instrumentos Musicales Tradicionales de Sefarad.<br \/>\n22:30 h \u00b7 LUNAS OLVIDADAS (Anna Jagielska-Riveiro &#8211; Polonia)<br \/>\nMiercoles 22<br \/>\n21:00 h \u00b7 CATA B\u00cdBLICA DE VINOS KOSHER. Carlos Delgado, cr\u00edtico enogastron\u00f3mico de EL PA\u00cdS, Francesc Perell\u00f3, en\u00f3logo, Sandra Aull\u00f3, del Celler de Cap\u00e7anes (Tarragona) y Manuel M\u00aa L\u00f3pez Alejandre, Presidente del Aula del Vino de C\u00f3rdoba. Aforo limitado. Es necesaria reserva previa.<br \/>\n22:30 h \u00b7 BERI SAJAROF Y REA MOJIAJ \u00abLos Labios Rojos\u00bb (Israel) CONCIERTO PATROCINADO POR CASA SEFARAD-ISRAEL Y EMBAJADA DE ISRAEL.<br \/>\nJueves 23<br \/>\n21:00 h \u00b7 CONFERENCIA: \u00abC\u00f3rdoba, Crisol Musical de las Tres Culturas\u00bb. N\u00e9stor Eidler, violinista, director de orquesta y pedagogo musical. Evento organizado por la Asociaci\u00f3n \u00abAmigos de C\u00f3rdoba Sefardita\u00bb.<br \/>\n22:30 h \u00b7 LAFRA (Croacia-Hungr\u00eda-Bulgaria)(Grupo ganador Categor\u00eda \u00abM\u00fasica Sefard\u00ed\u00bb, en el 2\u00ba Festival Internacional de M\u00fasica Jud\u00eda de Amsterdam)<br \/>\nViernes 24<br \/>\n21:00 h \u00b7 TALLER DE DANZA. Dirigido por Danzas del Mundo<br \/>\n22:30 h \u00b7 SHIRA U&#8217;TFILA (Serbia-Israel) (Grupo ganador Categor\u00eda \u00abMejor Conjunto de M\u00fasica del Mundo\u00bb y \u00abMejor grupo elegido por el voto del p\u00fablico\u00bb, en el 1\u00ba Festival Internacional de M\u00fasica Jud\u00eda de Amsterdam).<br \/>\nSabado 25<br \/>\n21:00 h \u00b7 CINE. Proyecci\u00f3n de la pel\u00edcula \u00abEL CONCIERTO\u00bb de Radu Mihaileanu.<br \/>\n22:30 h \u00b7 Coro de C\u00e1mara \u00abEL\u00cd HOSHAN\u00c1\u00bbCiudad de Lucena (Espa\u00f1a)<br \/>\nDomingo 26<br \/>\n21:00 h \u00b7 CUENTA CUENTOS: \u00abLas historias del sabio Maim\u00f3nides\u00bb. Compa\u00f1\u00eda Uno Teatro.<br \/>\n22:30 h \u00b7 PARAMITHIA (Grecia)<\/p>\n<p>Precio: 5 euros<\/p>\n<p>Informaci\u00f3n y Reservas:<br \/>\nUnidad de Turismo y Patrimonio de la Humanidad &#8211; C\/ Rey Heredia, 22 &#8211; 14003 C\u00d3RDOBA &#8211; Tfno: +34 957 200 522<\/p>\n<p>turismo@ayuncordoba.es &#8211; www.ayuncordoba.es &#8211; www.redjuderias.org &#8211; www.turismodecordoba.org<\/p>\n<p>\u00danico punto de venta de entradas (inclu\u00edda la venta anticipada) en las taquillas del Jard\u00edn Bot\u00e1nico. El precio del concierto da derecho al acceso a la actividad cultural del d\u00eda correspondiente. El Taller de Cocina Sefard\u00ed y la Cata B\u00edblica tienen un aforo limitado por lo que deber\u00e1 reservar su plaza con anterioridad en la Unidad de Turismo.<\/p>\n<h3><a title=\"Programaci\u00f3n X Festival Internacional de Musica Sefardi\" href=\"http:\/\/www.cordoba.es\/images\/stories\/documentos\/Turismo\/Turismo_y_Patrimonio_de_la_Humanidad\/CARTEL_X_FESTIVAL_MUSICA_SEFARDI.pdf\" target=\"_blank\">Programa:(formato PDF)<\/a><\/h3>\n","protected":false},"excerpt":{"rendered":"<p>X FESTIVAL INTERNACIONAL DE M\u00daSICA SEFARDI Del 20 al 26 de Junio de 2011 Jard\u00edn Bot\u00e1nico de C\u00f3rdoba.<\/p>\n","protected":false},"author":5,"featured_media":0,"comment_status":"open","ping_status":"open","sticky":false,"template":"","format":"standard","meta":{"footnotes":""},"categories":[1478],"tags":[1503],"class_list":["post-4749","post","type-post","status-publish","format-standard","hentry","category-musica","tag-cordoba","masonry-post","generate-columns","tablet-grid-50","mobile-grid-100","grid-parent","grid-33"],"yoast_head":"<!-- This site is optimized with the Yoast SEO plugin v25.9 - https:\/\/yoast.com\/wordpress\/plugins\/seo\/ -->\n<title>Festival de M\u00fasica Sefard\u00ed de C\u00f3rdoba 2011<\/title>\n<meta name=\"robots\" content=\"index, follow, max-snippet:-1, max-image-preview:large, max-video-preview:-1\" \/>\n<link rel=\"canonical\" href=\"https:\/\/miguelmoreno.org\/blog\/festival-de-musica-sefardi-de-cordoba-2011\/\" \/>\n<meta name=\"twitter:label1\" content=\"Escrito por\" \/>\n\t<meta name=\"twitter:data1\" content=\"Se llama copla\" \/>\n\t<meta name=\"twitter:label2\" content=\"Tiempo de lectura\" \/>\n\t<meta name=\"twitter:data2\" content=\"2 minutos\" \/>\n<script type=\"application\/ld+json\" class=\"yoast-schema-graph\">{\"@context\":\"https:\/\/schema.org\",\"@graph\":[{\"@type\":\"WebPage\",\"@id\":\"https:\/\/miguelmoreno.org\/blog\/festival-de-musica-sefardi-de-cordoba-2011\/\",\"url\":\"https:\/\/miguelmoreno.org\/blog\/festival-de-musica-sefardi-de-cordoba-2011\/\",\"name\":\"Festival de M\u00fasica Sefard\u00ed de C\u00f3rdoba 2011\",\"isPartOf\":{\"@id\":\"https:\/\/miguelmoreno.org\/blog\/#website\"},\"datePublished\":\"2011-05-26T12:50:09+00:00\",\"dateModified\":\"2011-05-26T12:51:20+00:00\",\"author\":{\"@id\":\"https:\/\/miguelmoreno.org\/blog\/#\/schema\/person\/cde8639f19077551d0d59650a04b23d5\"},\"breadcrumb\":{\"@id\":\"https:\/\/miguelmoreno.org\/blog\/festival-de-musica-sefardi-de-cordoba-2011\/#breadcrumb\"},\"inLanguage\":\"es\",\"potentialAction\":[{\"@type\":\"ReadAction\",\"target\":[\"https:\/\/miguelmoreno.org\/blog\/festival-de-musica-sefardi-de-cordoba-2011\/\"]}]},{\"@type\":\"BreadcrumbList\",\"@id\":\"https:\/\/miguelmoreno.org\/blog\/festival-de-musica-sefardi-de-cordoba-2011\/#breadcrumb\",\"itemListElement\":[{\"@type\":\"ListItem\",\"position\":1,\"name\":\"Portada\",\"item\":\"https:\/\/miguelmoreno.org\/blog\/\"},{\"@type\":\"ListItem\",\"position\":2,\"name\":\"Festival de M\u00fasica Sefard\u00ed de C\u00f3rdoba 2011\"}]},{\"@type\":\"WebSite\",\"@id\":\"https:\/\/miguelmoreno.org\/blog\/#website\",\"url\":\"https:\/\/miguelmoreno.org\/blog\/\",\"name\":\"El Blog del Sur\",\"description\":\"Cultura, conciertos, ferias, coplas...\",\"potentialAction\":[{\"@type\":\"SearchAction\",\"target\":{\"@type\":\"EntryPoint\",\"urlTemplate\":\"https:\/\/miguelmoreno.org\/blog\/?s={search_term_string}\"},\"query-input\":{\"@type\":\"PropertyValueSpecification\",\"valueRequired\":true,\"valueName\":\"search_term_string\"}}],\"inLanguage\":\"es\"},{\"@type\":\"Person\",\"@id\":\"https:\/\/miguelmoreno.org\/blog\/#\/schema\/person\/cde8639f19077551d0d59650a04b23d5\",\"name\":\"Se llama copla\",\"sameAs\":[\"https:\/\/miguelmoreno.org\/blog\",\"https:\/\/x.com\/coplasandalucia\"]}]}<\/script>\n<!-- \/ Yoast SEO plugin. -->","yoast_head_json":{"title":"Festival de M\u00fasica Sefard\u00ed de C\u00f3rdoba 2011","robots":{"index":"index","follow":"follow","max-snippet":"max-snippet:-1","max-image-preview":"max-image-preview:large","max-video-preview":"max-video-preview:-1"},"canonical":"https:\/\/miguelmoreno.org\/blog\/festival-de-musica-sefardi-de-cordoba-2011\/","twitter_misc":{"Escrito por":"Se llama copla","Tiempo de lectura":"2 minutos"},"schema":{"@context":"https:\/\/schema.org","@graph":[{"@type":"WebPage","@id":"https:\/\/miguelmoreno.org\/blog\/festival-de-musica-sefardi-de-cordoba-2011\/","url":"https:\/\/miguelmoreno.org\/blog\/festival-de-musica-sefardi-de-cordoba-2011\/","name":"Festival de M\u00fasica Sefard\u00ed de C\u00f3rdoba 2011","isPartOf":{"@id":"https:\/\/miguelmoreno.org\/blog\/#website"},"datePublished":"2011-05-26T12:50:09+00:00","dateModified":"2011-05-26T12:51:20+00:00","author":{"@id":"https:\/\/miguelmoreno.org\/blog\/#\/schema\/person\/cde8639f19077551d0d59650a04b23d5"},"breadcrumb":{"@id":"https:\/\/miguelmoreno.org\/blog\/festival-de-musica-sefardi-de-cordoba-2011\/#breadcrumb"},"inLanguage":"es","potentialAction":[{"@type":"ReadAction","target":["https:\/\/miguelmoreno.org\/blog\/festival-de-musica-sefardi-de-cordoba-2011\/"]}]},{"@type":"BreadcrumbList","@id":"https:\/\/miguelmoreno.org\/blog\/festival-de-musica-sefardi-de-cordoba-2011\/#breadcrumb","itemListElement":[{"@type":"ListItem","position":1,"name":"Portada","item":"https:\/\/miguelmoreno.org\/blog\/"},{"@type":"ListItem","position":2,"name":"Festival de M\u00fasica Sefard\u00ed de C\u00f3rdoba 2011"}]},{"@type":"WebSite","@id":"https:\/\/miguelmoreno.org\/blog\/#website","url":"https:\/\/miguelmoreno.org\/blog\/","name":"El Blog del Sur","description":"Cultura, conciertos, ferias, coplas...","potentialAction":[{"@type":"SearchAction","target":{"@type":"EntryPoint","urlTemplate":"https:\/\/miguelmoreno.org\/blog\/?s={search_term_string}"},"query-input":{"@type":"PropertyValueSpecification","valueRequired":true,"valueName":"search_term_string"}}],"inLanguage":"es"},{"@type":"Person","@id":"https:\/\/miguelmoreno.org\/blog\/#\/schema\/person\/cde8639f19077551d0d59650a04b23d5","name":"Se llama copla","sameAs":["https:\/\/miguelmoreno.org\/blog","https:\/\/x.com\/coplasandalucia"]}]}},"_links":{"self":[{"href":"https:\/\/miguelmoreno.org\/blog\/wp-json\/wp\/v2\/posts\/4749","targetHints":{"allow":["GET"]}}],"collection":[{"href":"https:\/\/miguelmoreno.org\/blog\/wp-json\/wp\/v2\/posts"}],"about":[{"href":"https:\/\/miguelmoreno.org\/blog\/wp-json\/wp\/v2\/types\/post"}],"author":[{"embeddable":true,"href":"https:\/\/miguelmoreno.org\/blog\/wp-json\/wp\/v2\/users\/5"}],"replies":[{"embeddable":true,"href":"https:\/\/miguelmoreno.org\/blog\/wp-json\/wp\/v2\/comments?post=4749"}],"version-history":[{"count":0,"href":"https:\/\/miguelmoreno.org\/blog\/wp-json\/wp\/v2\/posts\/4749\/revisions"}],"wp:attachment":[{"href":"https:\/\/miguelmoreno.org\/blog\/wp-json\/wp\/v2\/media?parent=4749"}],"wp:term":[{"taxonomy":"category","embeddable":true,"href":"https:\/\/miguelmoreno.org\/blog\/wp-json\/wp\/v2\/categories?post=4749"},{"taxonomy":"post_tag","embeddable":true,"href":"https:\/\/miguelmoreno.org\/blog\/wp-json\/wp\/v2\/tags?post=4749"}],"curies":[{"name":"wp","href":"https:\/\/api.w.org\/{rel}","templated":true}]}}