{"id":4821,"date":"2011-06-20T08:33:37","date_gmt":"2011-06-20T06:33:37","guid":{"rendered":"http:\/\/www.miguelmoreno.org\/blog\/?p=4821"},"modified":"2011-06-20T08:33:37","modified_gmt":"2011-06-20T06:33:37","slug":"festival-de-la-guitarra-de-cordoba-2011","status":"publish","type":"post","link":"https:\/\/miguelmoreno.org\/blog\/festival-de-la-guitarra-de-cordoba-2011\/","title":{"rendered":"Festival de la Guitarra de Cordoba 2011"},"content":{"rendered":"<p>31 edici\u00f3n del Festival de la Guitarra de C\u00f3rdoba, del 5 al 16 de Julio<\/p>\n<p><!--more-->Entre los<a href=\"http:\/\/www.guitarracordoba.com\/index.php\/conciertos-espectaculos.html\"> artitas <\/a>que podremos ver estar\u00e1n:\u00a0 Vicente Amigo, Joven Filarmon\u00eda Leo Brouwer, Compa\u00f1ia Javier Bar\u00f3n,\u00a0 Lee Ritenour Band,\u00a0 Russian Red,\u00a0 Roc\u00edo Molina,\u00a0 John Pizzarelli, Luis Pastor \/ Orquesta de C\u00f3rdoba \/ Leonardo Mar\u00ednez Cayuela,\u00a0 V\u00edctor Monge Serranito,\u00a0 John McLaughlin &amp; The 4th Dimension,\u00a0 Ariel Rot,\u00a0\u00a0 Andr\u00e9s Calamaro,\u00a0 Pablo Milan\u00e9s,\u00a0 Zo\u00e9 Playing for Change,\u00a0 Joaqu\u00edn Cort\u00e9s,\u00a0 ZZ Top,\u00a0 Moddatir Aboul Wafa Sextet Casa \u00c1rabe,\u00a0 Manuel Barrueco,\u00a0 Edin Karamazov,\u00a0 Javier Riba \/ Amparo Trigueros \/ Jorge Hern\u00e1ndez,\u00a0 Cristiano Porqueddu,\u00a0 Sanja Plohl,\u00a0 Roland Dyens,\u00a0 Kazuhito Yamashita Family Quinte<br \/>\nKazuhito Yamashita Family Quintet,\u00a0 David Russell<\/p>\n<p>En el apartado<a href=\"http:\/\/www.guitarracordoba.com\/index.php\/programa-formativo-2011.html\"> formativo<\/a> podemos disfrutar de Manuel Barrueco, David Russell, Roland Dyens, Keiko Fujie, Kazuhito Yamashita, Angelo Gilardino, Luis Pastor, Edin Karamazov, Manolo Sanl\u00facar, Jos\u00e9 Antonio Rodr\u00edguez, Paco Serrano, Manolo Franco, Inmaculada Aguilar, Javier Latorre, Roc\u00edo Molina, Antonio el Pipa, Calixto S\u00e1nchez y Arc\u00e1ngel.<\/p>\n","protected":false},"excerpt":{"rendered":"<p>31 edici\u00f3n del Festival de la Guitarra de C\u00f3rdoba, del 5 al 16 de Julio<\/p>\n","protected":false},"author":5,"featured_media":0,"comment_status":"open","ping_status":"open","sticky":false,"template":"","format":"standard","meta":{"footnotes":""},"categories":[1490,1478],"tags":[1503,114],"class_list":["post-4821","post","type-post","status-publish","format-standard","hentry","category-flamenco","category-musica","tag-cordoba","tag-flamenco","masonry-post","generate-columns","tablet-grid-50","mobile-grid-100","grid-parent","grid-33"],"yoast_head":"<!-- This site is optimized with the Yoast SEO plugin v25.9 - https:\/\/yoast.com\/wordpress\/plugins\/seo\/ -->\n<title>Festival de la Guitarra de Cordoba 2011<\/title>\n<meta name=\"robots\" content=\"index, follow, max-snippet:-1, max-image-preview:large, max-video-preview:-1\" \/>\n<link rel=\"canonical\" href=\"https:\/\/miguelmoreno.org\/blog\/festival-de-la-guitarra-de-cordoba-2011\/\" \/>\n<meta name=\"twitter:label1\" content=\"Escrito por\" \/>\n\t<meta name=\"twitter:data1\" content=\"Se llama copla\" \/>\n\t<meta name=\"twitter:label2\" content=\"Tiempo de lectura\" \/>\n\t<meta name=\"twitter:data2\" content=\"1 minuto\" \/>\n<script type=\"application\/ld+json\" class=\"yoast-schema-graph\">{\"@context\":\"https:\/\/schema.org\",\"@graph\":[{\"@type\":\"WebPage\",\"@id\":\"https:\/\/miguelmoreno.org\/blog\/festival-de-la-guitarra-de-cordoba-2011\/\",\"url\":\"https:\/\/miguelmoreno.org\/blog\/festival-de-la-guitarra-de-cordoba-2011\/\",\"name\":\"Festival de la Guitarra de Cordoba 2011\",\"isPartOf\":{\"@id\":\"https:\/\/miguelmoreno.org\/blog\/#website\"},\"datePublished\":\"2011-06-20T06:33:37+00:00\",\"author\":{\"@id\":\"https:\/\/miguelmoreno.org\/blog\/#\/schema\/person\/cde8639f19077551d0d59650a04b23d5\"},\"breadcrumb\":{\"@id\":\"https:\/\/miguelmoreno.org\/blog\/festival-de-la-guitarra-de-cordoba-2011\/#breadcrumb\"},\"inLanguage\":\"es\",\"potentialAction\":[{\"@type\":\"ReadAction\",\"target\":[\"https:\/\/miguelmoreno.org\/blog\/festival-de-la-guitarra-de-cordoba-2011\/\"]}]},{\"@type\":\"BreadcrumbList\",\"@id\":\"https:\/\/miguelmoreno.org\/blog\/festival-de-la-guitarra-de-cordoba-2011\/#breadcrumb\",\"itemListElement\":[{\"@type\":\"ListItem\",\"position\":1,\"name\":\"Portada\",\"item\":\"https:\/\/miguelmoreno.org\/blog\/\"},{\"@type\":\"ListItem\",\"position\":2,\"name\":\"Festival de la Guitarra de Cordoba 2011\"}]},{\"@type\":\"WebSite\",\"@id\":\"https:\/\/miguelmoreno.org\/blog\/#website\",\"url\":\"https:\/\/miguelmoreno.org\/blog\/\",\"name\":\"El Blog del Sur\",\"description\":\"Cultura, conciertos, ferias, coplas...\",\"potentialAction\":[{\"@type\":\"SearchAction\",\"target\":{\"@type\":\"EntryPoint\",\"urlTemplate\":\"https:\/\/miguelmoreno.org\/blog\/?s={search_term_string}\"},\"query-input\":{\"@type\":\"PropertyValueSpecification\",\"valueRequired\":true,\"valueName\":\"search_term_string\"}}],\"inLanguage\":\"es\"},{\"@type\":\"Person\",\"@id\":\"https:\/\/miguelmoreno.org\/blog\/#\/schema\/person\/cde8639f19077551d0d59650a04b23d5\",\"name\":\"Se llama copla\",\"sameAs\":[\"https:\/\/miguelmoreno.org\/blog\",\"https:\/\/x.com\/coplasandalucia\"]}]}<\/script>\n<!-- \/ Yoast SEO plugin. -->","yoast_head_json":{"title":"Festival de la Guitarra de Cordoba 2011","robots":{"index":"index","follow":"follow","max-snippet":"max-snippet:-1","max-image-preview":"max-image-preview:large","max-video-preview":"max-video-preview:-1"},"canonical":"https:\/\/miguelmoreno.org\/blog\/festival-de-la-guitarra-de-cordoba-2011\/","twitter_misc":{"Escrito por":"Se llama copla","Tiempo de lectura":"1 minuto"},"schema":{"@context":"https:\/\/schema.org","@graph":[{"@type":"WebPage","@id":"https:\/\/miguelmoreno.org\/blog\/festival-de-la-guitarra-de-cordoba-2011\/","url":"https:\/\/miguelmoreno.org\/blog\/festival-de-la-guitarra-de-cordoba-2011\/","name":"Festival de la Guitarra de Cordoba 2011","isPartOf":{"@id":"https:\/\/miguelmoreno.org\/blog\/#website"},"datePublished":"2011-06-20T06:33:37+00:00","author":{"@id":"https:\/\/miguelmoreno.org\/blog\/#\/schema\/person\/cde8639f19077551d0d59650a04b23d5"},"breadcrumb":{"@id":"https:\/\/miguelmoreno.org\/blog\/festival-de-la-guitarra-de-cordoba-2011\/#breadcrumb"},"inLanguage":"es","potentialAction":[{"@type":"ReadAction","target":["https:\/\/miguelmoreno.org\/blog\/festival-de-la-guitarra-de-cordoba-2011\/"]}]},{"@type":"BreadcrumbList","@id":"https:\/\/miguelmoreno.org\/blog\/festival-de-la-guitarra-de-cordoba-2011\/#breadcrumb","itemListElement":[{"@type":"ListItem","position":1,"name":"Portada","item":"https:\/\/miguelmoreno.org\/blog\/"},{"@type":"ListItem","position":2,"name":"Festival de la Guitarra de Cordoba 2011"}]},{"@type":"WebSite","@id":"https:\/\/miguelmoreno.org\/blog\/#website","url":"https:\/\/miguelmoreno.org\/blog\/","name":"El Blog del Sur","description":"Cultura, conciertos, ferias, coplas...","potentialAction":[{"@type":"SearchAction","target":{"@type":"EntryPoint","urlTemplate":"https:\/\/miguelmoreno.org\/blog\/?s={search_term_string}"},"query-input":{"@type":"PropertyValueSpecification","valueRequired":true,"valueName":"search_term_string"}}],"inLanguage":"es"},{"@type":"Person","@id":"https:\/\/miguelmoreno.org\/blog\/#\/schema\/person\/cde8639f19077551d0d59650a04b23d5","name":"Se llama copla","sameAs":["https:\/\/miguelmoreno.org\/blog","https:\/\/x.com\/coplasandalucia"]}]}},"_links":{"self":[{"href":"https:\/\/miguelmoreno.org\/blog\/wp-json\/wp\/v2\/posts\/4821","targetHints":{"allow":["GET"]}}],"collection":[{"href":"https:\/\/miguelmoreno.org\/blog\/wp-json\/wp\/v2\/posts"}],"about":[{"href":"https:\/\/miguelmoreno.org\/blog\/wp-json\/wp\/v2\/types\/post"}],"author":[{"embeddable":true,"href":"https:\/\/miguelmoreno.org\/blog\/wp-json\/wp\/v2\/users\/5"}],"replies":[{"embeddable":true,"href":"https:\/\/miguelmoreno.org\/blog\/wp-json\/wp\/v2\/comments?post=4821"}],"version-history":[{"count":0,"href":"https:\/\/miguelmoreno.org\/blog\/wp-json\/wp\/v2\/posts\/4821\/revisions"}],"wp:attachment":[{"href":"https:\/\/miguelmoreno.org\/blog\/wp-json\/wp\/v2\/media?parent=4821"}],"wp:term":[{"taxonomy":"category","embeddable":true,"href":"https:\/\/miguelmoreno.org\/blog\/wp-json\/wp\/v2\/categories?post=4821"},{"taxonomy":"post_tag","embeddable":true,"href":"https:\/\/miguelmoreno.org\/blog\/wp-json\/wp\/v2\/tags?post=4821"}],"curies":[{"name":"wp","href":"https:\/\/api.w.org\/{rel}","templated":true}]}}