{"id":548,"date":"2007-03-24T01:32:19","date_gmt":"2007-03-23T23:32:19","guid":{"rendered":"http:\/\/www.miguelmoreno.org\/blog\/concurso-de-cruces-de-mayo\/"},"modified":"2015-06-03T11:52:35","modified_gmt":"2015-06-03T09:52:35","slug":"concurso-de-cruces-de-mayo","status":"publish","type":"post","link":"https:\/\/miguelmoreno.org\/blog\/concurso-de-cruces-de-mayo\/","title":{"rendered":"Concurso de Cruces de Mayo"},"content":{"rendered":"<p>El pr\u00f3ximo d\u00eda 24 de abril se cierra el plazo de inscripci\u00f3n del XV Concurso Popular de <a target=\"_blank\" href=\"http:\/\/www.arrabal.eu\/granada\/cruzmayo.html\">Cruces<\/a> de <a target=\"_blank\" href=\"http:\/\/www.arrabal.eu\/granada\/crucesmayo.html\">Mayo<\/a>, organizado por la Fundaci\u00f3n Municipal de Cultura del Ayuntamiento de Antequera. El objetivo fundamental del concurso es la promoci\u00f3n y consolidaci\u00f3n en el municipio de una tradici\u00f3n de gran arraigo en Andaluc\u00eda, que combina lo religioso con lo popular mediante el ornato de la Santa Cruz, a base de flores naturales, macetas y elementos decorativos de gran valor artesanal.<br \/>\n<!--more--><\/p>\n<p>Para la calificaci\u00f3n y concesi\u00f3n de premios, el jurado tendr\u00e1 en cuenta la decoraci\u00f3n natural de la cruz, las proporciones correctas y equilibradas de la misma, la variedad floral, la colocaci\u00f3n y distribuci\u00f3n de macetas, la iluminaci\u00f3n art\u00edstica y natural, el aprovechamiento que se haga de los elementos que existan en el lugar, el emplazamiento y el esfuerzo e inter\u00e9s demostrado por todos los participantes.<\/p>\n<p>El concurso se estructura en tres modalidades: Asociaciones y Entidades, Cofrad\u00edas y Entidades Religiosas y Escaparates. En cada una de ellas habr\u00e1 tres premios, de 400, 250 y 150 euros en las dos primeras, y de 250, 150 y 75 euros la tercera.<\/p>\n<p>Se dar\u00e1 una subvenci\u00f3n para la compra de flores y material ornamental, cuyo importe depender\u00e1 del n\u00famero de participantes en el concurso. Las Cruces deber\u00e1n estar instaladas los d\u00edas 28 y 29 de abril, en horario de ma\u00f1ana y tarde.<\/p>\n<p>Las solicitudes para tomar parte en el concurso se presentar\u00e1n en la sede de la Fundaci\u00f3n\u00a0 Municipal de Cultura, en el Edificio de San Luis, de 9,00 de la ma\u00f1ana a 2,00 de la tarde, acompa\u00f1adas de un croquis del emplazamiento de la cruz.<\/p>\n<p>Las cruces deber\u00e1n instalarse en una zona que no dificulte al tr\u00e1nsito de peatones ni de veh\u00edculos.<\/p>\n<p>Los d\u00edas 28 y 29 de abril los miembros del jurado visitar\u00e1n las cruces, emiti\u00e9ndose el fallo el mismo d\u00eda 29.<\/p>\n","protected":false},"excerpt":{"rendered":"<p>El pr\u00f3ximo d\u00eda 24 de abril se cierra el plazo de inscripci\u00f3n del XV Concurso Popular de Cruces de Mayo, organizado por la Fundaci\u00f3n Municipal de Cultura del Ayuntamiento de Antequera. El objetivo fundamental del concurso es la promoci\u00f3n y consolidaci\u00f3n en el municipio de una tradici\u00f3n de gran arraigo en Andaluc\u00eda, que combina lo &#8230; <\/p>\n<p class=\"read-more-container\"><a title=\"Concurso de Cruces de Mayo\" class=\"read-more button\" href=\"https:\/\/miguelmoreno.org\/blog\/concurso-de-cruces-de-mayo\/#more-548\" aria-label=\"Leer m\u00e1s sobre Concurso de Cruces de Mayo\">M\u00e1s informaci\u00f3n<\/a><\/p>\n","protected":false},"author":5,"featured_media":0,"comment_status":"open","ping_status":"open","sticky":false,"template":"","format":"standard","meta":{"footnotes":""},"categories":[1],"tags":[2],"class_list":["post-548","post","type-post","status-publish","format-standard","hentry","category-general","tag-arte-y-cultura","masonry-post","generate-columns","tablet-grid-50","mobile-grid-100","grid-parent","grid-33"],"yoast_head":"<!-- This site is optimized with the Yoast SEO plugin v25.9 - https:\/\/yoast.com\/wordpress\/plugins\/seo\/ -->\n<title>Concurso de Cruces de Mayo<\/title>\n<meta name=\"robots\" content=\"index, follow, max-snippet:-1, max-image-preview:large, max-video-preview:-1\" \/>\n<link rel=\"canonical\" href=\"https:\/\/miguelmoreno.org\/blog\/concurso-de-cruces-de-mayo\/\" \/>\n<meta name=\"twitter:label1\" content=\"Escrito por\" \/>\n\t<meta name=\"twitter:data1\" content=\"Se llama copla\" \/>\n\t<meta name=\"twitter:label2\" content=\"Tiempo de lectura\" \/>\n\t<meta name=\"twitter:data2\" content=\"2 minutos\" \/>\n<script type=\"application\/ld+json\" class=\"yoast-schema-graph\">{\"@context\":\"https:\/\/schema.org\",\"@graph\":[{\"@type\":\"WebPage\",\"@id\":\"https:\/\/miguelmoreno.org\/blog\/concurso-de-cruces-de-mayo\/\",\"url\":\"https:\/\/miguelmoreno.org\/blog\/concurso-de-cruces-de-mayo\/\",\"name\":\"Concurso de Cruces de Mayo\",\"isPartOf\":{\"@id\":\"https:\/\/miguelmoreno.org\/blog\/#website\"},\"datePublished\":\"2007-03-23T23:32:19+00:00\",\"dateModified\":\"2015-06-03T09:52:35+00:00\",\"author\":{\"@id\":\"https:\/\/miguelmoreno.org\/blog\/#\/schema\/person\/cde8639f19077551d0d59650a04b23d5\"},\"breadcrumb\":{\"@id\":\"https:\/\/miguelmoreno.org\/blog\/concurso-de-cruces-de-mayo\/#breadcrumb\"},\"inLanguage\":\"es\",\"potentialAction\":[{\"@type\":\"ReadAction\",\"target\":[\"https:\/\/miguelmoreno.org\/blog\/concurso-de-cruces-de-mayo\/\"]}]},{\"@type\":\"BreadcrumbList\",\"@id\":\"https:\/\/miguelmoreno.org\/blog\/concurso-de-cruces-de-mayo\/#breadcrumb\",\"itemListElement\":[{\"@type\":\"ListItem\",\"position\":1,\"name\":\"Portada\",\"item\":\"https:\/\/miguelmoreno.org\/blog\/\"},{\"@type\":\"ListItem\",\"position\":2,\"name\":\"Concurso de Cruces de Mayo\"}]},{\"@type\":\"WebSite\",\"@id\":\"https:\/\/miguelmoreno.org\/blog\/#website\",\"url\":\"https:\/\/miguelmoreno.org\/blog\/\",\"name\":\"El Blog del Sur\",\"description\":\"Cultura, conciertos, ferias, coplas...\",\"potentialAction\":[{\"@type\":\"SearchAction\",\"target\":{\"@type\":\"EntryPoint\",\"urlTemplate\":\"https:\/\/miguelmoreno.org\/blog\/?s={search_term_string}\"},\"query-input\":{\"@type\":\"PropertyValueSpecification\",\"valueRequired\":true,\"valueName\":\"search_term_string\"}}],\"inLanguage\":\"es\"},{\"@type\":\"Person\",\"@id\":\"https:\/\/miguelmoreno.org\/blog\/#\/schema\/person\/cde8639f19077551d0d59650a04b23d5\",\"name\":\"Se llama copla\",\"sameAs\":[\"https:\/\/miguelmoreno.org\/blog\",\"https:\/\/x.com\/coplasandalucia\"]}]}<\/script>\n<!-- \/ Yoast SEO plugin. -->","yoast_head_json":{"title":"Concurso de Cruces de Mayo","robots":{"index":"index","follow":"follow","max-snippet":"max-snippet:-1","max-image-preview":"max-image-preview:large","max-video-preview":"max-video-preview:-1"},"canonical":"https:\/\/miguelmoreno.org\/blog\/concurso-de-cruces-de-mayo\/","twitter_misc":{"Escrito por":"Se llama copla","Tiempo de lectura":"2 minutos"},"schema":{"@context":"https:\/\/schema.org","@graph":[{"@type":"WebPage","@id":"https:\/\/miguelmoreno.org\/blog\/concurso-de-cruces-de-mayo\/","url":"https:\/\/miguelmoreno.org\/blog\/concurso-de-cruces-de-mayo\/","name":"Concurso de Cruces de Mayo","isPartOf":{"@id":"https:\/\/miguelmoreno.org\/blog\/#website"},"datePublished":"2007-03-23T23:32:19+00:00","dateModified":"2015-06-03T09:52:35+00:00","author":{"@id":"https:\/\/miguelmoreno.org\/blog\/#\/schema\/person\/cde8639f19077551d0d59650a04b23d5"},"breadcrumb":{"@id":"https:\/\/miguelmoreno.org\/blog\/concurso-de-cruces-de-mayo\/#breadcrumb"},"inLanguage":"es","potentialAction":[{"@type":"ReadAction","target":["https:\/\/miguelmoreno.org\/blog\/concurso-de-cruces-de-mayo\/"]}]},{"@type":"BreadcrumbList","@id":"https:\/\/miguelmoreno.org\/blog\/concurso-de-cruces-de-mayo\/#breadcrumb","itemListElement":[{"@type":"ListItem","position":1,"name":"Portada","item":"https:\/\/miguelmoreno.org\/blog\/"},{"@type":"ListItem","position":2,"name":"Concurso de Cruces de Mayo"}]},{"@type":"WebSite","@id":"https:\/\/miguelmoreno.org\/blog\/#website","url":"https:\/\/miguelmoreno.org\/blog\/","name":"El Blog del Sur","description":"Cultura, conciertos, ferias, coplas...","potentialAction":[{"@type":"SearchAction","target":{"@type":"EntryPoint","urlTemplate":"https:\/\/miguelmoreno.org\/blog\/?s={search_term_string}"},"query-input":{"@type":"PropertyValueSpecification","valueRequired":true,"valueName":"search_term_string"}}],"inLanguage":"es"},{"@type":"Person","@id":"https:\/\/miguelmoreno.org\/blog\/#\/schema\/person\/cde8639f19077551d0d59650a04b23d5","name":"Se llama copla","sameAs":["https:\/\/miguelmoreno.org\/blog","https:\/\/x.com\/coplasandalucia"]}]}},"_links":{"self":[{"href":"https:\/\/miguelmoreno.org\/blog\/wp-json\/wp\/v2\/posts\/548","targetHints":{"allow":["GET"]}}],"collection":[{"href":"https:\/\/miguelmoreno.org\/blog\/wp-json\/wp\/v2\/posts"}],"about":[{"href":"https:\/\/miguelmoreno.org\/blog\/wp-json\/wp\/v2\/types\/post"}],"author":[{"embeddable":true,"href":"https:\/\/miguelmoreno.org\/blog\/wp-json\/wp\/v2\/users\/5"}],"replies":[{"embeddable":true,"href":"https:\/\/miguelmoreno.org\/blog\/wp-json\/wp\/v2\/comments?post=548"}],"version-history":[{"count":0,"href":"https:\/\/miguelmoreno.org\/blog\/wp-json\/wp\/v2\/posts\/548\/revisions"}],"wp:attachment":[{"href":"https:\/\/miguelmoreno.org\/blog\/wp-json\/wp\/v2\/media?parent=548"}],"wp:term":[{"taxonomy":"category","embeddable":true,"href":"https:\/\/miguelmoreno.org\/blog\/wp-json\/wp\/v2\/categories?post=548"},{"taxonomy":"post_tag","embeddable":true,"href":"https:\/\/miguelmoreno.org\/blog\/wp-json\/wp\/v2\/tags?post=548"}],"curies":[{"name":"wp","href":"https:\/\/api.w.org\/{rel}","templated":true}]}}