{"id":5565,"date":"2012-04-12T12:59:51","date_gmt":"2012-04-12T10:59:51","guid":{"rendered":"http:\/\/www.miguelmoreno.org\/blog\/?p=5565"},"modified":"2015-06-04T00:20:31","modified_gmt":"2015-06-03T22:20:31","slug":"campamentos-cerro-muriano-2012","status":"publish","type":"post","link":"https:\/\/miguelmoreno.org\/blog\/campamentos-cerro-muriano-2012\/","title":{"rendered":"Campamentos Cerro Muriano 2012"},"content":{"rendered":"<p>Ya est\u00e1 abierto el plazo de solicitudes para los Campamentos de Cerro Muriano 2012 de la Diputaci\u00f3n de Cordoba.<\/p>\n<p>Se puede empezar a pedir plazas en esta p\u00e1gina,\u00a0\u00a0para hacer la pre-inscripci\u00f3n SIN CERTIFICADO DIGITAL, (Paso 1: Datos del Adulto; Paso 2: Datos del Participante; Paso 3: Confirmar datos) teniendo que presentar el documento en el Registro General de Diputaci\u00f3n o en el Ayuntamiendo de su municipio.<\/p>\n<p style=\"text-align: center;\"><img loading=\"lazy\" decoding=\"async\" class=\"alignnone\" src=\"https:\/\/www.miguelmoreno.org\/carteles\/cerro-muriano-2012.jpg\" alt=\"\" width=\"322\" height=\"470\" \/><\/p>\n<p>Para que los solicitantes de un grupo de amigos\/as obtengan n\u00fameros consecutivos en el sorteo aconsejamos:<\/p>\n<p>-para las inscripciones con certificado digital: realizarlas en horario de tarde\/noche o fines de semana.<\/p>\n<p>-para las inscripciones sin certificado digital: entregar todas juntas en el Registro.<\/p>\n<p>Si tienes Certificado Digital puedes apuntarte en este enlace.<\/p>\n<p>El domingo 10 de junio de 17.00 a 20.00 horas padres, madres o tutores interesados\/as podr\u00e1n visitar las instalaciones por su cuenta. Albergue Provincial de la Diputaci\u00f3n de C\u00f3rdoba, C\/ Camino Parque, s\/n, Cerro Muriano.<\/p>\n<ul>\n<li><strong>TURNOS, FECHAS, EDADES Y CUOTAS POR ACTIVIDAD:<\/strong><\/li>\n<\/ul>\n<p>Existen 7 turnos de 9 d\u00edas y 2 turnos de 6 d\u00edas (se\u00f1alados en negrita)<\/p>\n<p><strong>\u00a0<\/strong><\/p>\n<table border=\"0\">\n<tbody>\n<tr>\n<td>TURNO\u00a0\u00a0\u00a0 FECHA\u00a0\u00a0\u00a0 \u00a0\u00a0\u00a0\u00a0 \u00a0\u00a0\u00a0\u00a0\u00a0\u00a0\u00a0\u00a0 FECHA NACIMIENTO\u00a0\u00a0\u00a0\u00a0\u00a0\u00a0\u00a0\u00a0\u00a0\u00a0\u00a0\u00a0\u00a0\u00a0\u00a0\u00a0 PRECIO<br \/>\n<strong>\u00a01\u00a0\u00a0\u00a0 24 junio al 29 junio\u00a0 01\/01\/00\u00a0 al\u00a0 31\/12\/04\u00a0\u00a0\u00a0 \u00a0\u00a0\u00a0\u00a0\u00a0\u00a0 75<\/strong><br \/>\n2\u00a0\u00a0\u00a0 29 junio al 7 julio\u00a0\u00a0\u00a0 \u00a0\u00a0\u00a0 01\/01\/00\u00a0 al\u00a0 31\/12\/04\u00a0\u00a0\u00a0 \u00a0\u00a0\u00a0\u00a0\u00a0\u00a0\u00a0\u00a0 \u00a0 \u00a0 115<br \/>\n3\u00a0\u00a0\u00a0 7 al 15 julio\u00a0\u00a0\u00a0 \u00a0\u00a0\u00a0\u00a0\u00a0\u00a0\u00a0\u00a0\u00a0\u00a0\u00a0 01\/01\/96\u00a0 al\u00a0 31\/12\/99\u00a0\u00a0\u00a0 \u00a0\u00a0\u00a0\u00a0\u00a0\u00a0\u00a0 \u00a0 \u00a0\u00a0 115<br \/>\n4\u00a0\u00a0\u00a0 15 al 23 julio\u00a0\u00a0\u00a0 \u00a0\u00a0\u00a0\u00a0\u00a0\u00a0\u00a0\u00a0\u00a0 01\/01\/96\u00a0 al\u00a0 31\/12\/99\u00a0\u00a0\u00a0 \u00a0\u00a0\u00a0\u00a0\u00a0\u00a0\u00a0 \u00a0 \u00a0\u00a0 115<br \/>\n5\u00a0\u00a0\u00a0 23 al 31 julio\u00a0\u00a0\u00a0 \u00a0\u00a0\u00a0\u00a0\u00a0\u00a0\u00a0\u00a0\u00a0 01\/01\/98\u00a0 al\u00a0 31\/12\/02\u00a0\u00a0\u00a0 \u00a0\u00a0\u00a0\u00a0\u00a0\u00a0\u00a0 \u00a0 \u00a0\u00a0 115<br \/>\n<strong>\u00a06\u00a0\u00a0\u00a0 31 al 5 agosto\u00a0\u00a0\u00a0 \u00a0\u00a0\u00a0\u00a0\u00a0 01\/01\/00\u00a0 al\u00a0 31\/12\/04\u00a0\u00a0\u00a0 \u00a0 \u00a0 \u00a0\u00a0 75<\/strong><br \/>\n7\u00a0\u00a0\u00a0 5 al 13 agosto\u00a0\u00a0\u00a0 \u00a0\u00a0\u00a0\u00a0\u00a0\u00a0\u00a0 01\/01\/00\u00a0 al\u00a0 31\/12\/04\u00a0\u00a0\u00a0 \u00a0\u00a0\u00a0\u00a0\u00a0\u00a0 \u00a0 \u00a0 \u00a0 115<br \/>\n8\u00a0\u00a0\u00a0 13 al 21 agosto\u00a0\u00a0\u00a0 \u00a0\u00a0\u00a0\u00a0\u00a0 01\/01\/96\u00a0 al\u00a0 31\/12\/99\u00a0\u00a0\u00a0 \u00a0\u00a0\u00a0 \u00a0 \u00a0 \u00a0 \u00a0\u00a0 115<br \/>\n9 \u00a0\u00a0\u00a0 21 al 29 agosto\u00a0\u00a0\u00a0 \u00a0\u00a0\u00a0\u00a0 01\/01\/98\u00a0 al\u00a0 31\/12\/02\u00a0\u00a0\u00a0 \u00a0\u00a0\u00a0\u00a0\u00a0\u00a0\u00a0 \u00a0 \u00a0\u00a0 115<\/td>\n<\/tr>\n<\/tbody>\n<\/table>\n<p>Puede obtener m\u00e1s informaci\u00f3n en tu Ayuntamiento, en\u00a0http:\/\/www.dipucordoba.es\/perfiles\/jovenes\u00a0y en el tel\u00e9fono 957 211 445 y 957 211 427<\/p>\n","protected":false},"excerpt":{"rendered":"<p>Ya est\u00e1 abierto el plazo de solicitudes para los Campamentos de Cerro Muriano 2012 de la Diputaci\u00f3n de Cordoba. Se puede empezar a pedir plazas en esta p\u00e1gina,\u00a0\u00a0para hacer la pre-inscripci\u00f3n SIN CERTIFICADO DIGITAL, (Paso 1: Datos del Adulto; Paso 2: Datos del Participante; Paso 3: Confirmar datos) teniendo que presentar el documento en el &#8230; <\/p>\n<p class=\"read-more-container\"><a title=\"Campamentos Cerro Muriano 2012\" class=\"read-more button\" href=\"https:\/\/miguelmoreno.org\/blog\/campamentos-cerro-muriano-2012\/#more-5565\" aria-label=\"Leer m\u00e1s sobre Campamentos Cerro Muriano 2012\">M\u00e1s informaci\u00f3n<\/a><\/p>\n","protected":false},"author":5,"featured_media":0,"comment_status":"open","ping_status":"open","sticky":false,"template":"","format":"standard","meta":{"footnotes":""},"categories":[1],"tags":[],"class_list":["post-5565","post","type-post","status-publish","format-standard","hentry","category-general","masonry-post","generate-columns","tablet-grid-50","mobile-grid-100","grid-parent","grid-33"],"yoast_head":"<!-- This site is optimized with the Yoast SEO plugin v25.9 - https:\/\/yoast.com\/wordpress\/plugins\/seo\/ -->\n<title>Campamentos Cerro Muriano 2012<\/title>\n<meta name=\"description\" content=\"Ya est\u00e1 abierto el plazo de solicitudes para los Campamentos de Cerro Muriano 2012\" \/>\n<meta name=\"robots\" content=\"index, follow, max-snippet:-1, max-image-preview:large, max-video-preview:-1\" \/>\n<link rel=\"canonical\" href=\"https:\/\/miguelmoreno.org\/blog\/campamentos-cerro-muriano-2012\/\" \/>\n<meta name=\"twitter:label1\" content=\"Escrito por\" \/>\n\t<meta name=\"twitter:data1\" content=\"Se llama copla\" \/>\n\t<meta name=\"twitter:label2\" content=\"Tiempo de lectura\" \/>\n\t<meta name=\"twitter:data2\" content=\"1 minuto\" \/>\n<script type=\"application\/ld+json\" class=\"yoast-schema-graph\">{\"@context\":\"https:\/\/schema.org\",\"@graph\":[{\"@type\":\"WebPage\",\"@id\":\"https:\/\/miguelmoreno.org\/blog\/campamentos-cerro-muriano-2012\/\",\"url\":\"https:\/\/miguelmoreno.org\/blog\/campamentos-cerro-muriano-2012\/\",\"name\":\"Campamentos Cerro Muriano 2012\",\"isPartOf\":{\"@id\":\"https:\/\/miguelmoreno.org\/blog\/#website\"},\"primaryImageOfPage\":{\"@id\":\"https:\/\/miguelmoreno.org\/blog\/campamentos-cerro-muriano-2012\/#primaryimage\"},\"image\":{\"@id\":\"https:\/\/miguelmoreno.org\/blog\/campamentos-cerro-muriano-2012\/#primaryimage\"},\"thumbnailUrl\":\"https:\/\/www.miguelmoreno.org\/carteles\/cerro-muriano-2012.jpg\",\"datePublished\":\"2012-04-12T10:59:51+00:00\",\"dateModified\":\"2015-06-03T22:20:31+00:00\",\"author\":{\"@id\":\"https:\/\/miguelmoreno.org\/blog\/#\/schema\/person\/cde8639f19077551d0d59650a04b23d5\"},\"description\":\"Ya est\u00e1 abierto el plazo de solicitudes para los Campamentos de Cerro Muriano 2012\",\"breadcrumb\":{\"@id\":\"https:\/\/miguelmoreno.org\/blog\/campamentos-cerro-muriano-2012\/#breadcrumb\"},\"inLanguage\":\"es\",\"potentialAction\":[{\"@type\":\"ReadAction\",\"target\":[\"https:\/\/miguelmoreno.org\/blog\/campamentos-cerro-muriano-2012\/\"]}]},{\"@type\":\"ImageObject\",\"inLanguage\":\"es\",\"@id\":\"https:\/\/miguelmoreno.org\/blog\/campamentos-cerro-muriano-2012\/#primaryimage\",\"url\":\"https:\/\/www.miguelmoreno.org\/carteles\/cerro-muriano-2012.jpg\",\"contentUrl\":\"https:\/\/www.miguelmoreno.org\/carteles\/cerro-muriano-2012.jpg\"},{\"@type\":\"BreadcrumbList\",\"@id\":\"https:\/\/miguelmoreno.org\/blog\/campamentos-cerro-muriano-2012\/#breadcrumb\",\"itemListElement\":[{\"@type\":\"ListItem\",\"position\":1,\"name\":\"Portada\",\"item\":\"https:\/\/miguelmoreno.org\/blog\/\"},{\"@type\":\"ListItem\",\"position\":2,\"name\":\"Campamentos Cerro Muriano 2012\"}]},{\"@type\":\"WebSite\",\"@id\":\"https:\/\/miguelmoreno.org\/blog\/#website\",\"url\":\"https:\/\/miguelmoreno.org\/blog\/\",\"name\":\"El Blog del Sur\",\"description\":\"Cultura, conciertos, ferias, coplas...\",\"potentialAction\":[{\"@type\":\"SearchAction\",\"target\":{\"@type\":\"EntryPoint\",\"urlTemplate\":\"https:\/\/miguelmoreno.org\/blog\/?s={search_term_string}\"},\"query-input\":{\"@type\":\"PropertyValueSpecification\",\"valueRequired\":true,\"valueName\":\"search_term_string\"}}],\"inLanguage\":\"es\"},{\"@type\":\"Person\",\"@id\":\"https:\/\/miguelmoreno.org\/blog\/#\/schema\/person\/cde8639f19077551d0d59650a04b23d5\",\"name\":\"Se llama copla\",\"sameAs\":[\"https:\/\/miguelmoreno.org\/blog\",\"https:\/\/x.com\/coplasandalucia\"]}]}<\/script>\n<!-- \/ Yoast SEO plugin. -->","yoast_head_json":{"title":"Campamentos Cerro Muriano 2012","description":"Ya est\u00e1 abierto el plazo de solicitudes para los Campamentos de Cerro Muriano 2012","robots":{"index":"index","follow":"follow","max-snippet":"max-snippet:-1","max-image-preview":"max-image-preview:large","max-video-preview":"max-video-preview:-1"},"canonical":"https:\/\/miguelmoreno.org\/blog\/campamentos-cerro-muriano-2012\/","twitter_misc":{"Escrito por":"Se llama copla","Tiempo de lectura":"1 minuto"},"schema":{"@context":"https:\/\/schema.org","@graph":[{"@type":"WebPage","@id":"https:\/\/miguelmoreno.org\/blog\/campamentos-cerro-muriano-2012\/","url":"https:\/\/miguelmoreno.org\/blog\/campamentos-cerro-muriano-2012\/","name":"Campamentos Cerro Muriano 2012","isPartOf":{"@id":"https:\/\/miguelmoreno.org\/blog\/#website"},"primaryImageOfPage":{"@id":"https:\/\/miguelmoreno.org\/blog\/campamentos-cerro-muriano-2012\/#primaryimage"},"image":{"@id":"https:\/\/miguelmoreno.org\/blog\/campamentos-cerro-muriano-2012\/#primaryimage"},"thumbnailUrl":"https:\/\/www.miguelmoreno.org\/carteles\/cerro-muriano-2012.jpg","datePublished":"2012-04-12T10:59:51+00:00","dateModified":"2015-06-03T22:20:31+00:00","author":{"@id":"https:\/\/miguelmoreno.org\/blog\/#\/schema\/person\/cde8639f19077551d0d59650a04b23d5"},"description":"Ya est\u00e1 abierto el plazo de solicitudes para los Campamentos de Cerro Muriano 2012","breadcrumb":{"@id":"https:\/\/miguelmoreno.org\/blog\/campamentos-cerro-muriano-2012\/#breadcrumb"},"inLanguage":"es","potentialAction":[{"@type":"ReadAction","target":["https:\/\/miguelmoreno.org\/blog\/campamentos-cerro-muriano-2012\/"]}]},{"@type":"ImageObject","inLanguage":"es","@id":"https:\/\/miguelmoreno.org\/blog\/campamentos-cerro-muriano-2012\/#primaryimage","url":"https:\/\/www.miguelmoreno.org\/carteles\/cerro-muriano-2012.jpg","contentUrl":"https:\/\/www.miguelmoreno.org\/carteles\/cerro-muriano-2012.jpg"},{"@type":"BreadcrumbList","@id":"https:\/\/miguelmoreno.org\/blog\/campamentos-cerro-muriano-2012\/#breadcrumb","itemListElement":[{"@type":"ListItem","position":1,"name":"Portada","item":"https:\/\/miguelmoreno.org\/blog\/"},{"@type":"ListItem","position":2,"name":"Campamentos Cerro Muriano 2012"}]},{"@type":"WebSite","@id":"https:\/\/miguelmoreno.org\/blog\/#website","url":"https:\/\/miguelmoreno.org\/blog\/","name":"El Blog del Sur","description":"Cultura, conciertos, ferias, coplas...","potentialAction":[{"@type":"SearchAction","target":{"@type":"EntryPoint","urlTemplate":"https:\/\/miguelmoreno.org\/blog\/?s={search_term_string}"},"query-input":{"@type":"PropertyValueSpecification","valueRequired":true,"valueName":"search_term_string"}}],"inLanguage":"es"},{"@type":"Person","@id":"https:\/\/miguelmoreno.org\/blog\/#\/schema\/person\/cde8639f19077551d0d59650a04b23d5","name":"Se llama copla","sameAs":["https:\/\/miguelmoreno.org\/blog","https:\/\/x.com\/coplasandalucia"]}]}},"_links":{"self":[{"href":"https:\/\/miguelmoreno.org\/blog\/wp-json\/wp\/v2\/posts\/5565","targetHints":{"allow":["GET"]}}],"collection":[{"href":"https:\/\/miguelmoreno.org\/blog\/wp-json\/wp\/v2\/posts"}],"about":[{"href":"https:\/\/miguelmoreno.org\/blog\/wp-json\/wp\/v2\/types\/post"}],"author":[{"embeddable":true,"href":"https:\/\/miguelmoreno.org\/blog\/wp-json\/wp\/v2\/users\/5"}],"replies":[{"embeddable":true,"href":"https:\/\/miguelmoreno.org\/blog\/wp-json\/wp\/v2\/comments?post=5565"}],"version-history":[{"count":0,"href":"https:\/\/miguelmoreno.org\/blog\/wp-json\/wp\/v2\/posts\/5565\/revisions"}],"wp:attachment":[{"href":"https:\/\/miguelmoreno.org\/blog\/wp-json\/wp\/v2\/media?parent=5565"}],"wp:term":[{"taxonomy":"category","embeddable":true,"href":"https:\/\/miguelmoreno.org\/blog\/wp-json\/wp\/v2\/categories?post=5565"},{"taxonomy":"post_tag","embeddable":true,"href":"https:\/\/miguelmoreno.org\/blog\/wp-json\/wp\/v2\/tags?post=5565"}],"curies":[{"name":"wp","href":"https:\/\/api.w.org\/{rel}","templated":true}]}}