{"id":5923,"date":"2012-09-26T22:01:30","date_gmt":"2012-09-26T20:01:30","guid":{"rendered":"http:\/\/www.miguelmoreno.org\/blog\/?p=5923"},"modified":"2015-06-04T00:16:38","modified_gmt":"2015-06-03T22:16:38","slug":"feria-de-pozoblanco-2012","status":"publish","type":"post","link":"https:\/\/miguelmoreno.org\/blog\/feria-de-pozoblanco-2012\/","title":{"rendered":"Feria de Pozoblanco 2012"},"content":{"rendered":"<p>Principales actividades del programa de la Feria de Pozoblanco 2012<!--more--><\/p>\n<p>Dia 27<\/p>\n<p>A las 8&#8217;00 de la ma\u00f1ana:\u2028* Diana Floreada por la Banda Municipal de M\u00fasica de Pozoblanco. \u2028Recorrido: ESTACION DE AUTOBUSES, GUSTAVO ADOLFO BECQUER, FEDERICO GARCIA LORCA, ALCARACEJOS, SAN JOS\u00c9, SAN CRISTOBAL, RESIDENCIA PRODE, ANTONIO MACHADO, NEBRIJA, CADIZ, HUELVA, GRANADA, BLAS INFANTE, SEVILLA, HUELVA, CORDOBA, DOCTOR ANTONIO CABRERA, CUARTEL GUARDIA CIVIL, ESTACION DE AUTOBUSES<\/p>\n<p>A las 11&#8217;00 de la ma\u00f1ana:\u2028* Visita guiada a las instalaciones de COVAP, donde se visitar\u00e1 la planta l\u00e1ctea.\u00a0 Inscripci\u00f3n e informaci\u00f3n: Oficina de Turismo. Tfno. 957132204<\/p>\n<p>A las 12\u201900 de la ma\u00f1ana:\u2028* En la Caseta Municipal, DIA DEL ABUELO Y NIETOS EN LA FERIA (para ni\u00f1os de todas las edades) con juegos populares y actividades recreativas. Todos los participantes recibir\u00e1n un obsequio.<\/p>\n<p>A las 2\u201930 de la tarde:\u2028* CARRERA H\u00cdPICA: PRUEBA DE VELOCIDAD A CABALLO, en los terrenos del Club H\u00edpico situados en la Dehesa Boyal.<\/p>\n<p>A las 7&#8217;00 de la tarde:\u2028* En los campos de F\u00fatbol de la Ciudad Deportiva del Recinto Ferial, III TORNEO DE FERIA \u201cNTRA. SRA. DE LAS MERCEDES\u201d entre los equipos C.D. POZOALBENSE FEMENINO-B Y MIGUELTURRA-B de F\u00fatbol-7 y a la finalizaci\u00f3n partido de F\u00fatbol-11 entre los equipos C.D. POZOALBENSE FEMENINO \u2013 C.D. MIGUELTURRIANO FEMENINO<\/p>\n<p>A la 9&#8217;30 de la noche:\u2028* En la Plaza de Toros espect\u00e1culo ecuestre de alto nivel \u201cPASIONATA LA CARTUJA\u201d, arte y pasi\u00f3n a caballo.<\/p>\n<p>A las 10&#8217;00 de la noche:\u2028* En el Teatro \u00abEl Silo\u00bb, se pondr\u00e1 en escena el espect\u00e1culo \u201cGOLFUS HISP\u00c1NICUS\u201ddel carism\u00e1tico actor y showman MONCHO BORRAJO.<\/p>\n<p>Entradas: 15\/18\/20 euros. Taquilla del Teatro \u00abEl Silo\u00bb. De 12 a 14 y de 20 a 22 h.<\/p>\n<p>A las 11&#8217;00 de la noche:\u2028* En la Caseta de la Juventud, concierto en directo a cargo de LAS CARLOTAS.<\/p>\n<p>A la 11&#8217;30 de la noche:\u2028* En la Caseta del Club H\u00edpico situada en el Recinto Ferial actuaci\u00f3n del CUADRO DE BAILE FLAMENCO \u201cKELLY DEL POZO\u201d.<\/p>\n<p>* En la Caseta Municipal amenizar\u00e1 la noche la orquesta Nuevos Aires y Orquesta Capricho.<\/p>\n<p>Dia 28<\/p>\n<p>* En la Plaza de Toros, TENTADERO EN CLASE PR\u00c1CTICA a cargo de los alumnos de las escuelas de C\u00f3rdoba y Badajoz.<\/p>\n<p>A las 8&#8217;00 de la tarde:\u2028* En la Caseta de la Juventud, espect\u00e1culo infantil LOS LUNNIS, con Juan \u201cD\u201d y Beatriz presentado \u201cEl Cohete Musical\u201d.<\/p>\n<p>A las 10&#8217;00 de la noche:\u2028* En el Teatro \u00abEl Silo\u00bb, concierto en directo a cargo de LOS SECRETOS presentando su nuevo disco \u201cEn este mundo raro\u201d, adem\u00e1s de sus grandes \u00e9xitos de su trayectoria.<\/p>\n<p>Entradas: 15\/20 euros. Taquilla del Teatro \u00abEl Silo\u00bb. De 12 a 14 y de 20 a 22 h.<\/p>\n<p>A la 11&#8217;00 de la noche:\u2028* En la Caseta del Club H\u00edpico situada en el Recinto Ferial actuaci\u00f3n del GRUPO DE FLAMENCO \u201cANGEL CAMACHO\u201d.<\/p>\n<p>A la 1&#8217;00 de la madrugada:\u2028* En la Caseta de la\u00a0Juventud, concierto\u00a0en directo a cargo de\u00a0DAVID DE MAR\u00cdA.\u00a0Entrada gratuita.<\/p>\n<p>* En la Caseta Municipal amenizar\u00e1 la noche la orquesta Nuevos Aires y Orquesta Capricho.<\/p>\n<p>Dia 29<\/p>\n<p>A partir de la 2&#8217;00 de la tarde:\u2028* PASEO DE CABALLOS Y ENGANCHES por las calles de la localidad. Salida desde los patios de la Olivarera (Olipe), para dar un\u00a0 paseo por las calles del pueblo, y finalizarlo en la fuente central del Recinto Ferial, organizado por el C\u00edrculo del Caballo.<\/p>\n<p>Recorrido: Ctra. Circunvalaci\u00f3n,\u00a0 Avda. Villanueva de C\u00f3rdoba, Paseo de la Herradura, Juan del Rey Calero, Centro de Convivencia, Paseo Marcos Redondo, Mayor, Real, Cronista Sep\u00falveda, Plaza del Mercado, Ricardo Delgado Vizca\u00edno, Real, Jes\u00fas, Plaza de la Iglesia, Avda. de Argentina, Ronda Mu\u00f1oces, Ronda Plaza de Toros, Ronda Llanos. Finaliza en el Recinto Ferial.<\/p>\n<p>A las 5&#8217;30 de la tarde:\u2028* Monumental CORRIDA DE TOROS GOYESCA, se lidiar\u00e1n 6 toros de la ganader\u00eda deZALDUENDO, para las m\u00e1ximas figuras del toreo:\u2028Juan Jos\u00e9 PADILLA\u2028MORANTE DE LA PUEBLA\u2028Juli\u00e1n L\u00f3pez \u201cEL JULI\u201d<\/p>\n<p>&nbsp;<\/p>\n<p>A las 12&#8217;30 de la noche:<\/p>\n<p>* En la Caseta de la Juventud, concierto en directo a cargo de MEDINA AZAHARA.Entrada gratuita.<\/p>\n<p>* En la Caseta de la Juventud,\u00a0antes y despu\u00e9s del concierto, actuaci\u00f3n\u00a0del grupo SODA 80 y Dj\u2019s Terry.<\/p>\n<p>Dia 30<\/p>\n<p>A las 8&#8217;30 de la ma\u00f1ana:\u2028* En la Plaza de Toros, FESTEJO POPULAR \u201cLAS VAQUILLAS DEL AGUARDIENTE\u201d, donde se lidiar\u00e1n 3 vacas de la ganader\u00eda de JARALTA.<\/p>\n<p>A las 5&#8217;30 de la tarde:\u2028* Grandiosa CORRIDA DEL ARTE DEL REJONEO, de la ganader\u00eda de D. FERM\u00cdN BOHORQUEZ, para los caballeros rejoneadores:\u2028Pablo HERMOSO DE MENDOZA\u2028, ANDY CARTAGENA y \u2028DIEGO VENTURA<\/p>\n<p>A las 12&#8217;00 de la noche:\u2028* EXTRAORDINARIA FUNCI\u00d3N DE FUEGOS ARTIFICIALES Y GRAN TRACA FINAL,\u00a0 en la parte trasera del Recinto Ferial, junto a los Campos de F\u00fatbol de la Ciudad Deportiva.<\/p>\n<p>Libro de la feria de Pozoblanco 2012<\/p>\n<p>&nbsp;<\/p>\n","protected":false},"excerpt":{"rendered":"<p>Principales actividades del programa de la Feria de Pozoblanco 2012<\/p>\n","protected":false},"author":5,"featured_media":0,"comment_status":"open","ping_status":"open","sticky":false,"template":"","format":"standard","meta":{"footnotes":""},"categories":[1495],"tags":[1503,202],"class_list":["post-5923","post","type-post","status-publish","format-standard","hentry","category-feria","tag-cordoba","tag-feria","masonry-post","generate-columns","tablet-grid-50","mobile-grid-100","grid-parent","grid-33"],"yoast_head":"<!-- This site is optimized with the Yoast SEO plugin v25.9 - https:\/\/yoast.com\/wordpress\/plugins\/seo\/ -->\n<title>Feria de Pozoblanco 2012<\/title>\n<meta name=\"description\" content=\"Principales actividades del programa de la Feria de Pozoblanco 2012\" \/>\n<meta name=\"robots\" content=\"index, follow, max-snippet:-1, max-image-preview:large, max-video-preview:-1\" \/>\n<link rel=\"canonical\" href=\"https:\/\/miguelmoreno.org\/blog\/feria-de-pozoblanco-2012\/\" \/>\n<meta name=\"twitter:label1\" content=\"Escrito por\" \/>\n\t<meta name=\"twitter:data1\" content=\"Se llama copla\" \/>\n\t<meta name=\"twitter:label2\" content=\"Tiempo de lectura\" \/>\n\t<meta name=\"twitter:data2\" content=\"4 minutos\" \/>\n<script type=\"application\/ld+json\" class=\"yoast-schema-graph\">{\"@context\":\"https:\/\/schema.org\",\"@graph\":[{\"@type\":\"WebPage\",\"@id\":\"https:\/\/miguelmoreno.org\/blog\/feria-de-pozoblanco-2012\/\",\"url\":\"https:\/\/miguelmoreno.org\/blog\/feria-de-pozoblanco-2012\/\",\"name\":\"Feria de Pozoblanco 2012\",\"isPartOf\":{\"@id\":\"https:\/\/miguelmoreno.org\/blog\/#website\"},\"datePublished\":\"2012-09-26T20:01:30+00:00\",\"dateModified\":\"2015-06-03T22:16:38+00:00\",\"author\":{\"@id\":\"https:\/\/miguelmoreno.org\/blog\/#\/schema\/person\/cde8639f19077551d0d59650a04b23d5\"},\"description\":\"Principales actividades del programa de la Feria de Pozoblanco 2012\",\"breadcrumb\":{\"@id\":\"https:\/\/miguelmoreno.org\/blog\/feria-de-pozoblanco-2012\/#breadcrumb\"},\"inLanguage\":\"es\",\"potentialAction\":[{\"@type\":\"ReadAction\",\"target\":[\"https:\/\/miguelmoreno.org\/blog\/feria-de-pozoblanco-2012\/\"]}]},{\"@type\":\"BreadcrumbList\",\"@id\":\"https:\/\/miguelmoreno.org\/blog\/feria-de-pozoblanco-2012\/#breadcrumb\",\"itemListElement\":[{\"@type\":\"ListItem\",\"position\":1,\"name\":\"Portada\",\"item\":\"https:\/\/miguelmoreno.org\/blog\/\"},{\"@type\":\"ListItem\",\"position\":2,\"name\":\"Feria de Pozoblanco 2012\"}]},{\"@type\":\"WebSite\",\"@id\":\"https:\/\/miguelmoreno.org\/blog\/#website\",\"url\":\"https:\/\/miguelmoreno.org\/blog\/\",\"name\":\"El Blog del Sur\",\"description\":\"Cultura, conciertos, ferias, coplas...\",\"potentialAction\":[{\"@type\":\"SearchAction\",\"target\":{\"@type\":\"EntryPoint\",\"urlTemplate\":\"https:\/\/miguelmoreno.org\/blog\/?s={search_term_string}\"},\"query-input\":{\"@type\":\"PropertyValueSpecification\",\"valueRequired\":true,\"valueName\":\"search_term_string\"}}],\"inLanguage\":\"es\"},{\"@type\":\"Person\",\"@id\":\"https:\/\/miguelmoreno.org\/blog\/#\/schema\/person\/cde8639f19077551d0d59650a04b23d5\",\"name\":\"Se llama copla\",\"sameAs\":[\"https:\/\/miguelmoreno.org\/blog\",\"https:\/\/x.com\/coplasandalucia\"]}]}<\/script>\n<!-- \/ Yoast SEO plugin. -->","yoast_head_json":{"title":"Feria de Pozoblanco 2012","description":"Principales actividades del programa de la Feria de Pozoblanco 2012","robots":{"index":"index","follow":"follow","max-snippet":"max-snippet:-1","max-image-preview":"max-image-preview:large","max-video-preview":"max-video-preview:-1"},"canonical":"https:\/\/miguelmoreno.org\/blog\/feria-de-pozoblanco-2012\/","twitter_misc":{"Escrito por":"Se llama copla","Tiempo de lectura":"4 minutos"},"schema":{"@context":"https:\/\/schema.org","@graph":[{"@type":"WebPage","@id":"https:\/\/miguelmoreno.org\/blog\/feria-de-pozoblanco-2012\/","url":"https:\/\/miguelmoreno.org\/blog\/feria-de-pozoblanco-2012\/","name":"Feria de Pozoblanco 2012","isPartOf":{"@id":"https:\/\/miguelmoreno.org\/blog\/#website"},"datePublished":"2012-09-26T20:01:30+00:00","dateModified":"2015-06-03T22:16:38+00:00","author":{"@id":"https:\/\/miguelmoreno.org\/blog\/#\/schema\/person\/cde8639f19077551d0d59650a04b23d5"},"description":"Principales actividades del programa de la Feria de Pozoblanco 2012","breadcrumb":{"@id":"https:\/\/miguelmoreno.org\/blog\/feria-de-pozoblanco-2012\/#breadcrumb"},"inLanguage":"es","potentialAction":[{"@type":"ReadAction","target":["https:\/\/miguelmoreno.org\/blog\/feria-de-pozoblanco-2012\/"]}]},{"@type":"BreadcrumbList","@id":"https:\/\/miguelmoreno.org\/blog\/feria-de-pozoblanco-2012\/#breadcrumb","itemListElement":[{"@type":"ListItem","position":1,"name":"Portada","item":"https:\/\/miguelmoreno.org\/blog\/"},{"@type":"ListItem","position":2,"name":"Feria de Pozoblanco 2012"}]},{"@type":"WebSite","@id":"https:\/\/miguelmoreno.org\/blog\/#website","url":"https:\/\/miguelmoreno.org\/blog\/","name":"El Blog del Sur","description":"Cultura, conciertos, ferias, coplas...","potentialAction":[{"@type":"SearchAction","target":{"@type":"EntryPoint","urlTemplate":"https:\/\/miguelmoreno.org\/blog\/?s={search_term_string}"},"query-input":{"@type":"PropertyValueSpecification","valueRequired":true,"valueName":"search_term_string"}}],"inLanguage":"es"},{"@type":"Person","@id":"https:\/\/miguelmoreno.org\/blog\/#\/schema\/person\/cde8639f19077551d0d59650a04b23d5","name":"Se llama copla","sameAs":["https:\/\/miguelmoreno.org\/blog","https:\/\/x.com\/coplasandalucia"]}]}},"_links":{"self":[{"href":"https:\/\/miguelmoreno.org\/blog\/wp-json\/wp\/v2\/posts\/5923","targetHints":{"allow":["GET"]}}],"collection":[{"href":"https:\/\/miguelmoreno.org\/blog\/wp-json\/wp\/v2\/posts"}],"about":[{"href":"https:\/\/miguelmoreno.org\/blog\/wp-json\/wp\/v2\/types\/post"}],"author":[{"embeddable":true,"href":"https:\/\/miguelmoreno.org\/blog\/wp-json\/wp\/v2\/users\/5"}],"replies":[{"embeddable":true,"href":"https:\/\/miguelmoreno.org\/blog\/wp-json\/wp\/v2\/comments?post=5923"}],"version-history":[{"count":0,"href":"https:\/\/miguelmoreno.org\/blog\/wp-json\/wp\/v2\/posts\/5923\/revisions"}],"wp:attachment":[{"href":"https:\/\/miguelmoreno.org\/blog\/wp-json\/wp\/v2\/media?parent=5923"}],"wp:term":[{"taxonomy":"category","embeddable":true,"href":"https:\/\/miguelmoreno.org\/blog\/wp-json\/wp\/v2\/categories?post=5923"},{"taxonomy":"post_tag","embeddable":true,"href":"https:\/\/miguelmoreno.org\/blog\/wp-json\/wp\/v2\/tags?post=5923"}],"curies":[{"name":"wp","href":"https:\/\/api.w.org\/{rel}","templated":true}]}}