{"id":5995,"date":"2012-10-02T18:29:12","date_gmt":"2012-10-02T16:29:12","guid":{"rendered":"http:\/\/www.miguelmoreno.org\/blog\/?p=5995"},"modified":"2012-10-02T18:29:12","modified_gmt":"2012-10-02T16:29:12","slug":"bio-cordoba-2012","status":"publish","type":"post","link":"https:\/\/miguelmoreno.org\/blog\/bio-cordoba-2012\/","title":{"rendered":"Bio-Cordoba 2012"},"content":{"rendered":"<figure id=\"attachment_5996\" aria-describedby=\"caption-attachment-5996\" style=\"width: 270px\" class=\"wp-caption alignleft\"><a href=\"https:\/\/www.miguelmoreno.org\/blog\/wp-content\/uploads\/2012\/10\/bio-cordoba-2012.jpeg\"><img loading=\"lazy\" decoding=\"async\" class=\"size-full wp-image-5996\" title=\"Bio Cordoba 2012\" src=\"https:\/\/www.miguelmoreno.org\/blog\/wp-content\/uploads\/2012\/10\/bio-cordoba-2012.jpeg\" alt=\"Bio Cordoba 2012\" width=\"280\" height=\"165\" \/><\/a><figcaption id=\"caption-attachment-5996\" class=\"wp-caption-text\">Bio Cordoba 2012<\/figcaption><\/figure>\n<p>Programa Bio-Cordoba 2012\u00a0<!--more--><\/p>\n<p>18 octubre\u00a0JORNADA SECTORIAL<\/p>\n<p>Sal\u00f3n de Actos del \u00a0Palacio de la Merced (Plaza de Col\u00f3n, s\/n) sede de la Diputaci\u00f3n Provincial de C\u00f3rdoba<\/p>\n<p>10:00 Inauguraci\u00f3n BIOC\u00f3rdoba 2012<\/p>\n<p>\u2022 D\u00f1a. Mar\u00eda Luisa Ceballos Casas. Presidenta de la Diputaci\u00f3n Provincial de C\u00f3rdoba<\/p>\n<p>\u2022 D. Luis Planas Puchades. Consejero de Agricultura, Pesca y Medio Ambiente. Junta de Andaluc\u00eda \u2022 D. Francisco Casero Rodr\u00edguez. Presidente de la Asociaci\u00f3n CAAE<\/p>\n<p>\u2022 D. Juan Antonio Caballero Jim\u00e9nez. Presidente de la Asociaci\u00f3n EPEA<\/p>\n<p>10:30 Mesa Redonda Inaugural. La Producci\u00f3n Ecol\u00f3gica y la nueva PAC<\/p>\n<p>\u2022 D\u00f1a. Pilar San Miguel Tabernero. Consejer\u00eda de Agricultura, Pesca y Medio Ambiente. Junta de Andaluc\u00eda<\/p>\n<p>\u2022 Representante del Ministerio de Agricultura, Alimentaci\u00f3n y Medio Ambiente \u2022 D\u00f1a. Rosa Mar\u00eda Gallardo Cobo. Universidad de C\u00f3rdoba<\/p>\n<p>Modera: D. Julio Jos\u00e9 Criado G\u00e1miz. Delegado Especial de Agricultura y Medio Ambiente. Diputaci\u00f3n Provincial de C\u00f3rdoba<\/p>\n<p>12:15 Mesa Redonda. Comercializaci\u00f3n de Productos Ecol\u00f3gicos<\/p>\n<p>\u2022 Representante de la Distribuci\u00f3n<\/p>\n<p>\u2022 D. Christian Gross. Director del \u00c1rea Agroalimentaci\u00f3n y Consumo. EXTENDA \u2022 D\u00f1a. Pilar Molina Romero. Gerente Cooperativa 2o Grado OLIVAR DE SEGURA \u2022 D\u00f1a. Carmen Casas Ru\u00edz. Gerente ALMOCAFRE, Consumo Ecol\u00f3gico<\/p>\n<p>Modera: D. Juan Antonio Caballero Jim\u00e9nez. Presidente de la Asociaci\u00f3n EPEA<\/p>\n<p>14:00 Presentaci\u00f3n y Entrega de Premios. \u201cECOTRAMA\u201d \u2013 \u201cECORACIMOS \u201c<\/p>\n<p>www.biocordoba.com info@biocordoba.com<\/p>\n<p>\ufffc<\/p>\n<p>\ufffc19 octubre\u00a0FOROS T\u00c9CNICOS<\/p>\n<p>Sal\u00f3n de Actos del\u00a0Palacio de la Merced (Plaza de Col\u00f3n, s\/n) sede de la Diputaci\u00f3n Provincial de C\u00f3rdoba.<\/p>\n<p>09:00 Catering y Restauraci\u00f3n Colectiva Institucional con Alimentos Ecol\u00f3gicos.<\/p>\n<p>11:15 Estrategia de Difusi\u00f3n de la Producci\u00f3n Ecol\u00f3gica en la Red de Espacios Naturales Protegidos de Andaluc\u00eda (EDIPE &#8211; RENPA)(1)<\/p>\n<p>12:30 Experiencias en Canales Cortos de Comercializaci\u00f3n<\/p>\n<p>(1) A partir de las 12:30 dar\u00e1 comienzo la sesi\u00f3n dirigida exclusivamente a Directores \u2013 Conservadores de<\/p>\n<p>Parques Nacionales y Naturales de Andaluc\u00eda. Dicha sesi\u00f3n tendr\u00e1 lugar en la Sala de Comisiones y el Sal\u00f3n de Plenos del Palacio de la Merced \u2013 Diputaci\u00f3n Provincial de C\u00f3rdoba.<\/p>\n<p>20 &#8211; 21 octubre\u00a0ECOMERCADO<\/p>\n<p>Palacio de la Merced (Plaza de Col\u00f3n, s\/n) sede de la Diputaci\u00f3n Provincial de C\u00f3rdoba.<\/p>\n<p>\u2022 Venta directa de Productos Ecol\u00f3gicos. Visitas Guiadas 22 octubre<\/p>\n<p>IV FORO DE RESTAURACI\u00d3N ECOL\u00d3GICA.<\/p>\n<p>\u2022 Inauguraci\u00f3n IV Foro de Restauraci\u00f3n Ecol\u00f3gica<\/p>\n<p>\u2022 Ponencias<\/p>\n<p>\u2022 Experiencias Pr\u00e1cticas con Productos Ecol\u00f3gicos. Catas Dirigidas \u2022 Degustaci\u00f3n de Productos Ecol\u00f3gicos<\/p>\n<p>M\u00e1s informaci\u00f3n en <a href=\"http:\/\/www.biocordoba.com\/\">www.biocordoba.com<\/a> info@biocordoba.com<\/p>\n<p><a title=\"La ficha deber\u00e1 cumplimentarse debidamente y remitirse a la direcci\u00f3n indicada: josea.enamorado@juntadeandalucia.es\" href=\"http:\/\/www.juntadeandalucia.es\/agriculturaypesca\/portal\/export\/sites\/default\/comun\/galerias\/galeriaDescargas\/cap\/produccion-ecologica\/Ficha_inscripcion_Biocordobaedit-4_02oct.pdf\">Ficha de Inscripci\u00f3n<\/a><\/p>\n<p>\ufffc<\/p>\n","protected":false},"excerpt":{"rendered":"<p>Programa Bio-Cordoba 2012\u00a0<\/p>\n","protected":false},"author":5,"featured_media":0,"comment_status":"open","ping_status":"open","sticky":false,"template":"","format":"standard","meta":{"footnotes":""},"categories":[1],"tags":[1503],"class_list":["post-5995","post","type-post","status-publish","format-standard","hentry","category-general","tag-cordoba","masonry-post","generate-columns","tablet-grid-50","mobile-grid-100","grid-parent","grid-33"],"yoast_head":"<!-- This site is optimized with the Yoast SEO plugin v25.9 - https:\/\/yoast.com\/wordpress\/plugins\/seo\/ -->\n<title>Bio-Cordoba 2012<\/title>\n<meta name=\"description\" content=\"Programa Bio-Cordoba 2012\" \/>\n<meta name=\"robots\" content=\"index, follow, max-snippet:-1, max-image-preview:large, max-video-preview:-1\" \/>\n<link rel=\"canonical\" href=\"https:\/\/miguelmoreno.org\/blog\/bio-cordoba-2012\/\" \/>\n<meta name=\"twitter:label1\" content=\"Escrito por\" \/>\n\t<meta name=\"twitter:data1\" content=\"Se llama copla\" \/>\n\t<meta name=\"twitter:label2\" content=\"Tiempo de lectura\" \/>\n\t<meta name=\"twitter:data2\" content=\"2 minutos\" \/>\n<script type=\"application\/ld+json\" class=\"yoast-schema-graph\">{\"@context\":\"https:\/\/schema.org\",\"@graph\":[{\"@type\":\"WebPage\",\"@id\":\"https:\/\/miguelmoreno.org\/blog\/bio-cordoba-2012\/\",\"url\":\"https:\/\/miguelmoreno.org\/blog\/bio-cordoba-2012\/\",\"name\":\"Bio-Cordoba 2012\",\"isPartOf\":{\"@id\":\"https:\/\/miguelmoreno.org\/blog\/#website\"},\"primaryImageOfPage\":{\"@id\":\"https:\/\/miguelmoreno.org\/blog\/bio-cordoba-2012\/#primaryimage\"},\"image\":{\"@id\":\"https:\/\/miguelmoreno.org\/blog\/bio-cordoba-2012\/#primaryimage\"},\"thumbnailUrl\":\"https:\/\/www.miguelmoreno.org\/blog\/wp-content\/uploads\/2012\/10\/bio-cordoba-2012.jpeg\",\"datePublished\":\"2012-10-02T16:29:12+00:00\",\"author\":{\"@id\":\"https:\/\/miguelmoreno.org\/blog\/#\/schema\/person\/cde8639f19077551d0d59650a04b23d5\"},\"description\":\"Programa Bio-Cordoba 2012\",\"breadcrumb\":{\"@id\":\"https:\/\/miguelmoreno.org\/blog\/bio-cordoba-2012\/#breadcrumb\"},\"inLanguage\":\"es\",\"potentialAction\":[{\"@type\":\"ReadAction\",\"target\":[\"https:\/\/miguelmoreno.org\/blog\/bio-cordoba-2012\/\"]}]},{\"@type\":\"ImageObject\",\"inLanguage\":\"es\",\"@id\":\"https:\/\/miguelmoreno.org\/blog\/bio-cordoba-2012\/#primaryimage\",\"url\":\"https:\/\/www.miguelmoreno.org\/blog\/wp-content\/uploads\/2012\/10\/bio-cordoba-2012.jpeg\",\"contentUrl\":\"https:\/\/www.miguelmoreno.org\/blog\/wp-content\/uploads\/2012\/10\/bio-cordoba-2012.jpeg\"},{\"@type\":\"BreadcrumbList\",\"@id\":\"https:\/\/miguelmoreno.org\/blog\/bio-cordoba-2012\/#breadcrumb\",\"itemListElement\":[{\"@type\":\"ListItem\",\"position\":1,\"name\":\"Portada\",\"item\":\"https:\/\/miguelmoreno.org\/blog\/\"},{\"@type\":\"ListItem\",\"position\":2,\"name\":\"Bio-Cordoba 2012\"}]},{\"@type\":\"WebSite\",\"@id\":\"https:\/\/miguelmoreno.org\/blog\/#website\",\"url\":\"https:\/\/miguelmoreno.org\/blog\/\",\"name\":\"El Blog del Sur\",\"description\":\"Cultura, conciertos, ferias, coplas...\",\"potentialAction\":[{\"@type\":\"SearchAction\",\"target\":{\"@type\":\"EntryPoint\",\"urlTemplate\":\"https:\/\/miguelmoreno.org\/blog\/?s={search_term_string}\"},\"query-input\":{\"@type\":\"PropertyValueSpecification\",\"valueRequired\":true,\"valueName\":\"search_term_string\"}}],\"inLanguage\":\"es\"},{\"@type\":\"Person\",\"@id\":\"https:\/\/miguelmoreno.org\/blog\/#\/schema\/person\/cde8639f19077551d0d59650a04b23d5\",\"name\":\"Se llama copla\",\"sameAs\":[\"https:\/\/miguelmoreno.org\/blog\",\"https:\/\/x.com\/coplasandalucia\"]}]}<\/script>\n<!-- \/ Yoast SEO plugin. -->","yoast_head_json":{"title":"Bio-Cordoba 2012","description":"Programa Bio-Cordoba 2012","robots":{"index":"index","follow":"follow","max-snippet":"max-snippet:-1","max-image-preview":"max-image-preview:large","max-video-preview":"max-video-preview:-1"},"canonical":"https:\/\/miguelmoreno.org\/blog\/bio-cordoba-2012\/","twitter_misc":{"Escrito por":"Se llama copla","Tiempo de lectura":"2 minutos"},"schema":{"@context":"https:\/\/schema.org","@graph":[{"@type":"WebPage","@id":"https:\/\/miguelmoreno.org\/blog\/bio-cordoba-2012\/","url":"https:\/\/miguelmoreno.org\/blog\/bio-cordoba-2012\/","name":"Bio-Cordoba 2012","isPartOf":{"@id":"https:\/\/miguelmoreno.org\/blog\/#website"},"primaryImageOfPage":{"@id":"https:\/\/miguelmoreno.org\/blog\/bio-cordoba-2012\/#primaryimage"},"image":{"@id":"https:\/\/miguelmoreno.org\/blog\/bio-cordoba-2012\/#primaryimage"},"thumbnailUrl":"https:\/\/www.miguelmoreno.org\/blog\/wp-content\/uploads\/2012\/10\/bio-cordoba-2012.jpeg","datePublished":"2012-10-02T16:29:12+00:00","author":{"@id":"https:\/\/miguelmoreno.org\/blog\/#\/schema\/person\/cde8639f19077551d0d59650a04b23d5"},"description":"Programa Bio-Cordoba 2012","breadcrumb":{"@id":"https:\/\/miguelmoreno.org\/blog\/bio-cordoba-2012\/#breadcrumb"},"inLanguage":"es","potentialAction":[{"@type":"ReadAction","target":["https:\/\/miguelmoreno.org\/blog\/bio-cordoba-2012\/"]}]},{"@type":"ImageObject","inLanguage":"es","@id":"https:\/\/miguelmoreno.org\/blog\/bio-cordoba-2012\/#primaryimage","url":"https:\/\/www.miguelmoreno.org\/blog\/wp-content\/uploads\/2012\/10\/bio-cordoba-2012.jpeg","contentUrl":"https:\/\/www.miguelmoreno.org\/blog\/wp-content\/uploads\/2012\/10\/bio-cordoba-2012.jpeg"},{"@type":"BreadcrumbList","@id":"https:\/\/miguelmoreno.org\/blog\/bio-cordoba-2012\/#breadcrumb","itemListElement":[{"@type":"ListItem","position":1,"name":"Portada","item":"https:\/\/miguelmoreno.org\/blog\/"},{"@type":"ListItem","position":2,"name":"Bio-Cordoba 2012"}]},{"@type":"WebSite","@id":"https:\/\/miguelmoreno.org\/blog\/#website","url":"https:\/\/miguelmoreno.org\/blog\/","name":"El Blog del Sur","description":"Cultura, conciertos, ferias, coplas...","potentialAction":[{"@type":"SearchAction","target":{"@type":"EntryPoint","urlTemplate":"https:\/\/miguelmoreno.org\/blog\/?s={search_term_string}"},"query-input":{"@type":"PropertyValueSpecification","valueRequired":true,"valueName":"search_term_string"}}],"inLanguage":"es"},{"@type":"Person","@id":"https:\/\/miguelmoreno.org\/blog\/#\/schema\/person\/cde8639f19077551d0d59650a04b23d5","name":"Se llama copla","sameAs":["https:\/\/miguelmoreno.org\/blog","https:\/\/x.com\/coplasandalucia"]}]}},"_links":{"self":[{"href":"https:\/\/miguelmoreno.org\/blog\/wp-json\/wp\/v2\/posts\/5995","targetHints":{"allow":["GET"]}}],"collection":[{"href":"https:\/\/miguelmoreno.org\/blog\/wp-json\/wp\/v2\/posts"}],"about":[{"href":"https:\/\/miguelmoreno.org\/blog\/wp-json\/wp\/v2\/types\/post"}],"author":[{"embeddable":true,"href":"https:\/\/miguelmoreno.org\/blog\/wp-json\/wp\/v2\/users\/5"}],"replies":[{"embeddable":true,"href":"https:\/\/miguelmoreno.org\/blog\/wp-json\/wp\/v2\/comments?post=5995"}],"version-history":[{"count":0,"href":"https:\/\/miguelmoreno.org\/blog\/wp-json\/wp\/v2\/posts\/5995\/revisions"}],"wp:attachment":[{"href":"https:\/\/miguelmoreno.org\/blog\/wp-json\/wp\/v2\/media?parent=5995"}],"wp:term":[{"taxonomy":"category","embeddable":true,"href":"https:\/\/miguelmoreno.org\/blog\/wp-json\/wp\/v2\/categories?post=5995"},{"taxonomy":"post_tag","embeddable":true,"href":"https:\/\/miguelmoreno.org\/blog\/wp-json\/wp\/v2\/tags?post=5995"}],"curies":[{"name":"wp","href":"https:\/\/api.w.org\/{rel}","templated":true}]}}