{"id":6210,"date":"2012-11-09T21:18:33","date_gmt":"2012-11-09T19:18:33","guid":{"rendered":"http:\/\/www.miguelmoreno.org\/blog\/?p=6210"},"modified":"2015-06-04T00:18:36","modified_gmt":"2015-06-03T22:18:36","slug":"feria-del-olivar-de-luque-2012","status":"publish","type":"post","link":"https:\/\/miguelmoreno.org\/blog\/feria-del-olivar-de-luque-2012\/","title":{"rendered":"Feria del Olivar de Luque 2012"},"content":{"rendered":"<figure id=\"attachment_6211\" aria-describedby=\"caption-attachment-6211\" style=\"width: 340px\" class=\"wp-caption alignleft\"><a href=\"https:\/\/www.miguelmoreno.org\/blog\/wp-content\/uploads\/2012\/11\/feria-olivar-luque.png\"><img loading=\"lazy\" decoding=\"async\" src=\"https:\/\/www.miguelmoreno.org\/blog\/wp-content\/uploads\/2012\/11\/feria-olivar-luque.png\" alt=\"Feria del Olivar de Luque\" title=\"Feria del Olivar de Luque\" width=\"350\" height=\"175\" class=\"size-full wp-image-6211\" srcset=\"https:\/\/miguelmoreno.org\/blog\/wp-content\/uploads\/2012\/11\/feria-olivar-luque.png 350w, https:\/\/miguelmoreno.org\/blog\/wp-content\/uploads\/2012\/11\/feria-olivar-luque-300x150.png 300w\" sizes=\"auto, (max-width: 350px) 100vw, 350px\" \/><\/a><figcaption id=\"caption-attachment-6211\" class=\"wp-caption-text\">Feria del Olivar de Luque<\/figcaption><\/figure>\n<p>Con la cultura del olivo y los productos derivados de \u00e9ste como protagonistas, el municipio de <strong>Luque acoge del 16 al 18 de noviembre la Feria del Olivar,<\/strong> una cita con la actualidad del aceite, las \u00faltimas novedades en maquinaria agr\u00edcola y los productos agroalimentarios, cosm\u00e9ticos o artesanos derivados del olivo.<\/p>\n<p>\u201cEn la feria podremos conocer los <strong>productos<\/strong> derivados del <strong>olivar<\/strong>, del aceite de oliva, los tratamientos para la aceituna, nuevas maquinarias para el campo, as\u00ed como disfrutar de la <strong>degustaci\u00f3n y venta de chacinas, jamones, quesos y productos de cosm\u00e9tica relacionados con el aceite de<\/strong> oliva\u201d.<!--more--><\/p>\n<p><strong>El programa<\/strong> se inicia el jueves d\u00eda 15 en el IES Albenzaide de Luque, donde tendr\u00e1 lugar una <strong>cata de aceite<\/strong> dirigida por miembros del panel de catas de la D.O. Baena, una charla informativa y un desayuno molinero. Por la tarde, el teatro municipal acoger\u00e1 una mesa redonda sobre la \u201cSituaci\u00f3n actual y futura el mundo del aceite y la reforma de la PAC\u201d.<\/p>\n<p>El viernes 16 de noviembre ser\u00e1 la inauguraci\u00f3n oficial de la Feria del Olivar 2012 y del Centro de Interpretaci\u00f3n del Aceite, ubicado en la Estaci\u00f3n de Luque. Adem\u00e1s, se presentar\u00e1 la Ruta Tur\u00edstica del Aceite de Oliva de Luque.<\/p>\n<p>El programa del s\u00e1bado es amplio y variado, acogiendo, entre otras actividades, un recorrido por la nueva <strong>Ruta del Aceite de Oliva de Luque<\/strong>, el IV <strong>Concurso Gastron\u00f3mico \u201cVilla de Luque\u201d<\/strong>, catas de aceite, actividades de baile flamenco y el acto de hermanamiento cultural con el municipio de Almedinilla \u201cLa cultura del aceite en la \u00e9poca romana\u201d.<\/p>\n<p>Finalmente, la feria concluye el domingo 18 de noviembre con un <strong>desayuno molinero<\/strong>, una visita del Club Patrimonio a la localidad y el primer <strong>Concurso de Aceitunas Ali\u00f1adas<\/strong>, que se desarrollar\u00e1 en la Caseta Municipal. Para amenizar el concurso habr\u00e1 exhibiciones de baile y actuaciones musicales.<\/p>\n<p>Programa de la Feria en pdf<\/p>\n","protected":false},"excerpt":{"rendered":"<p>Con la cultura del olivo y los productos derivados de \u00e9ste como protagonistas, el municipio de Luque acoge del 16 al 18 de noviembre la Feria del Olivar, una cita con la actualidad del aceite, las \u00faltimas novedades en maquinaria agr\u00edcola y los productos agroalimentarios, cosm\u00e9ticos o artesanos derivados del olivo. \u201cEn la feria podremos &#8230; <\/p>\n<p class=\"read-more-container\"><a title=\"Feria del Olivar de Luque 2012\" class=\"read-more button\" href=\"https:\/\/miguelmoreno.org\/blog\/feria-del-olivar-de-luque-2012\/#more-6210\" aria-label=\"Leer m\u00e1s sobre Feria del Olivar de Luque 2012\">M\u00e1s informaci\u00f3n<\/a><\/p>\n","protected":false},"author":5,"featured_media":0,"comment_status":"open","ping_status":"open","sticky":false,"template":"","format":"standard","meta":{"footnotes":""},"categories":[1],"tags":[1503],"class_list":["post-6210","post","type-post","status-publish","format-standard","hentry","category-general","tag-cordoba","masonry-post","generate-columns","tablet-grid-50","mobile-grid-100","grid-parent","grid-33"],"yoast_head":"<!-- This site is optimized with the Yoast SEO plugin v25.9 - https:\/\/yoast.com\/wordpress\/plugins\/seo\/ -->\n<title>Feria del Olivar de Luque 2012<\/title>\n<meta name=\"description\" content=\"Feria del Olivar de Luque - concurso de cocina y de aceitunas ali\u00f1adas\" \/>\n<meta name=\"robots\" content=\"index, follow, max-snippet:-1, max-image-preview:large, max-video-preview:-1\" \/>\n<link rel=\"canonical\" href=\"https:\/\/miguelmoreno.org\/blog\/feria-del-olivar-de-luque-2012\/\" \/>\n<meta name=\"twitter:label1\" content=\"Escrito por\" \/>\n\t<meta name=\"twitter:data1\" content=\"Se llama copla\" \/>\n\t<meta name=\"twitter:label2\" content=\"Tiempo de lectura\" \/>\n\t<meta name=\"twitter:data2\" content=\"2 minutos\" \/>\n<script type=\"application\/ld+json\" class=\"yoast-schema-graph\">{\"@context\":\"https:\/\/schema.org\",\"@graph\":[{\"@type\":\"WebPage\",\"@id\":\"https:\/\/miguelmoreno.org\/blog\/feria-del-olivar-de-luque-2012\/\",\"url\":\"https:\/\/miguelmoreno.org\/blog\/feria-del-olivar-de-luque-2012\/\",\"name\":\"Feria del Olivar de Luque 2012\",\"isPartOf\":{\"@id\":\"https:\/\/miguelmoreno.org\/blog\/#website\"},\"primaryImageOfPage\":{\"@id\":\"https:\/\/miguelmoreno.org\/blog\/feria-del-olivar-de-luque-2012\/#primaryimage\"},\"image\":{\"@id\":\"https:\/\/miguelmoreno.org\/blog\/feria-del-olivar-de-luque-2012\/#primaryimage\"},\"thumbnailUrl\":\"https:\/\/www.miguelmoreno.org\/blog\/wp-content\/uploads\/2012\/11\/feria-olivar-luque.png\",\"datePublished\":\"2012-11-09T19:18:33+00:00\",\"dateModified\":\"2015-06-03T22:18:36+00:00\",\"author\":{\"@id\":\"https:\/\/miguelmoreno.org\/blog\/#\/schema\/person\/cde8639f19077551d0d59650a04b23d5\"},\"description\":\"Feria del Olivar de Luque - concurso de cocina y de aceitunas ali\u00f1adas\",\"breadcrumb\":{\"@id\":\"https:\/\/miguelmoreno.org\/blog\/feria-del-olivar-de-luque-2012\/#breadcrumb\"},\"inLanguage\":\"es\",\"potentialAction\":[{\"@type\":\"ReadAction\",\"target\":[\"https:\/\/miguelmoreno.org\/blog\/feria-del-olivar-de-luque-2012\/\"]}]},{\"@type\":\"ImageObject\",\"inLanguage\":\"es\",\"@id\":\"https:\/\/miguelmoreno.org\/blog\/feria-del-olivar-de-luque-2012\/#primaryimage\",\"url\":\"https:\/\/www.miguelmoreno.org\/blog\/wp-content\/uploads\/2012\/11\/feria-olivar-luque.png\",\"contentUrl\":\"https:\/\/www.miguelmoreno.org\/blog\/wp-content\/uploads\/2012\/11\/feria-olivar-luque.png\"},{\"@type\":\"BreadcrumbList\",\"@id\":\"https:\/\/miguelmoreno.org\/blog\/feria-del-olivar-de-luque-2012\/#breadcrumb\",\"itemListElement\":[{\"@type\":\"ListItem\",\"position\":1,\"name\":\"Portada\",\"item\":\"https:\/\/miguelmoreno.org\/blog\/\"},{\"@type\":\"ListItem\",\"position\":2,\"name\":\"Feria del Olivar de Luque 2012\"}]},{\"@type\":\"WebSite\",\"@id\":\"https:\/\/miguelmoreno.org\/blog\/#website\",\"url\":\"https:\/\/miguelmoreno.org\/blog\/\",\"name\":\"El Blog del Sur\",\"description\":\"Cultura, conciertos, ferias, coplas...\",\"potentialAction\":[{\"@type\":\"SearchAction\",\"target\":{\"@type\":\"EntryPoint\",\"urlTemplate\":\"https:\/\/miguelmoreno.org\/blog\/?s={search_term_string}\"},\"query-input\":{\"@type\":\"PropertyValueSpecification\",\"valueRequired\":true,\"valueName\":\"search_term_string\"}}],\"inLanguage\":\"es\"},{\"@type\":\"Person\",\"@id\":\"https:\/\/miguelmoreno.org\/blog\/#\/schema\/person\/cde8639f19077551d0d59650a04b23d5\",\"name\":\"Se llama copla\",\"sameAs\":[\"https:\/\/miguelmoreno.org\/blog\",\"https:\/\/x.com\/coplasandalucia\"]}]}<\/script>\n<!-- \/ Yoast SEO plugin. -->","yoast_head_json":{"title":"Feria del Olivar de Luque 2012","description":"Feria del Olivar de Luque - concurso de cocina y de aceitunas ali\u00f1adas","robots":{"index":"index","follow":"follow","max-snippet":"max-snippet:-1","max-image-preview":"max-image-preview:large","max-video-preview":"max-video-preview:-1"},"canonical":"https:\/\/miguelmoreno.org\/blog\/feria-del-olivar-de-luque-2012\/","twitter_misc":{"Escrito por":"Se llama copla","Tiempo de lectura":"2 minutos"},"schema":{"@context":"https:\/\/schema.org","@graph":[{"@type":"WebPage","@id":"https:\/\/miguelmoreno.org\/blog\/feria-del-olivar-de-luque-2012\/","url":"https:\/\/miguelmoreno.org\/blog\/feria-del-olivar-de-luque-2012\/","name":"Feria del Olivar de Luque 2012","isPartOf":{"@id":"https:\/\/miguelmoreno.org\/blog\/#website"},"primaryImageOfPage":{"@id":"https:\/\/miguelmoreno.org\/blog\/feria-del-olivar-de-luque-2012\/#primaryimage"},"image":{"@id":"https:\/\/miguelmoreno.org\/blog\/feria-del-olivar-de-luque-2012\/#primaryimage"},"thumbnailUrl":"https:\/\/www.miguelmoreno.org\/blog\/wp-content\/uploads\/2012\/11\/feria-olivar-luque.png","datePublished":"2012-11-09T19:18:33+00:00","dateModified":"2015-06-03T22:18:36+00:00","author":{"@id":"https:\/\/miguelmoreno.org\/blog\/#\/schema\/person\/cde8639f19077551d0d59650a04b23d5"},"description":"Feria del Olivar de Luque - concurso de cocina y de aceitunas ali\u00f1adas","breadcrumb":{"@id":"https:\/\/miguelmoreno.org\/blog\/feria-del-olivar-de-luque-2012\/#breadcrumb"},"inLanguage":"es","potentialAction":[{"@type":"ReadAction","target":["https:\/\/miguelmoreno.org\/blog\/feria-del-olivar-de-luque-2012\/"]}]},{"@type":"ImageObject","inLanguage":"es","@id":"https:\/\/miguelmoreno.org\/blog\/feria-del-olivar-de-luque-2012\/#primaryimage","url":"https:\/\/www.miguelmoreno.org\/blog\/wp-content\/uploads\/2012\/11\/feria-olivar-luque.png","contentUrl":"https:\/\/www.miguelmoreno.org\/blog\/wp-content\/uploads\/2012\/11\/feria-olivar-luque.png"},{"@type":"BreadcrumbList","@id":"https:\/\/miguelmoreno.org\/blog\/feria-del-olivar-de-luque-2012\/#breadcrumb","itemListElement":[{"@type":"ListItem","position":1,"name":"Portada","item":"https:\/\/miguelmoreno.org\/blog\/"},{"@type":"ListItem","position":2,"name":"Feria del Olivar de Luque 2012"}]},{"@type":"WebSite","@id":"https:\/\/miguelmoreno.org\/blog\/#website","url":"https:\/\/miguelmoreno.org\/blog\/","name":"El Blog del Sur","description":"Cultura, conciertos, ferias, coplas...","potentialAction":[{"@type":"SearchAction","target":{"@type":"EntryPoint","urlTemplate":"https:\/\/miguelmoreno.org\/blog\/?s={search_term_string}"},"query-input":{"@type":"PropertyValueSpecification","valueRequired":true,"valueName":"search_term_string"}}],"inLanguage":"es"},{"@type":"Person","@id":"https:\/\/miguelmoreno.org\/blog\/#\/schema\/person\/cde8639f19077551d0d59650a04b23d5","name":"Se llama copla","sameAs":["https:\/\/miguelmoreno.org\/blog","https:\/\/x.com\/coplasandalucia"]}]}},"_links":{"self":[{"href":"https:\/\/miguelmoreno.org\/blog\/wp-json\/wp\/v2\/posts\/6210","targetHints":{"allow":["GET"]}}],"collection":[{"href":"https:\/\/miguelmoreno.org\/blog\/wp-json\/wp\/v2\/posts"}],"about":[{"href":"https:\/\/miguelmoreno.org\/blog\/wp-json\/wp\/v2\/types\/post"}],"author":[{"embeddable":true,"href":"https:\/\/miguelmoreno.org\/blog\/wp-json\/wp\/v2\/users\/5"}],"replies":[{"embeddable":true,"href":"https:\/\/miguelmoreno.org\/blog\/wp-json\/wp\/v2\/comments?post=6210"}],"version-history":[{"count":0,"href":"https:\/\/miguelmoreno.org\/blog\/wp-json\/wp\/v2\/posts\/6210\/revisions"}],"wp:attachment":[{"href":"https:\/\/miguelmoreno.org\/blog\/wp-json\/wp\/v2\/media?parent=6210"}],"wp:term":[{"taxonomy":"category","embeddable":true,"href":"https:\/\/miguelmoreno.org\/blog\/wp-json\/wp\/v2\/categories?post=6210"},{"taxonomy":"post_tag","embeddable":true,"href":"https:\/\/miguelmoreno.org\/blog\/wp-json\/wp\/v2\/tags?post=6210"}],"curies":[{"name":"wp","href":"https:\/\/api.w.org\/{rel}","templated":true}]}}