{"id":6334,"date":"2012-12-06T15:31:35","date_gmt":"2012-12-06T13:31:35","guid":{"rendered":"http:\/\/www.miguelmoreno.org\/blog\/?p=6334"},"modified":"2012-12-06T15:34:03","modified_gmt":"2012-12-06T13:34:03","slug":"patios-cordoba-unesco","status":"publish","type":"post","link":"https:\/\/miguelmoreno.org\/blog\/patios-cordoba-unesco\/","title":{"rendered":"Los Patios de Cordoba, Patrimonio Cultural Inmaterial de la Humanidad"},"content":{"rendered":"<p>La fiesta de los patios de C\u00f3rdoba<\/p>\n<p>Inscrito en 2012 en la Lista Representativa del Patrimonio Cultural Inmaterial de la Humanidad de la UNESCO<\/p>\n<p>La Fiesta de los Patios de C\u00f3rdoba, s\u00edmbolo de la ciudad y de su poblaci\u00f3n, significa una manifestaci\u00f3n que infunde un profundo sentimiento de identidad, define y expresa una manera de ser, de vivir y de relacionarse, valores que la Fiesta contribuye a perpetuar.<\/p>\n<p><iframe loading=\"lazy\" width=\"560\" height=\"315\" src=\"http:\/\/www.youtube.com\/embed\/zYjTK_DnX_k\" frameborder=\"0\" allowfullscreen=\"\"><\/iframe><\/p>\n<p>M\u00e1s informaci\u00f3n en\u00a0<a href=\"http:\/\/www.unesco.org\/culture\/ich\/index.php?lg=es&amp;pg=00011&amp;RL=00846\">www.unesco.org<\/a><\/p>\n<p>&nbsp;<\/p>\n","protected":false},"excerpt":{"rendered":"<p>La fiesta de los patios de C\u00f3rdoba Inscrito en 2012 en la Lista Representativa del Patrimonio Cultural Inmaterial de la Humanidad de la UNESCO La Fiesta de los Patios de C\u00f3rdoba, s\u00edmbolo de la ciudad y de su poblaci\u00f3n, significa una manifestaci\u00f3n que infunde un profundo sentimiento de identidad, define y expresa una manera de &#8230; <\/p>\n<p class=\"read-more-container\"><a title=\"Los Patios de Cordoba, Patrimonio Cultural Inmaterial de la Humanidad\" class=\"read-more button\" href=\"https:\/\/miguelmoreno.org\/blog\/patios-cordoba-unesco\/#more-6334\" aria-label=\"Leer m\u00e1s sobre Los Patios de Cordoba, Patrimonio Cultural Inmaterial de la Humanidad\">M\u00e1s informaci\u00f3n<\/a><\/p>\n","protected":false},"author":5,"featured_media":0,"comment_status":"open","ping_status":"open","sticky":false,"template":"","format":"standard","meta":{"footnotes":""},"categories":[1],"tags":[1503],"class_list":["post-6334","post","type-post","status-publish","format-standard","hentry","category-general","tag-cordoba","masonry-post","generate-columns","tablet-grid-50","mobile-grid-100","grid-parent","grid-33"],"yoast_head":"<!-- This site is optimized with the Yoast SEO plugin v25.9 - https:\/\/yoast.com\/wordpress\/plugins\/seo\/ -->\n<title>Los Patios de Cordoba, Patrimonio Cultural Inmaterial de la Humanidad<\/title>\n<meta name=\"description\" content=\"Los Patios de Cordoba, Patrimonio Cultural Inmaterial de la Humanidad\" \/>\n<meta name=\"robots\" content=\"index, follow, max-snippet:-1, max-image-preview:large, max-video-preview:-1\" \/>\n<link rel=\"canonical\" href=\"https:\/\/miguelmoreno.org\/blog\/patios-cordoba-unesco\/\" \/>\n<meta name=\"twitter:label1\" content=\"Escrito por\" \/>\n\t<meta name=\"twitter:data1\" content=\"Se llama copla\" \/>\n<script type=\"application\/ld+json\" class=\"yoast-schema-graph\">{\"@context\":\"https:\/\/schema.org\",\"@graph\":[{\"@type\":\"WebPage\",\"@id\":\"https:\/\/miguelmoreno.org\/blog\/patios-cordoba-unesco\/\",\"url\":\"https:\/\/miguelmoreno.org\/blog\/patios-cordoba-unesco\/\",\"name\":\"Los Patios de Cordoba, Patrimonio Cultural Inmaterial de la Humanidad\",\"isPartOf\":{\"@id\":\"https:\/\/miguelmoreno.org\/blog\/#website\"},\"datePublished\":\"2012-12-06T13:31:35+00:00\",\"dateModified\":\"2012-12-06T13:34:03+00:00\",\"author\":{\"@id\":\"https:\/\/miguelmoreno.org\/blog\/#\/schema\/person\/cde8639f19077551d0d59650a04b23d5\"},\"description\":\"Los Patios de Cordoba, Patrimonio Cultural Inmaterial de la Humanidad\",\"breadcrumb\":{\"@id\":\"https:\/\/miguelmoreno.org\/blog\/patios-cordoba-unesco\/#breadcrumb\"},\"inLanguage\":\"es\",\"potentialAction\":[{\"@type\":\"ReadAction\",\"target\":[\"https:\/\/miguelmoreno.org\/blog\/patios-cordoba-unesco\/\"]}]},{\"@type\":\"BreadcrumbList\",\"@id\":\"https:\/\/miguelmoreno.org\/blog\/patios-cordoba-unesco\/#breadcrumb\",\"itemListElement\":[{\"@type\":\"ListItem\",\"position\":1,\"name\":\"Portada\",\"item\":\"https:\/\/miguelmoreno.org\/blog\/\"},{\"@type\":\"ListItem\",\"position\":2,\"name\":\"Los Patios de Cordoba, Patrimonio Cultural Inmaterial de la Humanidad\"}]},{\"@type\":\"WebSite\",\"@id\":\"https:\/\/miguelmoreno.org\/blog\/#website\",\"url\":\"https:\/\/miguelmoreno.org\/blog\/\",\"name\":\"El Blog del Sur\",\"description\":\"Cultura, conciertos, ferias, coplas...\",\"potentialAction\":[{\"@type\":\"SearchAction\",\"target\":{\"@type\":\"EntryPoint\",\"urlTemplate\":\"https:\/\/miguelmoreno.org\/blog\/?s={search_term_string}\"},\"query-input\":{\"@type\":\"PropertyValueSpecification\",\"valueRequired\":true,\"valueName\":\"search_term_string\"}}],\"inLanguage\":\"es\"},{\"@type\":\"Person\",\"@id\":\"https:\/\/miguelmoreno.org\/blog\/#\/schema\/person\/cde8639f19077551d0d59650a04b23d5\",\"name\":\"Se llama copla\",\"sameAs\":[\"https:\/\/miguelmoreno.org\/blog\",\"https:\/\/x.com\/coplasandalucia\"]}]}<\/script>\n<!-- \/ Yoast SEO plugin. -->","yoast_head_json":{"title":"Los Patios de Cordoba, Patrimonio Cultural Inmaterial de la Humanidad","description":"Los Patios de Cordoba, Patrimonio Cultural Inmaterial de la Humanidad","robots":{"index":"index","follow":"follow","max-snippet":"max-snippet:-1","max-image-preview":"max-image-preview:large","max-video-preview":"max-video-preview:-1"},"canonical":"https:\/\/miguelmoreno.org\/blog\/patios-cordoba-unesco\/","twitter_misc":{"Escrito por":"Se llama copla"},"schema":{"@context":"https:\/\/schema.org","@graph":[{"@type":"WebPage","@id":"https:\/\/miguelmoreno.org\/blog\/patios-cordoba-unesco\/","url":"https:\/\/miguelmoreno.org\/blog\/patios-cordoba-unesco\/","name":"Los Patios de Cordoba, Patrimonio Cultural Inmaterial de la Humanidad","isPartOf":{"@id":"https:\/\/miguelmoreno.org\/blog\/#website"},"datePublished":"2012-12-06T13:31:35+00:00","dateModified":"2012-12-06T13:34:03+00:00","author":{"@id":"https:\/\/miguelmoreno.org\/blog\/#\/schema\/person\/cde8639f19077551d0d59650a04b23d5"},"description":"Los Patios de Cordoba, Patrimonio Cultural Inmaterial de la Humanidad","breadcrumb":{"@id":"https:\/\/miguelmoreno.org\/blog\/patios-cordoba-unesco\/#breadcrumb"},"inLanguage":"es","potentialAction":[{"@type":"ReadAction","target":["https:\/\/miguelmoreno.org\/blog\/patios-cordoba-unesco\/"]}]},{"@type":"BreadcrumbList","@id":"https:\/\/miguelmoreno.org\/blog\/patios-cordoba-unesco\/#breadcrumb","itemListElement":[{"@type":"ListItem","position":1,"name":"Portada","item":"https:\/\/miguelmoreno.org\/blog\/"},{"@type":"ListItem","position":2,"name":"Los Patios de Cordoba, Patrimonio Cultural Inmaterial de la Humanidad"}]},{"@type":"WebSite","@id":"https:\/\/miguelmoreno.org\/blog\/#website","url":"https:\/\/miguelmoreno.org\/blog\/","name":"El Blog del Sur","description":"Cultura, conciertos, ferias, coplas...","potentialAction":[{"@type":"SearchAction","target":{"@type":"EntryPoint","urlTemplate":"https:\/\/miguelmoreno.org\/blog\/?s={search_term_string}"},"query-input":{"@type":"PropertyValueSpecification","valueRequired":true,"valueName":"search_term_string"}}],"inLanguage":"es"},{"@type":"Person","@id":"https:\/\/miguelmoreno.org\/blog\/#\/schema\/person\/cde8639f19077551d0d59650a04b23d5","name":"Se llama copla","sameAs":["https:\/\/miguelmoreno.org\/blog","https:\/\/x.com\/coplasandalucia"]}]}},"_links":{"self":[{"href":"https:\/\/miguelmoreno.org\/blog\/wp-json\/wp\/v2\/posts\/6334","targetHints":{"allow":["GET"]}}],"collection":[{"href":"https:\/\/miguelmoreno.org\/blog\/wp-json\/wp\/v2\/posts"}],"about":[{"href":"https:\/\/miguelmoreno.org\/blog\/wp-json\/wp\/v2\/types\/post"}],"author":[{"embeddable":true,"href":"https:\/\/miguelmoreno.org\/blog\/wp-json\/wp\/v2\/users\/5"}],"replies":[{"embeddable":true,"href":"https:\/\/miguelmoreno.org\/blog\/wp-json\/wp\/v2\/comments?post=6334"}],"version-history":[{"count":0,"href":"https:\/\/miguelmoreno.org\/blog\/wp-json\/wp\/v2\/posts\/6334\/revisions"}],"wp:attachment":[{"href":"https:\/\/miguelmoreno.org\/blog\/wp-json\/wp\/v2\/media?parent=6334"}],"wp:term":[{"taxonomy":"category","embeddable":true,"href":"https:\/\/miguelmoreno.org\/blog\/wp-json\/wp\/v2\/categories?post=6334"},{"taxonomy":"post_tag","embeddable":true,"href":"https:\/\/miguelmoreno.org\/blog\/wp-json\/wp\/v2\/tags?post=6334"}],"curies":[{"name":"wp","href":"https:\/\/api.w.org\/{rel}","templated":true}]}}