{"id":636,"date":"2007-04-25T15:39:41","date_gmt":"2007-04-25T13:39:41","guid":{"rendered":"http:\/\/www.miguelmoreno.org\/blog\/la-ruta-de-la-cruz-2007\/"},"modified":"2007-04-25T15:39:41","modified_gmt":"2007-04-25T13:39:41","slug":"la-ruta-de-la-cruz-2007","status":"publish","type":"post","link":"https:\/\/miguelmoreno.org\/blog\/la-ruta-de-la-cruz-2007\/","title":{"rendered":"La Ruta de la Cruz 2007"},"content":{"rendered":"<p>LA RUTA DE LA CRUZ REUNIRA 28 MONUMENTOS ESTE A\u00d1O EN EL DISTRITO CRUZ DE HUMILLADERO<br \/>\nEl Ayuntamiento organiza la IX Semana Cultural desde el 27 de abril al 6 de mayo<br \/>\nLa concejala del Distrito Cruz de Humilladero, Teresa Porras, ha presentado esta ma\u00f1ana La Ruta de la Cruz 2007 y las actividades de la IX Semana Cultural de aquel distrito, que comienza este viernes y se extender\u00e1 hasta el 6 de mayo. Esta cita est\u00e1 organizada por la Junta de Distrito, junto con los colectivos de \u00e9ste.<br \/>\n<!--more--><br \/>\nLa edil ha destacado que la Ruta de la Cruz reunir\u00e1 este a\u00f1o a 28 cruces (27 de las cuales ir\u00e1n a concurso, ya que, se excluye la que preside la plaza que da nombre al Distrito Cruz de Humilladero), que tratar\u00e1n de obtener el I Premio de las Cruces de Mayo 2007. Porras ha explicado que este a\u00f1o por primera vez la cruz de dicha plaza se engalanar\u00e1 con flores, trasladando a los residentes y visitantes al recuerdo de las cruces de mayo que montaban los vecinos de los hist\u00f3ricos corralones malague\u00f1os.<\/p>\n<p>La responsable del distrito ha subrayado la importancia de este certamen que hace que las distintas barriadas se vuelquen durante estos d\u00edas en la confecci\u00f3n de estos bellos motivos florales y que se enmarcan en la IX Semana Cultural del distrito.<br \/>\nEsta Semana arranca el 27 y 28 de abril con la celebraci\u00f3n de las Jornadas sobre Custodia compartida y Derecho de Familia, que ser\u00e1 una de las novedades de este evento y se celebrar\u00e1n en el Colegio Oficial de M\u00e9dicos (C\/ Curtidores, 1) y que est\u00e1n organizadas por la Asociaci\u00f3n Pro Derechos del Ni\u00f1o SOS Pap\u00e1 y patrocinadas por la Junta de Distrito de Cruz de Humilladero del Ayuntamiento de M\u00e1laga. Las jornadas tendr\u00e1n entrada gratuita.<br \/>\nOtra de las novedades de la Semana Cultural ser\u00e1 la fiesta final del domingo 6 de mayo en la calle Conde de Guadalhorce, a partir de las 11 de la ma\u00f1ana. En ella, habr\u00e1 un amplio repertorio de actividades que se detallan m\u00e1s abajo. Este ser\u00e1 el d\u00eda grande la Semana Cultural y de la Ruta de la Cruz.<br \/>\nLa concejala ha destacado otras actividades como el Concurso de Pesca, que se celebra en las playas de La Misericordia, las visitas culturales dirigidas a los colegios del distrito, los diversos talleres,\u00a0 el Campeonato de Warhammer (juego de estrategia de guerra por turnos, jugado con miniaturas y ambientado en un mundo de fantas\u00eda \u00e9pica), el Concurso de Cocina y diversas actuaciones como obras de teatro, baile y coros rocieros.<br \/>\nLa semana tendr\u00e1 uno de los momentos m\u00e1s importantes en torno a la Muestra de Asociaciones, donde se expondr\u00e1n los trabajos realizados por estos colectivos.<br \/>\nLa participaci\u00f3n que se prev\u00e9 en esta IX Semana Cultural es cercana a las 5.000 personas, superando las 4.300 de 2006 y las 3.600 de 2005. En estas actividades participan 40 asociaciones de vecinos, juveniles de jubilados, culturales y de pe\u00f1as.<br \/>\nLa programaci\u00f3n completa es la siguiente:<br \/>\nIX SEMANA CULTURAL del DISTRITO N\u00ba 6<br \/>\nCRUZ DEL HUMILLADERO<br \/>\ndel 27 de abril al 6 de mayo de 2007<br \/>\nCOMPETICIONES Y CAMPEONATOS<br \/>\nTENIS ADULTOS en la Barriada El Duende Organiza A.V El Duende.<br \/>\nConcurso de PESCA\u00a0 en las Playas de la Misericordia.\u00a0 Organiza Pe\u00f1a El Anzuelo.<br \/>\nTorneo de PARCHIS en Pe\u00f1a Los Ruise\u00f1ores<br \/>\nTorneo de TENIS INFANTIL en la Barriada El Duende Organiza A.V El Duende.<br \/>\nTorneo F\u00daTBOL SALA en el campo de futbol del Duende Organiza A.V El Duende.<br \/>\nTORNEO de DOMIN\u00d3 en el Club de Domin\u00f3 Portada Alta<br \/>\nTorneo de JUDO en el Pabell\u00f3n de Tiro de Pich\u00f3n.\u00a0 Organiza Delegaci\u00f3n Malague\u00f1a de Judo.<br \/>\nTorneo de\u00a0 PETANCA en campo de petanca C\/ La Uni\u00f3n Organiza A.V La Cooperaci\u00f3n.<br \/>\nTorneo de AJEDREZ Organiza A.V. La Cooperaci\u00f3n.<br \/>\nCampeonato de WARHAMMER y BLOOD-BOWL Organiza A.V. La Cooperaci\u00f3n.<br \/>\nII DIA DE LA BICICLETA Organiza A.V El Duende.<br \/>\nDemostraci\u00f3n ESCUELA de BALONMANO\u00a0 Organiza Agrup. Telef\u00f3nica.<br \/>\nCONCURSO DE COCINA Organiza Servicios Sociales.<\/p>\n<p>TALLERES<\/p>\n<p>Taller de\u00a0 INFORMATICA para Gesti\u00f3n Asociaciones en la sede de la A.V. Organiza A.V La Cooperaci\u00f3n.<br \/>\nCURSO de Resucitaci\u00f3n Cardio-Pulmonar Organiza EXPAUMI.<br \/>\nTALLER de Educaci\u00f3n Alimenticia Organiza A.V. La Cooperaci\u00f3n.<\/p>\n<p>ACTIVIDADES PARA NIN@S<\/p>\n<p>Visita Parque del Oeste:\u00a0\u00a0 C.P. LOS PRADOS , C.P. SAN RAFAEL,\u00a0 C.P. RAFAEL DAVILA,\u00a0 C.P. PABLO NERUDA,\u00a0 C.P. LUIS BRAILLE,\u00a0 C.P. STA. ROSA DE LIMA.<br \/>\nVisita Jard\u00edn Bot\u00e1nico \u201cLa Concepci\u00f3n\u201d:\u00a0 C.P. ANTONIO MACHADO,\u00a0 C.P. DOCTOR. FLEMING,\u00a0 C.P. CIUDAD DE POPAY\u00c1N,\u00a0 C.P. ANTONIO MACHADO\u201d , C.P.CHRISTIAN ANDERSEN,\u00a0 C.P. DOCTOR. FLEMING.<br \/>\nItinerario Bus Tur\u00edstico:\u00a0 C.P. DOMINGO LOZANO, C.P. STA. ROSA DE LIMA,\u00a0\u00a0\u00a0 C.P. SAN RAFAEL.<br \/>\nII MARAT\u00d3N DE CUENTOS en Biblioteca P.M. \u201c Manuel Altolaguirre\u201d.<\/p>\n<p>VARIOS<\/p>\n<p>\u201c JORNADAS SOBRE\u00a0 CUSTODIA COMPARTIDA Y DERECHOS DE FAMILIA\u201d en el Colegio Oficial de M\u00e9dicos Organiza S.O.S Pap\u00e1.<br \/>\nMUESTRA DE\u00a0 ASOCIACIONES en el Centro Social R. Gonz\u00e1lez\u00a0 Luna<br \/>\nEXPOSICI\u00d3N DE TALLERES Y CLUB\u00a0 en el\u00a0 Centro de Servicios Sociales.<br \/>\nGYNKANA en el\u00a0 Centro Social R. Gonzalez\u00a0 Luna Organiza Servicios Sociales.<br \/>\nEXCURSION a C\u00f3rdoba Organiza \u00c1rea de Igualdad.<\/p>\n<p>Inauguraci\u00f3n CRUZ DE MAYO y Degustaci\u00f3n de BU\u00d1UELOS en el\u00a0 Centro de Servicios Sociales.<br \/>\nPresentaci\u00f3n\u00a0 Cartel III Certamen Andaluz Canci\u00f3n Espa\u00f1ola y III PREGON DE LA COPLA en el Centro Social R. Gonz\u00e1lez\u00a0 Luna Organiza Asoc. Amigos de la Copla.<br \/>\nACTIVIDADES CULTURALES<br \/>\nCONFERENCIA \u201c MUJERES EN LA HISTORIA DE M\u00c1LAGA\u201d en el\u00a0 Centro Social R. Gonz\u00e1lez\u00a0 Luna\u00a0 Organiza \u00c1rea de Igualdad.<br \/>\nTEATRO en el Centro Social R. Gonz\u00e1lez\u00a0 Luna Organiza Asoc. Jub. Guadalmedina<br \/>\nTEATRO en el Centro Social R. Gonz\u00e1lez\u00a0 Luna Organiza Asoc. Jub. Baile de Sal\u00f3n.<br \/>\nVisita al MUSEO MUNICIPAL Organiza \u00c1rea de Igualdad.<br \/>\nTEATRO \u201cPecados Conyugales en Marbella\u201d de J.J. Alonso Mill\u00e1n Dirige Laura Baena en el Centro Social R. Gonz\u00e1lez\u00a0 Luna Organiza Centro Cult. RENFE.<br \/>\nACTUACIONES<\/p>\n<p>Coro \u201cCP HERN\u00c1NDEZ CANOVAS\u201d Organiza CP Hern\u00e1ndez Canovas.<br \/>\nExhibici\u00f3n AEROBIC en el Centro Social R. Gonz\u00e1lez\u00a0 Luna Organiza A.V Cortijo Alto.<br \/>\nExhibici\u00f3n SALSA en el Centro Social R. Gonz\u00e1lez\u00a0 Luna Organiza A.V Cortijo Alto.<br \/>\nCORO ROCIERO \u201c Sue\u00f1os Malague\u00f1os\u201d en el Centro Social R. Gonz\u00e1lez\u00a0 Luna\u00a0\u00a0 Organiza A.v . San Jos\u00e9 Obrero.<br \/>\nCORO ROCIERO \u201cCasa de Alora Gibralfaro\u201d en el Centro Social R. Gonz\u00e1lez\u00a0 Luna.<br \/>\nCORO \u201cCentro Cultural RENFE\u201d\u00a0 en el Centro Social R. Gonz\u00e1lez\u00a0 Luna.<br \/>\nExhibici\u00f3n de BAILE\u00a0 en el Centro Social R. Gonz\u00e1lez\u00a0 Luna Organiza A.J.P. Baile de Sal\u00f3n.<\/p>\n<p>ACTIVIDADES DOMINGO 6 DE MAYO, 11 H.<br \/>\nFiesta Final en la Calle Conde de Guadalhorce<br \/>\nLA CRUZ SE VISTE DE FIESTA<br \/>\nActividades Infantiles : Roc\u00f3dromo, 2 Castillos hinchables , barco y jaula de pelotas\u00a0 (aportados por la Asoc. de feriantes de M\u00e1laga)<br \/>\nActuaciones de:<br \/>\nBanda Juvenil de M\u00fasica \u201c Cruz del Humilladero\u201d.<br \/>\nGrupo de Baile A.V CORTIJO ALTO.<br \/>\nGrupo de Baile GUADALMEDINA.<br \/>\nCoro \u201cEL SENECA\u201d.<\/p>\n<p>Grupos de BAILE: \u201cNUEVAS RAICES\u201d, \u201cFANTASIA FLAMENCA\u201d y \u201cAMANECE\u201d\u00a0 (Pe\u00f1a Los Corazones).<br \/>\nGrupo de Baile ANTONIO MARTELO.<br \/>\nCoro A.V CORTIJO ALTO.<br \/>\nManolo Tabares.<br \/>\nGrupo de Baile OSAH.<br \/>\n12,30 h.\u00a0 Misa Rociera en la iglesia de la Asunci\u00f3n con el Coro \u201c La Buena Estrella \u201c.<br \/>\n13,15 h. Bendici\u00f3n CRUZ DE MAYO.<br \/>\nEntrega de Premios.<br \/>\n14 h. Almuerzo Vecinal: Paella , magro, callos y berza\u00a0 (cocinados por las pe\u00f1as Cortijo de Torre, Los corazones, S. Vicente, La Igualdad, C. Cultural RENFE, Amigos de la Copla y OSAH).<br \/>\n16 h. Baile amenizado por la\u00a0 ORQUESTA \u201c AZ\u00daCAR Y LIM\u00d3N\u201d.<br \/>\n(fuente ayto Malaga)<\/p>\n","protected":false},"excerpt":{"rendered":"<p>LA RUTA DE LA CRUZ REUNIRA 28 MONUMENTOS ESTE A\u00d1O EN EL DISTRITO CRUZ DE HUMILLADERO El Ayuntamiento organiza la IX Semana Cultural desde el 27 de abril al 6 de mayo La concejala del Distrito Cruz de Humilladero, Teresa Porras, ha presentado esta ma\u00f1ana La Ruta de la Cruz 2007 y las actividades de &#8230; <\/p>\n<p class=\"read-more-container\"><a title=\"La Ruta de la Cruz 2007\" class=\"read-more button\" href=\"https:\/\/miguelmoreno.org\/blog\/la-ruta-de-la-cruz-2007\/#more-636\" aria-label=\"Leer m\u00e1s sobre La Ruta de la Cruz 2007\">M\u00e1s informaci\u00f3n<\/a><\/p>\n","protected":false},"author":5,"featured_media":0,"comment_status":"open","ping_status":"open","sticky":false,"template":"","format":"standard","meta":{"footnotes":""},"categories":[1,12],"tags":[2],"class_list":["post-636","post","type-post","status-publish","format-standard","hentry","category-general","category-malaga","tag-arte-y-cultura","masonry-post","generate-columns","tablet-grid-50","mobile-grid-100","grid-parent","grid-33"],"yoast_head":"<!-- This site is optimized with the Yoast SEO plugin v25.9 - https:\/\/yoast.com\/wordpress\/plugins\/seo\/ -->\n<title>La Ruta de la Cruz 2007<\/title>\n<meta name=\"robots\" content=\"index, follow, max-snippet:-1, max-image-preview:large, max-video-preview:-1\" \/>\n<link rel=\"canonical\" href=\"https:\/\/miguelmoreno.org\/blog\/la-ruta-de-la-cruz-2007\/\" \/>\n<meta name=\"twitter:label1\" content=\"Escrito por\" \/>\n\t<meta name=\"twitter:data1\" content=\"Se llama copla\" \/>\n\t<meta name=\"twitter:label2\" content=\"Tiempo de lectura\" \/>\n\t<meta name=\"twitter:data2\" content=\"6 minutos\" \/>\n<script type=\"application\/ld+json\" class=\"yoast-schema-graph\">{\"@context\":\"https:\/\/schema.org\",\"@graph\":[{\"@type\":\"WebPage\",\"@id\":\"https:\/\/miguelmoreno.org\/blog\/la-ruta-de-la-cruz-2007\/\",\"url\":\"https:\/\/miguelmoreno.org\/blog\/la-ruta-de-la-cruz-2007\/\",\"name\":\"La Ruta de la Cruz 2007\",\"isPartOf\":{\"@id\":\"https:\/\/miguelmoreno.org\/blog\/#website\"},\"datePublished\":\"2007-04-25T13:39:41+00:00\",\"author\":{\"@id\":\"https:\/\/miguelmoreno.org\/blog\/#\/schema\/person\/cde8639f19077551d0d59650a04b23d5\"},\"breadcrumb\":{\"@id\":\"https:\/\/miguelmoreno.org\/blog\/la-ruta-de-la-cruz-2007\/#breadcrumb\"},\"inLanguage\":\"es\",\"potentialAction\":[{\"@type\":\"ReadAction\",\"target\":[\"https:\/\/miguelmoreno.org\/blog\/la-ruta-de-la-cruz-2007\/\"]}]},{\"@type\":\"BreadcrumbList\",\"@id\":\"https:\/\/miguelmoreno.org\/blog\/la-ruta-de-la-cruz-2007\/#breadcrumb\",\"itemListElement\":[{\"@type\":\"ListItem\",\"position\":1,\"name\":\"Portada\",\"item\":\"https:\/\/miguelmoreno.org\/blog\/\"},{\"@type\":\"ListItem\",\"position\":2,\"name\":\"La Ruta de la Cruz 2007\"}]},{\"@type\":\"WebSite\",\"@id\":\"https:\/\/miguelmoreno.org\/blog\/#website\",\"url\":\"https:\/\/miguelmoreno.org\/blog\/\",\"name\":\"El Blog del Sur\",\"description\":\"Cultura, conciertos, ferias, coplas...\",\"potentialAction\":[{\"@type\":\"SearchAction\",\"target\":{\"@type\":\"EntryPoint\",\"urlTemplate\":\"https:\/\/miguelmoreno.org\/blog\/?s={search_term_string}\"},\"query-input\":{\"@type\":\"PropertyValueSpecification\",\"valueRequired\":true,\"valueName\":\"search_term_string\"}}],\"inLanguage\":\"es\"},{\"@type\":\"Person\",\"@id\":\"https:\/\/miguelmoreno.org\/blog\/#\/schema\/person\/cde8639f19077551d0d59650a04b23d5\",\"name\":\"Se llama copla\",\"sameAs\":[\"https:\/\/miguelmoreno.org\/blog\",\"https:\/\/x.com\/coplasandalucia\"]}]}<\/script>\n<!-- \/ Yoast SEO plugin. -->","yoast_head_json":{"title":"La Ruta de la Cruz 2007","robots":{"index":"index","follow":"follow","max-snippet":"max-snippet:-1","max-image-preview":"max-image-preview:large","max-video-preview":"max-video-preview:-1"},"canonical":"https:\/\/miguelmoreno.org\/blog\/la-ruta-de-la-cruz-2007\/","twitter_misc":{"Escrito por":"Se llama copla","Tiempo de lectura":"6 minutos"},"schema":{"@context":"https:\/\/schema.org","@graph":[{"@type":"WebPage","@id":"https:\/\/miguelmoreno.org\/blog\/la-ruta-de-la-cruz-2007\/","url":"https:\/\/miguelmoreno.org\/blog\/la-ruta-de-la-cruz-2007\/","name":"La Ruta de la Cruz 2007","isPartOf":{"@id":"https:\/\/miguelmoreno.org\/blog\/#website"},"datePublished":"2007-04-25T13:39:41+00:00","author":{"@id":"https:\/\/miguelmoreno.org\/blog\/#\/schema\/person\/cde8639f19077551d0d59650a04b23d5"},"breadcrumb":{"@id":"https:\/\/miguelmoreno.org\/blog\/la-ruta-de-la-cruz-2007\/#breadcrumb"},"inLanguage":"es","potentialAction":[{"@type":"ReadAction","target":["https:\/\/miguelmoreno.org\/blog\/la-ruta-de-la-cruz-2007\/"]}]},{"@type":"BreadcrumbList","@id":"https:\/\/miguelmoreno.org\/blog\/la-ruta-de-la-cruz-2007\/#breadcrumb","itemListElement":[{"@type":"ListItem","position":1,"name":"Portada","item":"https:\/\/miguelmoreno.org\/blog\/"},{"@type":"ListItem","position":2,"name":"La Ruta de la Cruz 2007"}]},{"@type":"WebSite","@id":"https:\/\/miguelmoreno.org\/blog\/#website","url":"https:\/\/miguelmoreno.org\/blog\/","name":"El Blog del Sur","description":"Cultura, conciertos, ferias, coplas...","potentialAction":[{"@type":"SearchAction","target":{"@type":"EntryPoint","urlTemplate":"https:\/\/miguelmoreno.org\/blog\/?s={search_term_string}"},"query-input":{"@type":"PropertyValueSpecification","valueRequired":true,"valueName":"search_term_string"}}],"inLanguage":"es"},{"@type":"Person","@id":"https:\/\/miguelmoreno.org\/blog\/#\/schema\/person\/cde8639f19077551d0d59650a04b23d5","name":"Se llama copla","sameAs":["https:\/\/miguelmoreno.org\/blog","https:\/\/x.com\/coplasandalucia"]}]}},"_links":{"self":[{"href":"https:\/\/miguelmoreno.org\/blog\/wp-json\/wp\/v2\/posts\/636","targetHints":{"allow":["GET"]}}],"collection":[{"href":"https:\/\/miguelmoreno.org\/blog\/wp-json\/wp\/v2\/posts"}],"about":[{"href":"https:\/\/miguelmoreno.org\/blog\/wp-json\/wp\/v2\/types\/post"}],"author":[{"embeddable":true,"href":"https:\/\/miguelmoreno.org\/blog\/wp-json\/wp\/v2\/users\/5"}],"replies":[{"embeddable":true,"href":"https:\/\/miguelmoreno.org\/blog\/wp-json\/wp\/v2\/comments?post=636"}],"version-history":[{"count":0,"href":"https:\/\/miguelmoreno.org\/blog\/wp-json\/wp\/v2\/posts\/636\/revisions"}],"wp:attachment":[{"href":"https:\/\/miguelmoreno.org\/blog\/wp-json\/wp\/v2\/media?parent=636"}],"wp:term":[{"taxonomy":"category","embeddable":true,"href":"https:\/\/miguelmoreno.org\/blog\/wp-json\/wp\/v2\/categories?post=636"},{"taxonomy":"post_tag","embeddable":true,"href":"https:\/\/miguelmoreno.org\/blog\/wp-json\/wp\/v2\/tags?post=636"}],"curies":[{"name":"wp","href":"https:\/\/api.w.org\/{rel}","templated":true}]}}