{"id":637,"date":"2007-04-25T15:42:22","date_gmt":"2007-04-25T13:42:22","guid":{"rendered":"http:\/\/www.miguelmoreno.org\/blog\/la-cruz-se-viste-de-fiesta\/"},"modified":"2007-04-25T15:42:22","modified_gmt":"2007-04-25T13:42:22","slug":"la-cruz-se-viste-de-fiesta","status":"publish","type":"post","link":"https:\/\/miguelmoreno.org\/blog\/la-cruz-se-viste-de-fiesta\/","title":{"rendered":"La Cruz se viste de Fiesta"},"content":{"rendered":"<p><!--more-->El concurso de cruces de mayo del distrito 6 reparte este a\u00f1o m\u00e1s de 1.000 \u20ac en premios<br \/>\nEl jurado evaluar\u00e1 los motivos florales entre el 1 y el 3 de mayo<br \/>\nEl Concurso de Cruces de Mayo del Distrito 6 va a repartir este a\u00f1o 1.050 euros en premios. Habr\u00e1 un primero (500 euros y una placa), un segundo (350 euros y placa) y un tercer premio (200 euros con placa).<\/p>\n<p>El jurado del distrito ha registrado la presentaci\u00f3n de 27 solicitudes, que conforman la Ruta de la Cruz del Distrito Cruz de Humilladero, que junto a la cruz que instalar\u00e1 el Ayuntamiento, sumar\u00e1n 28 monumentos. Este a\u00f1o por primera vez se engalanar\u00e1 con flores, trasladando a los residentes y visitantes al recuerdo de las cruces de mayo que montaban los vecinos de los hist\u00f3ricos corralones malague\u00f1os.<\/p>\n<p>Los miembros del jurado visitar\u00e1n las cruces entre los d\u00edas 1y 3 de mayo y tendr\u00e1n en cuenta el embellecimiento, la armonizaci\u00f3n, la artesan\u00eda , la perspectiva y los detalles empleados en el conjunto de la cruz.<\/p>\n<p>La entrega de premios del concurso se realizar\u00e1 en la gran fiesta \u201cLa Cruz se viste de Fiesta\u201d, que se celebrar\u00e1 el domingo 6 de mayo en la calle Conde de Guadalhorce.\u00a0 Los actos relativos a la cruz ser\u00e1n los siguientes:<\/p>\n<p>12,30 h.\u00a0 Misa Rociera en la iglesia de la Asunci\u00f3n con el Coro \u201c La Buena Estrella \u201c.<br \/>\n13,15 h. Bendici\u00f3n CRUZ DE MAYO.<br \/>\nEntrega de Premios.<br \/>\n14 h. Almuerzo Vecinal: Paella , magro, callos y berza\u00a0 (cocinados por las pe\u00f1as Cortijo de Torre, Los corazones, S. Vicente, La Igualdad, C. Cultural RENFE, Amigos de la Copla y OSAH).<\/p>\n","protected":false},"excerpt":{"rendered":"","protected":false},"author":5,"featured_media":0,"comment_status":"open","ping_status":"open","sticky":false,"template":"","format":"standard","meta":{"footnotes":""},"categories":[1,12],"tags":[7],"class_list":["post-637","post","type-post","status-publish","format-standard","hentry","category-general","category-malaga","tag-fiestas","masonry-post","generate-columns","tablet-grid-50","mobile-grid-100","grid-parent","grid-33"],"yoast_head":"<!-- This site is optimized with the Yoast SEO plugin v25.9 - https:\/\/yoast.com\/wordpress\/plugins\/seo\/ -->\n<title>La Cruz se viste de Fiesta<\/title>\n<meta name=\"robots\" content=\"index, follow, max-snippet:-1, max-image-preview:large, max-video-preview:-1\" \/>\n<link rel=\"canonical\" href=\"https:\/\/miguelmoreno.org\/blog\/la-cruz-se-viste-de-fiesta\/\" \/>\n<meta name=\"twitter:label1\" content=\"Escrito por\" \/>\n\t<meta name=\"twitter:data1\" content=\"Se llama copla\" \/>\n\t<meta name=\"twitter:label2\" content=\"Tiempo de lectura\" \/>\n\t<meta name=\"twitter:data2\" content=\"1 minuto\" \/>\n<script type=\"application\/ld+json\" class=\"yoast-schema-graph\">{\"@context\":\"https:\/\/schema.org\",\"@graph\":[{\"@type\":\"WebPage\",\"@id\":\"https:\/\/miguelmoreno.org\/blog\/la-cruz-se-viste-de-fiesta\/\",\"url\":\"https:\/\/miguelmoreno.org\/blog\/la-cruz-se-viste-de-fiesta\/\",\"name\":\"La Cruz se viste de Fiesta\",\"isPartOf\":{\"@id\":\"https:\/\/miguelmoreno.org\/blog\/#website\"},\"datePublished\":\"2007-04-25T13:42:22+00:00\",\"author\":{\"@id\":\"https:\/\/miguelmoreno.org\/blog\/#\/schema\/person\/cde8639f19077551d0d59650a04b23d5\"},\"breadcrumb\":{\"@id\":\"https:\/\/miguelmoreno.org\/blog\/la-cruz-se-viste-de-fiesta\/#breadcrumb\"},\"inLanguage\":\"es\",\"potentialAction\":[{\"@type\":\"ReadAction\",\"target\":[\"https:\/\/miguelmoreno.org\/blog\/la-cruz-se-viste-de-fiesta\/\"]}]},{\"@type\":\"BreadcrumbList\",\"@id\":\"https:\/\/miguelmoreno.org\/blog\/la-cruz-se-viste-de-fiesta\/#breadcrumb\",\"itemListElement\":[{\"@type\":\"ListItem\",\"position\":1,\"name\":\"Portada\",\"item\":\"https:\/\/miguelmoreno.org\/blog\/\"},{\"@type\":\"ListItem\",\"position\":2,\"name\":\"La Cruz se viste de Fiesta\"}]},{\"@type\":\"WebSite\",\"@id\":\"https:\/\/miguelmoreno.org\/blog\/#website\",\"url\":\"https:\/\/miguelmoreno.org\/blog\/\",\"name\":\"El Blog del Sur\",\"description\":\"Cultura, conciertos, ferias, coplas...\",\"potentialAction\":[{\"@type\":\"SearchAction\",\"target\":{\"@type\":\"EntryPoint\",\"urlTemplate\":\"https:\/\/miguelmoreno.org\/blog\/?s={search_term_string}\"},\"query-input\":{\"@type\":\"PropertyValueSpecification\",\"valueRequired\":true,\"valueName\":\"search_term_string\"}}],\"inLanguage\":\"es\"},{\"@type\":\"Person\",\"@id\":\"https:\/\/miguelmoreno.org\/blog\/#\/schema\/person\/cde8639f19077551d0d59650a04b23d5\",\"name\":\"Se llama copla\",\"sameAs\":[\"https:\/\/miguelmoreno.org\/blog\",\"https:\/\/x.com\/coplasandalucia\"]}]}<\/script>\n<!-- \/ Yoast SEO plugin. -->","yoast_head_json":{"title":"La Cruz se viste de Fiesta","robots":{"index":"index","follow":"follow","max-snippet":"max-snippet:-1","max-image-preview":"max-image-preview:large","max-video-preview":"max-video-preview:-1"},"canonical":"https:\/\/miguelmoreno.org\/blog\/la-cruz-se-viste-de-fiesta\/","twitter_misc":{"Escrito por":"Se llama copla","Tiempo de lectura":"1 minuto"},"schema":{"@context":"https:\/\/schema.org","@graph":[{"@type":"WebPage","@id":"https:\/\/miguelmoreno.org\/blog\/la-cruz-se-viste-de-fiesta\/","url":"https:\/\/miguelmoreno.org\/blog\/la-cruz-se-viste-de-fiesta\/","name":"La Cruz se viste de Fiesta","isPartOf":{"@id":"https:\/\/miguelmoreno.org\/blog\/#website"},"datePublished":"2007-04-25T13:42:22+00:00","author":{"@id":"https:\/\/miguelmoreno.org\/blog\/#\/schema\/person\/cde8639f19077551d0d59650a04b23d5"},"breadcrumb":{"@id":"https:\/\/miguelmoreno.org\/blog\/la-cruz-se-viste-de-fiesta\/#breadcrumb"},"inLanguage":"es","potentialAction":[{"@type":"ReadAction","target":["https:\/\/miguelmoreno.org\/blog\/la-cruz-se-viste-de-fiesta\/"]}]},{"@type":"BreadcrumbList","@id":"https:\/\/miguelmoreno.org\/blog\/la-cruz-se-viste-de-fiesta\/#breadcrumb","itemListElement":[{"@type":"ListItem","position":1,"name":"Portada","item":"https:\/\/miguelmoreno.org\/blog\/"},{"@type":"ListItem","position":2,"name":"La Cruz se viste de Fiesta"}]},{"@type":"WebSite","@id":"https:\/\/miguelmoreno.org\/blog\/#website","url":"https:\/\/miguelmoreno.org\/blog\/","name":"El Blog del Sur","description":"Cultura, conciertos, ferias, coplas...","potentialAction":[{"@type":"SearchAction","target":{"@type":"EntryPoint","urlTemplate":"https:\/\/miguelmoreno.org\/blog\/?s={search_term_string}"},"query-input":{"@type":"PropertyValueSpecification","valueRequired":true,"valueName":"search_term_string"}}],"inLanguage":"es"},{"@type":"Person","@id":"https:\/\/miguelmoreno.org\/blog\/#\/schema\/person\/cde8639f19077551d0d59650a04b23d5","name":"Se llama copla","sameAs":["https:\/\/miguelmoreno.org\/blog","https:\/\/x.com\/coplasandalucia"]}]}},"_links":{"self":[{"href":"https:\/\/miguelmoreno.org\/blog\/wp-json\/wp\/v2\/posts\/637","targetHints":{"allow":["GET"]}}],"collection":[{"href":"https:\/\/miguelmoreno.org\/blog\/wp-json\/wp\/v2\/posts"}],"about":[{"href":"https:\/\/miguelmoreno.org\/blog\/wp-json\/wp\/v2\/types\/post"}],"author":[{"embeddable":true,"href":"https:\/\/miguelmoreno.org\/blog\/wp-json\/wp\/v2\/users\/5"}],"replies":[{"embeddable":true,"href":"https:\/\/miguelmoreno.org\/blog\/wp-json\/wp\/v2\/comments?post=637"}],"version-history":[{"count":0,"href":"https:\/\/miguelmoreno.org\/blog\/wp-json\/wp\/v2\/posts\/637\/revisions"}],"wp:attachment":[{"href":"https:\/\/miguelmoreno.org\/blog\/wp-json\/wp\/v2\/media?parent=637"}],"wp:term":[{"taxonomy":"category","embeddable":true,"href":"https:\/\/miguelmoreno.org\/blog\/wp-json\/wp\/v2\/categories?post=637"},{"taxonomy":"post_tag","embeddable":true,"href":"https:\/\/miguelmoreno.org\/blog\/wp-json\/wp\/v2\/tags?post=637"}],"curies":[{"name":"wp","href":"https:\/\/api.w.org\/{rel}","templated":true}]}}