{"id":647,"date":"2007-04-29T20:29:48","date_gmt":"2007-04-29T18:29:48","guid":{"rendered":"http:\/\/www.miguelmoreno.org\/blog\/xv-concurso-de-cruces-de-mayo-de-atequera\/"},"modified":"2008-04-13T10:43:07","modified_gmt":"2008-04-13T08:43:07","slug":"xv-concurso-de-cruces-de-mayo-de-atequera","status":"publish","type":"post","link":"https:\/\/miguelmoreno.org\/blog\/xv-concurso-de-cruces-de-mayo-de-atequera\/","title":{"rendered":"XV Concurso de Cruces de Mayo de Antequera"},"content":{"rendered":"<p>Un total de veinte participantes se han inscrito en el XV Concurso Popular de Cruces de Mayo, organizado por la Fundaci\u00f3n Municipal de Cultura. Quince de ellos lo han hecho en la categor\u00eda de Asociaciones y Entidades, tres en Cofrad\u00edas y Entidades Religiosas y dos en Escaparates.<br \/>\n<!--more--><\/p>\n<p>El objetivo fundamental del concurso es la promoci\u00f3n y consolidaci\u00f3n en el municipio de una tradici\u00f3n de gran arraigo en Andaluc\u00eda, que combina lo religioso con lo popular mediante el ornato de la Santa Cruz, a base de flores naturales, macetas y elementos decorativos de gran valor artesanal<\/p>\n<p>La relaci\u00f3n de participantes es la siguiente:<\/p>\n<p>ASOCIACIONES Y ENTIDADES<\/p>\n<p>1.- Sociedad Excursionista Antequerana.<\/p>\n<p>Alameda de Andaluc\u00eda, 15.<\/p>\n<p>2.- Asociaci\u00f3n de Vecinos El Salvador.<\/p>\n<p>Plaza de El Salvador.<\/p>\n<p>3.- Club Matagrande.<\/p>\n<p>Camino de la Matagrande, s\/n.<\/p>\n<p>4.- Asociaci\u00f3n de Vecinos Puerta del Agua \u2013 El Carmen.<\/p>\n<p>C\/ R\u00edo, 33 bajo.<\/p>\n<p>5.- Cofrad\u00eda Nuestro Padre Jes\u00fas del Rescate.<\/p>\n<p>C\/ Porter\u00edas.<\/p>\n<p>6.- Hermanitas de los Pobres.<\/p>\n<p>Residencia de las Hermanitas. Carretera de Granada, s\/n.<\/p>\n<p>7.- Asociaci\u00f3n de Vecinos Puerta de Granada \u2013 Barriada Los Remedios.<\/p>\n<p>C\/ Granada (frente a gasolinera Los D\u00f3lmenes).<\/p>\n<p>8.- AMPA El Torcal. CEIP Veracruz.<\/p>\n<p>Colegio Veracruz.<\/p>\n<p>9.- AMPA Nuestra Se\u00f1ora de Loreto.<\/p>\n<p>Interior del Colegio Nuestra Se\u00f1ora del Loreto (Las Recoletas).<\/p>\n<p>10.- AMPA \u00abLa Calzada\u00bb. CEIP Romero Robledo.<\/p>\n<p>Interior del Colegio Romero Robledo. C\/ Calzada, 39.<\/p>\n<p>11.- Asociaci\u00f3n de Vecinos Las Lagunillas.<\/p>\n<p>Colegio P\u00fablico Rural Las Lagunillas.<\/p>\n<p>12.- Asociaci\u00f3n Virgen de F\u00e1tima de Ca\u00f1adas de Pareja.<\/p>\n<p>Plaza de Andaluc\u00eda \u2013 Ca\u00f1adas de Pareja.<\/p>\n<p>13.- Centro de Educaci\u00f3n de Adultos Mar\u00eda Zambrano de Bobadilla Estaci\u00f3n.<\/p>\n<p>C\/ Manuel Granados (Rinc\u00f3n del Pozo) de Bobadilla Estaci\u00f3n.<\/p>\n<p>14.- Asociaci\u00f3n de Mujeres Germinar, de Bobadilla Estaci\u00f3n.<\/p>\n<p>C\/ San Isidro, 37 \u2013 Bobadilla Estaci\u00f3n.<\/p>\n<p>15.- AMPA CEIP F\u00e9liz Rodr\u00edguez de la Fuente de Bobadilla Estaci\u00f3n.<\/p>\n<p>Plaza On\u00e9simo Redondo, s\/n. Bobadilla Estaci\u00f3n.<\/p>\n<p>COFRAD\u00cdAS Y ENTIDADES RELIGIOSAS<\/p>\n<p>1.- Junta Joven de la Cofrad\u00eda del Consuelo.<\/p>\n<p>Puerta de la Iglesia de San Pedro.<\/p>\n<p>2.- Cofrad\u00eda Los Estudiantes.<\/p>\n<p>Patio de la iglesia de San Francisco.<\/p>\n<p>3.- Parroquia El Salvador.<\/p>\n<p>Ermita del Se\u00f1or de la Ver\u00f3nica.<\/p>\n","protected":false},"excerpt":{"rendered":"<p>Un total de veinte participantes se han inscrito en el XV Concurso Popular de Cruces de Mayo, organizado por la Fundaci\u00f3n Municipal de Cultura. Quince de ellos lo han hecho en la categor\u00eda de Asociaciones y Entidades, tres en Cofrad\u00edas y Entidades Religiosas y dos en Escaparates.<\/p>\n","protected":false},"author":5,"featured_media":0,"comment_status":"open","ping_status":"open","sticky":false,"template":"","format":"standard","meta":{"footnotes":""},"categories":[1],"tags":[],"class_list":["post-647","post","type-post","status-publish","format-standard","hentry","category-general","masonry-post","generate-columns","tablet-grid-50","mobile-grid-100","grid-parent","grid-33"],"yoast_head":"<!-- This site is optimized with the Yoast SEO plugin v25.9 - https:\/\/yoast.com\/wordpress\/plugins\/seo\/ -->\n<title>XV Concurso de Cruces de Mayo de Antequera<\/title>\n<meta name=\"robots\" content=\"index, follow, max-snippet:-1, max-image-preview:large, max-video-preview:-1\" \/>\n<link rel=\"canonical\" href=\"https:\/\/miguelmoreno.org\/blog\/xv-concurso-de-cruces-de-mayo-de-atequera\/\" \/>\n<meta name=\"twitter:label1\" content=\"Escrito por\" \/>\n\t<meta name=\"twitter:data1\" content=\"Se llama copla\" \/>\n\t<meta name=\"twitter:label2\" content=\"Tiempo de lectura\" \/>\n\t<meta name=\"twitter:data2\" content=\"2 minutos\" \/>\n<script type=\"application\/ld+json\" class=\"yoast-schema-graph\">{\"@context\":\"https:\/\/schema.org\",\"@graph\":[{\"@type\":\"WebPage\",\"@id\":\"https:\/\/miguelmoreno.org\/blog\/xv-concurso-de-cruces-de-mayo-de-atequera\/\",\"url\":\"https:\/\/miguelmoreno.org\/blog\/xv-concurso-de-cruces-de-mayo-de-atequera\/\",\"name\":\"XV Concurso de Cruces de Mayo de Antequera\",\"isPartOf\":{\"@id\":\"https:\/\/miguelmoreno.org\/blog\/#website\"},\"datePublished\":\"2007-04-29T18:29:48+00:00\",\"dateModified\":\"2008-04-13T08:43:07+00:00\",\"author\":{\"@id\":\"https:\/\/miguelmoreno.org\/blog\/#\/schema\/person\/cde8639f19077551d0d59650a04b23d5\"},\"breadcrumb\":{\"@id\":\"https:\/\/miguelmoreno.org\/blog\/xv-concurso-de-cruces-de-mayo-de-atequera\/#breadcrumb\"},\"inLanguage\":\"es\",\"potentialAction\":[{\"@type\":\"ReadAction\",\"target\":[\"https:\/\/miguelmoreno.org\/blog\/xv-concurso-de-cruces-de-mayo-de-atequera\/\"]}]},{\"@type\":\"BreadcrumbList\",\"@id\":\"https:\/\/miguelmoreno.org\/blog\/xv-concurso-de-cruces-de-mayo-de-atequera\/#breadcrumb\",\"itemListElement\":[{\"@type\":\"ListItem\",\"position\":1,\"name\":\"Portada\",\"item\":\"https:\/\/miguelmoreno.org\/blog\/\"},{\"@type\":\"ListItem\",\"position\":2,\"name\":\"XV Concurso de Cruces de Mayo de Antequera\"}]},{\"@type\":\"WebSite\",\"@id\":\"https:\/\/miguelmoreno.org\/blog\/#website\",\"url\":\"https:\/\/miguelmoreno.org\/blog\/\",\"name\":\"El Blog del Sur\",\"description\":\"Cultura, conciertos, ferias, coplas...\",\"potentialAction\":[{\"@type\":\"SearchAction\",\"target\":{\"@type\":\"EntryPoint\",\"urlTemplate\":\"https:\/\/miguelmoreno.org\/blog\/?s={search_term_string}\"},\"query-input\":{\"@type\":\"PropertyValueSpecification\",\"valueRequired\":true,\"valueName\":\"search_term_string\"}}],\"inLanguage\":\"es\"},{\"@type\":\"Person\",\"@id\":\"https:\/\/miguelmoreno.org\/blog\/#\/schema\/person\/cde8639f19077551d0d59650a04b23d5\",\"name\":\"Se llama copla\",\"sameAs\":[\"https:\/\/miguelmoreno.org\/blog\",\"https:\/\/x.com\/coplasandalucia\"]}]}<\/script>\n<!-- \/ Yoast SEO plugin. -->","yoast_head_json":{"title":"XV Concurso de Cruces de Mayo de Antequera","robots":{"index":"index","follow":"follow","max-snippet":"max-snippet:-1","max-image-preview":"max-image-preview:large","max-video-preview":"max-video-preview:-1"},"canonical":"https:\/\/miguelmoreno.org\/blog\/xv-concurso-de-cruces-de-mayo-de-atequera\/","twitter_misc":{"Escrito por":"Se llama copla","Tiempo de lectura":"2 minutos"},"schema":{"@context":"https:\/\/schema.org","@graph":[{"@type":"WebPage","@id":"https:\/\/miguelmoreno.org\/blog\/xv-concurso-de-cruces-de-mayo-de-atequera\/","url":"https:\/\/miguelmoreno.org\/blog\/xv-concurso-de-cruces-de-mayo-de-atequera\/","name":"XV Concurso de Cruces de Mayo de Antequera","isPartOf":{"@id":"https:\/\/miguelmoreno.org\/blog\/#website"},"datePublished":"2007-04-29T18:29:48+00:00","dateModified":"2008-04-13T08:43:07+00:00","author":{"@id":"https:\/\/miguelmoreno.org\/blog\/#\/schema\/person\/cde8639f19077551d0d59650a04b23d5"},"breadcrumb":{"@id":"https:\/\/miguelmoreno.org\/blog\/xv-concurso-de-cruces-de-mayo-de-atequera\/#breadcrumb"},"inLanguage":"es","potentialAction":[{"@type":"ReadAction","target":["https:\/\/miguelmoreno.org\/blog\/xv-concurso-de-cruces-de-mayo-de-atequera\/"]}]},{"@type":"BreadcrumbList","@id":"https:\/\/miguelmoreno.org\/blog\/xv-concurso-de-cruces-de-mayo-de-atequera\/#breadcrumb","itemListElement":[{"@type":"ListItem","position":1,"name":"Portada","item":"https:\/\/miguelmoreno.org\/blog\/"},{"@type":"ListItem","position":2,"name":"XV Concurso de Cruces de Mayo de Antequera"}]},{"@type":"WebSite","@id":"https:\/\/miguelmoreno.org\/blog\/#website","url":"https:\/\/miguelmoreno.org\/blog\/","name":"El Blog del Sur","description":"Cultura, conciertos, ferias, coplas...","potentialAction":[{"@type":"SearchAction","target":{"@type":"EntryPoint","urlTemplate":"https:\/\/miguelmoreno.org\/blog\/?s={search_term_string}"},"query-input":{"@type":"PropertyValueSpecification","valueRequired":true,"valueName":"search_term_string"}}],"inLanguage":"es"},{"@type":"Person","@id":"https:\/\/miguelmoreno.org\/blog\/#\/schema\/person\/cde8639f19077551d0d59650a04b23d5","name":"Se llama copla","sameAs":["https:\/\/miguelmoreno.org\/blog","https:\/\/x.com\/coplasandalucia"]}]}},"_links":{"self":[{"href":"https:\/\/miguelmoreno.org\/blog\/wp-json\/wp\/v2\/posts\/647","targetHints":{"allow":["GET"]}}],"collection":[{"href":"https:\/\/miguelmoreno.org\/blog\/wp-json\/wp\/v2\/posts"}],"about":[{"href":"https:\/\/miguelmoreno.org\/blog\/wp-json\/wp\/v2\/types\/post"}],"author":[{"embeddable":true,"href":"https:\/\/miguelmoreno.org\/blog\/wp-json\/wp\/v2\/users\/5"}],"replies":[{"embeddable":true,"href":"https:\/\/miguelmoreno.org\/blog\/wp-json\/wp\/v2\/comments?post=647"}],"version-history":[{"count":0,"href":"https:\/\/miguelmoreno.org\/blog\/wp-json\/wp\/v2\/posts\/647\/revisions"}],"wp:attachment":[{"href":"https:\/\/miguelmoreno.org\/blog\/wp-json\/wp\/v2\/media?parent=647"}],"wp:term":[{"taxonomy":"category","embeddable":true,"href":"https:\/\/miguelmoreno.org\/blog\/wp-json\/wp\/v2\/categories?post=647"},{"taxonomy":"post_tag","embeddable":true,"href":"https:\/\/miguelmoreno.org\/blog\/wp-json\/wp\/v2\/tags?post=647"}],"curies":[{"name":"wp","href":"https:\/\/api.w.org\/{rel}","templated":true}]}}