{"id":665,"date":"2007-05-03T00:59:01","date_gmt":"2007-05-02T22:59:01","guid":{"rendered":"http:\/\/www.miguelmoreno.org\/blog\/alhaurin-de-la-torre-ciudad-intercultural\/"},"modified":"2015-06-03T13:35:51","modified_gmt":"2015-06-03T11:35:51","slug":"alhaurin-de-la-torre-ciudad-intercultural","status":"publish","type":"post","link":"https:\/\/miguelmoreno.org\/blog\/alhaurin-de-la-torre-ciudad-intercultural\/","title":{"rendered":"Alhaur\u00edn de la Torre Ciudad Intercultural"},"content":{"rendered":"<div align=\"left\">El municipio acoge del 11 al 13 de mayo una muestra de los productos y tradiciones de casi 10 pa\u00edses<\/div>\n<p>Un encuentro de culturas para potenciar la integraci\u00f3n y la difusi\u00f3n de las tradiciones y productos de los pa\u00edses m\u00e1s diversos. Este es el objetivo del programa \u201cAlhaur\u00edn de la Torre Ciudad Intercultural\u201d, que se celebrar\u00e1 desde el d\u00eda 11 al 13 de mayo y que organiza por segundo a\u00f1o consecutivo la concejal\u00eda de Turismo del Ayuntamiento.<\/p>\n<p><!--more-->El lugar escogido para albergar este encuentro ser\u00e1 el mismo del pasado a\u00f1o la avenida Crist\u00f3bal Col\u00f3n, frente a jardines de Alhaur\u00edn, donde se instalar\u00e1n unos 30 expositores y se desarrollar\u00e1n numerosas actividades en un ambiente muy festivo.<\/p>\n<p>En esta segunda edici\u00f3n de Alhaur\u00edn Intercultural, participar\u00e1n pa\u00edses como Argentina, Francia, Brasil, Colombia, Venezuela, Cuba, M\u00e9jico y, por supuesto, Espa\u00f1a, entre otros. Todos ellos mostrar\u00e1n los productos t\u00edpicos de cada regi\u00f3n, que variar\u00e1n desde art\u00edculos de decoraci\u00f3n hasta los mejores platos tradicionales de estos lugares. Adem\u00e1s habr\u00e1 numerosos expositores dedicados a la artesan\u00eda en los que se podr\u00e1n adquirir todo tipo de objetos de cer\u00e1mica, plater\u00eda o art\u00edculos hechos a partir de productos naturales como el aloe vera.<br \/>\n<!--more--><br \/>\nLa asistencia ciudadana de la primera edici\u00f3n, en la que fueron muchos los vecinos que se acercaron a los puestos y en las actividades programadas, se espera que se repita a partir del viernes 11 de mayo que se abrir\u00e1 el encuentro a las siete de la tarde. Adem\u00e1s en esta ocasi\u00f3n la m\u00fasica cobra protagonismo con la participaci\u00f3n de numerosos grupos musicales de estilos muy variados, que actuar\u00e1n cada noche. Los primeros en animar a los visitantes ser\u00e1 el Cuadro  Flamenco de la Lupi, que saldr\u00e1 al escenario a las 21:00 horas del viernes y Batakumtum, que pondr\u00e1 todo el ritmo al encuentro con su m\u00fasica popular brasile\u00f1a a partir de las 23:00 horas. El s\u00e1bado le tocar\u00e1 el turno a la fusi\u00f3n con el ritmo cubano de Los Locos de la Habana (21:00 h) y Habana Public (23:00 h), mientras que el domingo ser\u00e1 la actuaci\u00f3n del Grupo de Baile de la Asociaci\u00f3n Argentina de Alhaur\u00edn de la Torre (20:30 h), para dar paso al grupo malague\u00f1o Free Soul Band (21:00 h) y Furula (22:00 h). A todo ello habr\u00e1 que sumarle las actividades de animaci\u00f3n infantil, como pinturas de caras o globoflexia, que tendr\u00e1n lugar todos los d\u00edas en el espacio destinado a este evento festivo.<\/p>\n<p>(fuente ayto de Alhaurin de la Torre)<\/p>\n","protected":false},"excerpt":{"rendered":"<p>El municipio acoge del 11 al 13 de mayo una muestra de los productos y tradiciones de casi 10 pa\u00edses Un encuentro de culturas para potenciar la integraci\u00f3n y la difusi\u00f3n de las tradiciones y productos de los pa\u00edses m\u00e1s diversos. Este es el objetivo del programa \u201cAlhaur\u00edn de la Torre Ciudad Intercultural\u201d, que se &#8230; <\/p>\n<p class=\"read-more-container\"><a title=\"Alhaur\u00edn de la Torre Ciudad Intercultural\" class=\"read-more button\" href=\"https:\/\/miguelmoreno.org\/blog\/alhaurin-de-la-torre-ciudad-intercultural\/#more-665\" aria-label=\"Leer m\u00e1s sobre Alhaur\u00edn de la Torre Ciudad Intercultural\">M\u00e1s informaci\u00f3n<\/a><\/p>\n","protected":false},"author":5,"featured_media":0,"comment_status":"open","ping_status":"open","sticky":false,"template":"","format":"standard","meta":{"footnotes":""},"categories":[12],"tags":[2],"class_list":["post-665","post","type-post","status-publish","format-standard","hentry","category-malaga","tag-arte-y-cultura","masonry-post","generate-columns","tablet-grid-50","mobile-grid-100","grid-parent","grid-33"],"yoast_head":"<!-- This site is optimized with the Yoast SEO plugin v25.9 - https:\/\/yoast.com\/wordpress\/plugins\/seo\/ -->\n<title>Alhaur\u00edn de la Torre Ciudad Intercultural<\/title>\n<meta name=\"robots\" content=\"index, follow, max-snippet:-1, max-image-preview:large, max-video-preview:-1\" \/>\n<link rel=\"canonical\" href=\"https:\/\/miguelmoreno.org\/blog\/alhaurin-de-la-torre-ciudad-intercultural\/\" \/>\n<meta name=\"twitter:label1\" content=\"Escrito por\" \/>\n\t<meta name=\"twitter:data1\" content=\"Se llama copla\" \/>\n\t<meta name=\"twitter:label2\" content=\"Tiempo de lectura\" \/>\n\t<meta name=\"twitter:data2\" content=\"2 minutos\" \/>\n<script type=\"application\/ld+json\" class=\"yoast-schema-graph\">{\"@context\":\"https:\/\/schema.org\",\"@graph\":[{\"@type\":\"WebPage\",\"@id\":\"https:\/\/miguelmoreno.org\/blog\/alhaurin-de-la-torre-ciudad-intercultural\/\",\"url\":\"https:\/\/miguelmoreno.org\/blog\/alhaurin-de-la-torre-ciudad-intercultural\/\",\"name\":\"Alhaur\u00edn de la Torre Ciudad Intercultural\",\"isPartOf\":{\"@id\":\"https:\/\/miguelmoreno.org\/blog\/#website\"},\"datePublished\":\"2007-05-02T22:59:01+00:00\",\"dateModified\":\"2015-06-03T11:35:51+00:00\",\"author\":{\"@id\":\"https:\/\/miguelmoreno.org\/blog\/#\/schema\/person\/cde8639f19077551d0d59650a04b23d5\"},\"breadcrumb\":{\"@id\":\"https:\/\/miguelmoreno.org\/blog\/alhaurin-de-la-torre-ciudad-intercultural\/#breadcrumb\"},\"inLanguage\":\"es\",\"potentialAction\":[{\"@type\":\"ReadAction\",\"target\":[\"https:\/\/miguelmoreno.org\/blog\/alhaurin-de-la-torre-ciudad-intercultural\/\"]}]},{\"@type\":\"BreadcrumbList\",\"@id\":\"https:\/\/miguelmoreno.org\/blog\/alhaurin-de-la-torre-ciudad-intercultural\/#breadcrumb\",\"itemListElement\":[{\"@type\":\"ListItem\",\"position\":1,\"name\":\"Portada\",\"item\":\"https:\/\/miguelmoreno.org\/blog\/\"},{\"@type\":\"ListItem\",\"position\":2,\"name\":\"Alhaur\u00edn de la Torre Ciudad Intercultural\"}]},{\"@type\":\"WebSite\",\"@id\":\"https:\/\/miguelmoreno.org\/blog\/#website\",\"url\":\"https:\/\/miguelmoreno.org\/blog\/\",\"name\":\"El Blog del Sur\",\"description\":\"Cultura, conciertos, ferias, coplas...\",\"potentialAction\":[{\"@type\":\"SearchAction\",\"target\":{\"@type\":\"EntryPoint\",\"urlTemplate\":\"https:\/\/miguelmoreno.org\/blog\/?s={search_term_string}\"},\"query-input\":{\"@type\":\"PropertyValueSpecification\",\"valueRequired\":true,\"valueName\":\"search_term_string\"}}],\"inLanguage\":\"es\"},{\"@type\":\"Person\",\"@id\":\"https:\/\/miguelmoreno.org\/blog\/#\/schema\/person\/cde8639f19077551d0d59650a04b23d5\",\"name\":\"Se llama copla\",\"sameAs\":[\"https:\/\/miguelmoreno.org\/blog\",\"https:\/\/x.com\/coplasandalucia\"]}]}<\/script>\n<!-- \/ Yoast SEO plugin. -->","yoast_head_json":{"title":"Alhaur\u00edn de la Torre Ciudad Intercultural","robots":{"index":"index","follow":"follow","max-snippet":"max-snippet:-1","max-image-preview":"max-image-preview:large","max-video-preview":"max-video-preview:-1"},"canonical":"https:\/\/miguelmoreno.org\/blog\/alhaurin-de-la-torre-ciudad-intercultural\/","twitter_misc":{"Escrito por":"Se llama copla","Tiempo de lectura":"2 minutos"},"schema":{"@context":"https:\/\/schema.org","@graph":[{"@type":"WebPage","@id":"https:\/\/miguelmoreno.org\/blog\/alhaurin-de-la-torre-ciudad-intercultural\/","url":"https:\/\/miguelmoreno.org\/blog\/alhaurin-de-la-torre-ciudad-intercultural\/","name":"Alhaur\u00edn de la Torre Ciudad Intercultural","isPartOf":{"@id":"https:\/\/miguelmoreno.org\/blog\/#website"},"datePublished":"2007-05-02T22:59:01+00:00","dateModified":"2015-06-03T11:35:51+00:00","author":{"@id":"https:\/\/miguelmoreno.org\/blog\/#\/schema\/person\/cde8639f19077551d0d59650a04b23d5"},"breadcrumb":{"@id":"https:\/\/miguelmoreno.org\/blog\/alhaurin-de-la-torre-ciudad-intercultural\/#breadcrumb"},"inLanguage":"es","potentialAction":[{"@type":"ReadAction","target":["https:\/\/miguelmoreno.org\/blog\/alhaurin-de-la-torre-ciudad-intercultural\/"]}]},{"@type":"BreadcrumbList","@id":"https:\/\/miguelmoreno.org\/blog\/alhaurin-de-la-torre-ciudad-intercultural\/#breadcrumb","itemListElement":[{"@type":"ListItem","position":1,"name":"Portada","item":"https:\/\/miguelmoreno.org\/blog\/"},{"@type":"ListItem","position":2,"name":"Alhaur\u00edn de la Torre Ciudad Intercultural"}]},{"@type":"WebSite","@id":"https:\/\/miguelmoreno.org\/blog\/#website","url":"https:\/\/miguelmoreno.org\/blog\/","name":"El Blog del Sur","description":"Cultura, conciertos, ferias, coplas...","potentialAction":[{"@type":"SearchAction","target":{"@type":"EntryPoint","urlTemplate":"https:\/\/miguelmoreno.org\/blog\/?s={search_term_string}"},"query-input":{"@type":"PropertyValueSpecification","valueRequired":true,"valueName":"search_term_string"}}],"inLanguage":"es"},{"@type":"Person","@id":"https:\/\/miguelmoreno.org\/blog\/#\/schema\/person\/cde8639f19077551d0d59650a04b23d5","name":"Se llama copla","sameAs":["https:\/\/miguelmoreno.org\/blog","https:\/\/x.com\/coplasandalucia"]}]}},"_links":{"self":[{"href":"https:\/\/miguelmoreno.org\/blog\/wp-json\/wp\/v2\/posts\/665","targetHints":{"allow":["GET"]}}],"collection":[{"href":"https:\/\/miguelmoreno.org\/blog\/wp-json\/wp\/v2\/posts"}],"about":[{"href":"https:\/\/miguelmoreno.org\/blog\/wp-json\/wp\/v2\/types\/post"}],"author":[{"embeddable":true,"href":"https:\/\/miguelmoreno.org\/blog\/wp-json\/wp\/v2\/users\/5"}],"replies":[{"embeddable":true,"href":"https:\/\/miguelmoreno.org\/blog\/wp-json\/wp\/v2\/comments?post=665"}],"version-history":[{"count":0,"href":"https:\/\/miguelmoreno.org\/blog\/wp-json\/wp\/v2\/posts\/665\/revisions"}],"wp:attachment":[{"href":"https:\/\/miguelmoreno.org\/blog\/wp-json\/wp\/v2\/media?parent=665"}],"wp:term":[{"taxonomy":"category","embeddable":true,"href":"https:\/\/miguelmoreno.org\/blog\/wp-json\/wp\/v2\/categories?post=665"},{"taxonomy":"post_tag","embeddable":true,"href":"https:\/\/miguelmoreno.org\/blog\/wp-json\/wp\/v2\/tags?post=665"}],"curies":[{"name":"wp","href":"https:\/\/api.w.org\/{rel}","templated":true}]}}