{"id":6815,"date":"2012-06-12T17:17:15","date_gmt":"2012-06-12T17:17:15","guid":{"rendered":"http:\/\/www.andalucia-turismo.org\/?p=25"},"modified":"2012-06-12T17:17:15","modified_gmt":"2012-06-12T17:17:15","slug":"feria-chica-de-iznajar-2012","status":"publish","type":"post","link":"https:\/\/miguelmoreno.org\/blog\/feria-chica-de-iznajar-2012\/","title":{"rendered":"Feria Chica de Iznajar 2012"},"content":{"rendered":"<p><!--more-->JUEVES D\u00cdA 14<\/p>\n<p>EL RECINTO FERIAL PERMANECER\u00c1 ABIERTO DURANTE ESTA TARDE Y NOCHE, SIENDO EL PRECIO DE LOS CACHARROS M\u00c1S BARATO.<\/p>\n<p>&nbsp;<\/p>\n<p>VIERNES D\u00cdA 15<\/p>\n<p>18:00 H. DIVERTIDAS CUCA\u00d1AS EN LA PLAZA NUEVA: JUEGOS PARA LOS M\u00c1S PEQUE\u00d1OS Y PREMIOS PARA LOS GANADORES.<\/p>\n<p>22:00 H. INAUGURACI\u00d3N DE LA CASETA MUNICIPAL, CON LA ACTUACI\u00d3N DE FRANK BRAVO AND COCONUT BAND<\/p>\n<p>&nbsp;<\/p>\n<p>SABADO D\u00cdA 16<\/p>\n<p>13:00 H. PASACALLES Y CONCIERTO EN LA PLAZA DE SAN JOS\u00c9 A CARGO DE LA BANDA MUNICIPAL DE M\u00daSICA DE IZN\u00c1JAR.<\/p>\n<p>19:00 H. PASACALLES DE GIGANTES Y CABEZUDOS ACOMPA\u00d1ADOS POR LA BANDA DE CORNETAS Y TAMBORES LOS ROMANOS DE IZN\u00c1JAR.<\/p>\n<p>22:00 H. GRAN VERBENA EN LA CASETA MUNICIPAL, CON LA ACTUACI\u00d3N DE FRANK BRAVO AND COCONUT BAND<\/p>\n<p>&nbsp;<\/p>\n<p>DOMINGO D\u00cdA 17<\/p>\n<p>17:00 H. DIVERTIDO PARQUE INFANTIL PARA LOS M\u00c1S PEQUE\u00d1OS EN LAS PISTAS DE LAS ESCUELAS DEL CALVARIO. CASTILLOS HINCHABLES, FIESTA DE LA ESPUMA, PISTAS DE KARTS, B\u00daFALO, Y ACTUACI\u00d3N DE LOS PAYASOS NARIZOTAS<\/p>\n<p>22:00 H. GRAN VERBENA AMENIZADA POR LA ORQUESTA MAMBO SWING CLUB.<\/p>\n","protected":false},"excerpt":{"rendered":"","protected":false},"author":5,"featured_media":0,"comment_status":"open","ping_status":"open","sticky":false,"template":"","format":"standard","meta":{"footnotes":""},"categories":[1],"tags":[1503,202],"class_list":["post-6815","post","type-post","status-publish","format-standard","hentry","category-general","tag-cordoba","tag-feria","masonry-post","generate-columns","tablet-grid-50","mobile-grid-100","grid-parent","grid-33"],"yoast_head":"<!-- This site is optimized with the Yoast SEO plugin v25.9 - https:\/\/yoast.com\/wordpress\/plugins\/seo\/ -->\n<title>Feria Chica de Iznajar 2012<\/title>\n<meta name=\"robots\" content=\"index, follow, max-snippet:-1, max-image-preview:large, max-video-preview:-1\" \/>\n<link rel=\"canonical\" href=\"https:\/\/miguelmoreno.org\/blog\/feria-chica-de-iznajar-2012\/\" \/>\n<meta name=\"twitter:label1\" content=\"Escrito por\" \/>\n\t<meta name=\"twitter:data1\" content=\"Se llama copla\" \/>\n\t<meta name=\"twitter:label2\" content=\"Tiempo de lectura\" \/>\n\t<meta name=\"twitter:data2\" content=\"1 minuto\" \/>\n<script type=\"application\/ld+json\" class=\"yoast-schema-graph\">{\"@context\":\"https:\/\/schema.org\",\"@graph\":[{\"@type\":\"WebPage\",\"@id\":\"https:\/\/miguelmoreno.org\/blog\/feria-chica-de-iznajar-2012\/\",\"url\":\"https:\/\/miguelmoreno.org\/blog\/feria-chica-de-iznajar-2012\/\",\"name\":\"Feria Chica de Iznajar 2012\",\"isPartOf\":{\"@id\":\"https:\/\/miguelmoreno.org\/blog\/#website\"},\"datePublished\":\"2012-06-12T17:17:15+00:00\",\"author\":{\"@id\":\"https:\/\/miguelmoreno.org\/blog\/#\/schema\/person\/cde8639f19077551d0d59650a04b23d5\"},\"breadcrumb\":{\"@id\":\"https:\/\/miguelmoreno.org\/blog\/feria-chica-de-iznajar-2012\/#breadcrumb\"},\"inLanguage\":\"es\",\"potentialAction\":[{\"@type\":\"ReadAction\",\"target\":[\"https:\/\/miguelmoreno.org\/blog\/feria-chica-de-iznajar-2012\/\"]}]},{\"@type\":\"BreadcrumbList\",\"@id\":\"https:\/\/miguelmoreno.org\/blog\/feria-chica-de-iznajar-2012\/#breadcrumb\",\"itemListElement\":[{\"@type\":\"ListItem\",\"position\":1,\"name\":\"Portada\",\"item\":\"https:\/\/miguelmoreno.org\/blog\/\"},{\"@type\":\"ListItem\",\"position\":2,\"name\":\"Feria Chica de Iznajar 2012\"}]},{\"@type\":\"WebSite\",\"@id\":\"https:\/\/miguelmoreno.org\/blog\/#website\",\"url\":\"https:\/\/miguelmoreno.org\/blog\/\",\"name\":\"El Blog del Sur\",\"description\":\"Cultura, conciertos, ferias, coplas...\",\"potentialAction\":[{\"@type\":\"SearchAction\",\"target\":{\"@type\":\"EntryPoint\",\"urlTemplate\":\"https:\/\/miguelmoreno.org\/blog\/?s={search_term_string}\"},\"query-input\":{\"@type\":\"PropertyValueSpecification\",\"valueRequired\":true,\"valueName\":\"search_term_string\"}}],\"inLanguage\":\"es\"},{\"@type\":\"Person\",\"@id\":\"https:\/\/miguelmoreno.org\/blog\/#\/schema\/person\/cde8639f19077551d0d59650a04b23d5\",\"name\":\"Se llama copla\",\"sameAs\":[\"https:\/\/miguelmoreno.org\/blog\",\"https:\/\/x.com\/coplasandalucia\"]}]}<\/script>\n<!-- \/ Yoast SEO plugin. -->","yoast_head_json":{"title":"Feria Chica de Iznajar 2012","robots":{"index":"index","follow":"follow","max-snippet":"max-snippet:-1","max-image-preview":"max-image-preview:large","max-video-preview":"max-video-preview:-1"},"canonical":"https:\/\/miguelmoreno.org\/blog\/feria-chica-de-iznajar-2012\/","twitter_misc":{"Escrito por":"Se llama copla","Tiempo de lectura":"1 minuto"},"schema":{"@context":"https:\/\/schema.org","@graph":[{"@type":"WebPage","@id":"https:\/\/miguelmoreno.org\/blog\/feria-chica-de-iznajar-2012\/","url":"https:\/\/miguelmoreno.org\/blog\/feria-chica-de-iznajar-2012\/","name":"Feria Chica de Iznajar 2012","isPartOf":{"@id":"https:\/\/miguelmoreno.org\/blog\/#website"},"datePublished":"2012-06-12T17:17:15+00:00","author":{"@id":"https:\/\/miguelmoreno.org\/blog\/#\/schema\/person\/cde8639f19077551d0d59650a04b23d5"},"breadcrumb":{"@id":"https:\/\/miguelmoreno.org\/blog\/feria-chica-de-iznajar-2012\/#breadcrumb"},"inLanguage":"es","potentialAction":[{"@type":"ReadAction","target":["https:\/\/miguelmoreno.org\/blog\/feria-chica-de-iznajar-2012\/"]}]},{"@type":"BreadcrumbList","@id":"https:\/\/miguelmoreno.org\/blog\/feria-chica-de-iznajar-2012\/#breadcrumb","itemListElement":[{"@type":"ListItem","position":1,"name":"Portada","item":"https:\/\/miguelmoreno.org\/blog\/"},{"@type":"ListItem","position":2,"name":"Feria Chica de Iznajar 2012"}]},{"@type":"WebSite","@id":"https:\/\/miguelmoreno.org\/blog\/#website","url":"https:\/\/miguelmoreno.org\/blog\/","name":"El Blog del Sur","description":"Cultura, conciertos, ferias, coplas...","potentialAction":[{"@type":"SearchAction","target":{"@type":"EntryPoint","urlTemplate":"https:\/\/miguelmoreno.org\/blog\/?s={search_term_string}"},"query-input":{"@type":"PropertyValueSpecification","valueRequired":true,"valueName":"search_term_string"}}],"inLanguage":"es"},{"@type":"Person","@id":"https:\/\/miguelmoreno.org\/blog\/#\/schema\/person\/cde8639f19077551d0d59650a04b23d5","name":"Se llama copla","sameAs":["https:\/\/miguelmoreno.org\/blog","https:\/\/x.com\/coplasandalucia"]}]}},"_links":{"self":[{"href":"https:\/\/miguelmoreno.org\/blog\/wp-json\/wp\/v2\/posts\/6815","targetHints":{"allow":["GET"]}}],"collection":[{"href":"https:\/\/miguelmoreno.org\/blog\/wp-json\/wp\/v2\/posts"}],"about":[{"href":"https:\/\/miguelmoreno.org\/blog\/wp-json\/wp\/v2\/types\/post"}],"author":[{"embeddable":true,"href":"https:\/\/miguelmoreno.org\/blog\/wp-json\/wp\/v2\/users\/5"}],"replies":[{"embeddable":true,"href":"https:\/\/miguelmoreno.org\/blog\/wp-json\/wp\/v2\/comments?post=6815"}],"version-history":[{"count":0,"href":"https:\/\/miguelmoreno.org\/blog\/wp-json\/wp\/v2\/posts\/6815\/revisions"}],"wp:attachment":[{"href":"https:\/\/miguelmoreno.org\/blog\/wp-json\/wp\/v2\/media?parent=6815"}],"wp:term":[{"taxonomy":"category","embeddable":true,"href":"https:\/\/miguelmoreno.org\/blog\/wp-json\/wp\/v2\/categories?post=6815"},{"taxonomy":"post_tag","embeddable":true,"href":"https:\/\/miguelmoreno.org\/blog\/wp-json\/wp\/v2\/tags?post=6815"}],"curies":[{"name":"wp","href":"https:\/\/api.w.org\/{rel}","templated":true}]}}