{"id":6846,"date":"2013-04-19T13:26:28","date_gmt":"2013-04-19T11:26:28","guid":{"rendered":"http:\/\/www.miguelmoreno.org\/blog\/?p=6846"},"modified":"2015-06-04T08:36:56","modified_gmt":"2015-06-04T06:36:56","slug":"fiesta-de-los-patios-de-cordoba-2013","status":"publish","type":"post","link":"https:\/\/miguelmoreno.org\/blog\/fiesta-de-los-patios-de-cordoba-2013\/","title":{"rendered":"Fiesta de los Patios de Cordoba 2013"},"content":{"rendered":"<figure id=\"attachment_6847\" aria-describedby=\"caption-attachment-6847\" style=\"width: 399px\" class=\"wp-caption alignleft\"><a href=\"https:\/\/www.miguelmoreno.org\/blog\/tag\/cordoba\/\"><img loading=\"lazy\" decoding=\"async\" src=\"https:\/\/www.miguelmoreno.org\/blog\/wp-content\/uploads\/2013\/04\/fiesta_patios_cordoba_2013.jpg\" alt=\"Fiesta de los Patios de Cordoba 2013\" width=\"409\" height=\"576\" class=\"size-full wp-image-6847\" srcset=\"https:\/\/miguelmoreno.org\/blog\/wp-content\/uploads\/2013\/04\/fiesta_patios_cordoba_2013.jpg 409w, https:\/\/miguelmoreno.org\/blog\/wp-content\/uploads\/2013\/04\/fiesta_patios_cordoba_2013-213x300.jpg 213w\" sizes=\"auto, (max-width: 409px) 100vw, 409px\" \/><\/a><figcaption id=\"caption-attachment-6847\" class=\"wp-caption-text\">Fiesta de los Patios de Cordoba 2013<\/figcaption><\/figure>\n<p>Del 8 al 19 de mayo de 2013<\/p>\n<p>Este a\u00f1o se ha decidido que el acceso a los patios de la fiesta, durante los dos fines de semana de celebraci\u00f3n, sea necesario adquirir un pase gratuito. Reserva tu pase aqu\u00ed.<\/p>\n<p>M\u00e1s informaci\u00f3n en\u00a0<a href=\"http:\/\/patios.cordoba.es\/\">patios.cordoba.es<\/a><\/p>\n","protected":false},"excerpt":{"rendered":"<p>Del 8 al 19 de mayo de 2013 Este a\u00f1o se ha decidido que el acceso a los patios de la fiesta, durante los dos fines de semana de celebraci\u00f3n, sea necesario adquirir un pase gratuito. Reserva tu pase aqu\u00ed. M\u00e1s informaci\u00f3n en\u00a0patios.cordoba.es<\/p>\n","protected":false},"author":5,"featured_media":0,"comment_status":"open","ping_status":"open","sticky":false,"template":"","format":"standard","meta":{"footnotes":""},"categories":[1],"tags":[1503],"class_list":["post-6846","post","type-post","status-publish","format-standard","hentry","category-general","tag-cordoba","masonry-post","generate-columns","tablet-grid-50","mobile-grid-100","grid-parent","grid-33"],"yoast_head":"<!-- This site is optimized with the Yoast SEO plugin v25.9 - https:\/\/yoast.com\/wordpress\/plugins\/seo\/ -->\n<title>Fiesta de los Patios de Cordoba 2013<\/title>\n<meta name=\"description\" content=\"Reserva tu pase gratis para ver los Patios cordobeses.\" \/>\n<meta name=\"robots\" content=\"index, follow, max-snippet:-1, max-image-preview:large, max-video-preview:-1\" \/>\n<link rel=\"canonical\" href=\"https:\/\/miguelmoreno.org\/blog\/fiesta-de-los-patios-de-cordoba-2013\/\" \/>\n<meta name=\"twitter:label1\" content=\"Escrito por\" \/>\n\t<meta name=\"twitter:data1\" content=\"Se llama copla\" \/>\n<script type=\"application\/ld+json\" class=\"yoast-schema-graph\">{\"@context\":\"https:\/\/schema.org\",\"@graph\":[{\"@type\":\"WebPage\",\"@id\":\"https:\/\/miguelmoreno.org\/blog\/fiesta-de-los-patios-de-cordoba-2013\/\",\"url\":\"https:\/\/miguelmoreno.org\/blog\/fiesta-de-los-patios-de-cordoba-2013\/\",\"name\":\"Fiesta de los Patios de Cordoba 2013\",\"isPartOf\":{\"@id\":\"https:\/\/miguelmoreno.org\/blog\/#website\"},\"primaryImageOfPage\":{\"@id\":\"https:\/\/miguelmoreno.org\/blog\/fiesta-de-los-patios-de-cordoba-2013\/#primaryimage\"},\"image\":{\"@id\":\"https:\/\/miguelmoreno.org\/blog\/fiesta-de-los-patios-de-cordoba-2013\/#primaryimage\"},\"thumbnailUrl\":\"https:\/\/www.miguelmoreno.org\/blog\/wp-content\/uploads\/2013\/04\/fiesta_patios_cordoba_2013.jpg\",\"datePublished\":\"2013-04-19T11:26:28+00:00\",\"dateModified\":\"2015-06-04T06:36:56+00:00\",\"author\":{\"@id\":\"https:\/\/miguelmoreno.org\/blog\/#\/schema\/person\/cde8639f19077551d0d59650a04b23d5\"},\"description\":\"Reserva tu pase gratis para ver los Patios cordobeses.\",\"breadcrumb\":{\"@id\":\"https:\/\/miguelmoreno.org\/blog\/fiesta-de-los-patios-de-cordoba-2013\/#breadcrumb\"},\"inLanguage\":\"es\",\"potentialAction\":[{\"@type\":\"ReadAction\",\"target\":[\"https:\/\/miguelmoreno.org\/blog\/fiesta-de-los-patios-de-cordoba-2013\/\"]}]},{\"@type\":\"ImageObject\",\"inLanguage\":\"es\",\"@id\":\"https:\/\/miguelmoreno.org\/blog\/fiesta-de-los-patios-de-cordoba-2013\/#primaryimage\",\"url\":\"https:\/\/www.miguelmoreno.org\/blog\/wp-content\/uploads\/2013\/04\/fiesta_patios_cordoba_2013.jpg\",\"contentUrl\":\"https:\/\/www.miguelmoreno.org\/blog\/wp-content\/uploads\/2013\/04\/fiesta_patios_cordoba_2013.jpg\"},{\"@type\":\"BreadcrumbList\",\"@id\":\"https:\/\/miguelmoreno.org\/blog\/fiesta-de-los-patios-de-cordoba-2013\/#breadcrumb\",\"itemListElement\":[{\"@type\":\"ListItem\",\"position\":1,\"name\":\"Portada\",\"item\":\"https:\/\/miguelmoreno.org\/blog\/\"},{\"@type\":\"ListItem\",\"position\":2,\"name\":\"Fiesta de los Patios de Cordoba 2013\"}]},{\"@type\":\"WebSite\",\"@id\":\"https:\/\/miguelmoreno.org\/blog\/#website\",\"url\":\"https:\/\/miguelmoreno.org\/blog\/\",\"name\":\"El Blog del Sur\",\"description\":\"Cultura, conciertos, ferias, coplas...\",\"potentialAction\":[{\"@type\":\"SearchAction\",\"target\":{\"@type\":\"EntryPoint\",\"urlTemplate\":\"https:\/\/miguelmoreno.org\/blog\/?s={search_term_string}\"},\"query-input\":{\"@type\":\"PropertyValueSpecification\",\"valueRequired\":true,\"valueName\":\"search_term_string\"}}],\"inLanguage\":\"es\"},{\"@type\":\"Person\",\"@id\":\"https:\/\/miguelmoreno.org\/blog\/#\/schema\/person\/cde8639f19077551d0d59650a04b23d5\",\"name\":\"Se llama copla\",\"sameAs\":[\"https:\/\/miguelmoreno.org\/blog\",\"https:\/\/x.com\/coplasandalucia\"]}]}<\/script>\n<!-- \/ Yoast SEO plugin. -->","yoast_head_json":{"title":"Fiesta de los Patios de Cordoba 2013","description":"Reserva tu pase gratis para ver los Patios cordobeses.","robots":{"index":"index","follow":"follow","max-snippet":"max-snippet:-1","max-image-preview":"max-image-preview:large","max-video-preview":"max-video-preview:-1"},"canonical":"https:\/\/miguelmoreno.org\/blog\/fiesta-de-los-patios-de-cordoba-2013\/","twitter_misc":{"Escrito por":"Se llama copla"},"schema":{"@context":"https:\/\/schema.org","@graph":[{"@type":"WebPage","@id":"https:\/\/miguelmoreno.org\/blog\/fiesta-de-los-patios-de-cordoba-2013\/","url":"https:\/\/miguelmoreno.org\/blog\/fiesta-de-los-patios-de-cordoba-2013\/","name":"Fiesta de los Patios de Cordoba 2013","isPartOf":{"@id":"https:\/\/miguelmoreno.org\/blog\/#website"},"primaryImageOfPage":{"@id":"https:\/\/miguelmoreno.org\/blog\/fiesta-de-los-patios-de-cordoba-2013\/#primaryimage"},"image":{"@id":"https:\/\/miguelmoreno.org\/blog\/fiesta-de-los-patios-de-cordoba-2013\/#primaryimage"},"thumbnailUrl":"https:\/\/www.miguelmoreno.org\/blog\/wp-content\/uploads\/2013\/04\/fiesta_patios_cordoba_2013.jpg","datePublished":"2013-04-19T11:26:28+00:00","dateModified":"2015-06-04T06:36:56+00:00","author":{"@id":"https:\/\/miguelmoreno.org\/blog\/#\/schema\/person\/cde8639f19077551d0d59650a04b23d5"},"description":"Reserva tu pase gratis para ver los Patios cordobeses.","breadcrumb":{"@id":"https:\/\/miguelmoreno.org\/blog\/fiesta-de-los-patios-de-cordoba-2013\/#breadcrumb"},"inLanguage":"es","potentialAction":[{"@type":"ReadAction","target":["https:\/\/miguelmoreno.org\/blog\/fiesta-de-los-patios-de-cordoba-2013\/"]}]},{"@type":"ImageObject","inLanguage":"es","@id":"https:\/\/miguelmoreno.org\/blog\/fiesta-de-los-patios-de-cordoba-2013\/#primaryimage","url":"https:\/\/www.miguelmoreno.org\/blog\/wp-content\/uploads\/2013\/04\/fiesta_patios_cordoba_2013.jpg","contentUrl":"https:\/\/www.miguelmoreno.org\/blog\/wp-content\/uploads\/2013\/04\/fiesta_patios_cordoba_2013.jpg"},{"@type":"BreadcrumbList","@id":"https:\/\/miguelmoreno.org\/blog\/fiesta-de-los-patios-de-cordoba-2013\/#breadcrumb","itemListElement":[{"@type":"ListItem","position":1,"name":"Portada","item":"https:\/\/miguelmoreno.org\/blog\/"},{"@type":"ListItem","position":2,"name":"Fiesta de los Patios de Cordoba 2013"}]},{"@type":"WebSite","@id":"https:\/\/miguelmoreno.org\/blog\/#website","url":"https:\/\/miguelmoreno.org\/blog\/","name":"El Blog del Sur","description":"Cultura, conciertos, ferias, coplas...","potentialAction":[{"@type":"SearchAction","target":{"@type":"EntryPoint","urlTemplate":"https:\/\/miguelmoreno.org\/blog\/?s={search_term_string}"},"query-input":{"@type":"PropertyValueSpecification","valueRequired":true,"valueName":"search_term_string"}}],"inLanguage":"es"},{"@type":"Person","@id":"https:\/\/miguelmoreno.org\/blog\/#\/schema\/person\/cde8639f19077551d0d59650a04b23d5","name":"Se llama copla","sameAs":["https:\/\/miguelmoreno.org\/blog","https:\/\/x.com\/coplasandalucia"]}]}},"_links":{"self":[{"href":"https:\/\/miguelmoreno.org\/blog\/wp-json\/wp\/v2\/posts\/6846","targetHints":{"allow":["GET"]}}],"collection":[{"href":"https:\/\/miguelmoreno.org\/blog\/wp-json\/wp\/v2\/posts"}],"about":[{"href":"https:\/\/miguelmoreno.org\/blog\/wp-json\/wp\/v2\/types\/post"}],"author":[{"embeddable":true,"href":"https:\/\/miguelmoreno.org\/blog\/wp-json\/wp\/v2\/users\/5"}],"replies":[{"embeddable":true,"href":"https:\/\/miguelmoreno.org\/blog\/wp-json\/wp\/v2\/comments?post=6846"}],"version-history":[{"count":0,"href":"https:\/\/miguelmoreno.org\/blog\/wp-json\/wp\/v2\/posts\/6846\/revisions"}],"wp:attachment":[{"href":"https:\/\/miguelmoreno.org\/blog\/wp-json\/wp\/v2\/media?parent=6846"}],"wp:term":[{"taxonomy":"category","embeddable":true,"href":"https:\/\/miguelmoreno.org\/blog\/wp-json\/wp\/v2\/categories?post=6846"},{"taxonomy":"post_tag","embeddable":true,"href":"https:\/\/miguelmoreno.org\/blog\/wp-json\/wp\/v2\/tags?post=6846"}],"curies":[{"name":"wp","href":"https:\/\/api.w.org\/{rel}","templated":true}]}}