{"id":6875,"date":"2013-04-30T12:24:35","date_gmt":"2013-04-30T10:24:35","guid":{"rendered":"http:\/\/www.miguelmoreno.org\/blog\/?p=6875"},"modified":"2013-04-30T12:25:09","modified_gmt":"2013-04-30T10:25:09","slug":"cruces-de-mayo-de-baza-2013","status":"publish","type":"post","link":"https:\/\/miguelmoreno.org\/blog\/cruces-de-mayo-de-baza-2013\/","title":{"rendered":"Cruces de Mayo de Baza 2013"},"content":{"rendered":"<h2 align=\"justify\"><span style=\"color: #800000;\">M\u00e1s de treinta de Cruces se instalar\u00e1n el 3, 4 y 5 de mayo<\/span><\/h2>\n<figure id=\"attachment_6876\" aria-describedby=\"caption-attachment-6876\" style=\"width: 350px\" class=\"wp-caption alignleft\"><a href=\"https:\/\/www.miguelmoreno.org\/blog\/tag\/cruces-mayo\/\"><img loading=\"lazy\" decoding=\"async\" src=\"https:\/\/www.miguelmoreno.org\/blog\/wp-content\/uploads\/2013\/04\/cruces-mayo-baza.jpg\" alt=\"Cruces de Mayo de Baza 2013\" width=\"360\" height=\"240\" class=\"size-full wp-image-6876\" srcset=\"https:\/\/miguelmoreno.org\/blog\/wp-content\/uploads\/2013\/04\/cruces-mayo-baza.jpg 360w, https:\/\/miguelmoreno.org\/blog\/wp-content\/uploads\/2013\/04\/cruces-mayo-baza-300x200.jpg 300w\" sizes=\"auto, (max-width: 360px) 100vw, 360px\" \/><\/a><figcaption id=\"caption-attachment-6876\" class=\"wp-caption-text\">Cruces de Mayo de Baza 2013<\/figcaption><\/figure>\n<p align=\"justify\">Se han entregado macetas de flor a las asociaciones de vecinos participantes en el certamen convocado por el Ayuntamiento<\/p>\n<p align=\"justify\">31 Cruces de Mayo adornar\u00e1n las calles y espacios de la ciudad de Baza entre los d\u00edas 3 y 5 de mayo, cuando se celebra esta tradici\u00f3n. Para incentivar la elaboraci\u00f3n de estas instalaciones el Ayuntamiento ha convocado un certamen y regalado macetas de flor entre las asociaciones de vecinos que participen en \u00e9l.<br \/>\nHabr\u00e1 Cruces repartidas por toda la ciudad, tanto con barra como sin ella, y para animar a las asociaciones a la elaboraci\u00f3n de estas estructuras el Ayuntamiento repartir\u00e1 macetas con flor y ha convocado un concurso que repartir\u00e1 1.200 euros entre los primeros clasificados de las categor\u00edas de exterior, interior y el premio especial de barrio.<!--more--><\/p>\n<p align=\"justify\">Los cuatro primeros clasificados en las instalaciones de exterior recibir\u00e1n, 300, 200, 150 y 100 euros respectivamente. Se ha contemplado un premio \u00fanico para interior, en patios, cocheras o portales de 150 euros y se ha fijado un galard\u00f3n especial para las cruces de barrio que estar\u00e1 dotado con 300 euros.\u00a0 \u00a0La entrega de los premios ser\u00e1 el pr\u00f3ximo 4 de mayo a las 6 de la tarde, tras la deliberaci\u00f3n del jurado que estar\u00e1 compuesto por los miembros de la Comisi\u00f3n Informativa de Cultura o sus suplentes.<\/p>\n<p align=\"justify\"><strong>Cruces sin barra<\/strong> en\u00a0 el patio del antiguo Hospital de Santiago (interior) montada por la Asociaci\u00f3n AD-HOC, en las calles Ramiro de Maeztu, 3 y calle Amapola, 8 las de la asociaci\u00f3n Avangel, en la plaza Tras Hospital (exterior), plaza Corralazo (exterior) y calles Manuel de G\u00f3ngora (interior) y Agua, 13 (interior) de la asociaci\u00f3n Avesan en el barrio de Santiago, en Plaza de la Trinidad 3 la instalada por la cafeter\u00eda Virginia, en el Barrio Salazar la de Cortijo Bustamante: Barrio Salazar, en el camino de Oria y en la avenida Jos\u00e9 de Mora la de la helader\u00eda Alacant.<\/p>\n<p align=\"justify\"><strong>Cruces con barra<\/strong> en la Avd. Atleta Jos\u00e9 Luis Mart\u00ednez la de la Asociaci\u00f3n\u00a0 Ca\u00f1o Valero; la asociaci\u00f3n\u00a0 Pablo Picasso, en la Bda. Pablo Picasso, la asociaci\u00f3n Avangel en la plaza del \u00c1ngel; en la plaza del ca\u00f1o de la calle Agua la de la asociaci\u00f3n de vecinos Avesan; la asociaci\u00f3n del Barrio de San Juan montar\u00e1 una cruz en la Plaza de la Merced; la asociaci\u00f3n de vecinos del Parque de los Prados en el parque del mismo nombre; en las plazas de Santo Domingo, Serrano, San Francisco, Plaza Mayor, en el Arco de la Magdalena (cofrad\u00eda\u00a0 Ntra. Sra. de la Esperanza), de Santiago (cofrad\u00eda Ntra. Sra. de los Dolores), Arcipreste Juan Hern\u00e1ndez), Jos\u00e9 Luis M\u00e9ndez (cofrad\u00eda Ntro. Padre Jes\u00fas Nazareno) y\u00a0 San Ant\u00f3n; en la calle Mancoba; Parque de la Constituci\u00f3n y en la avenida Jos\u00e9 de Mora.<\/p>\n<p align=\"justify\">Los horarios para el viernes y s\u00e1bado son de 12 a 17 horas y de 20 a 2 horas, mientras que el domingo se reduce de 12 a 18 horas.<\/p>\n","protected":false},"excerpt":{"rendered":"<p>M\u00e1s de treinta de Cruces se instalar\u00e1n el 3, 4 y 5 de mayo Se han entregado macetas de flor a las asociaciones de vecinos participantes en el certamen convocado por el Ayuntamiento 31 Cruces de Mayo adornar\u00e1n las calles y espacios de la ciudad de Baza entre los d\u00edas 3 y 5 de mayo, &#8230; <\/p>\n<p class=\"read-more-container\"><a title=\"Cruces de Mayo de Baza 2013\" class=\"read-more button\" href=\"https:\/\/miguelmoreno.org\/blog\/cruces-de-mayo-de-baza-2013\/#more-6875\" aria-label=\"Leer m\u00e1s sobre Cruces de Mayo de Baza 2013\">M\u00e1s informaci\u00f3n<\/a><\/p>\n","protected":false},"author":5,"featured_media":0,"comment_status":"open","ping_status":"open","sticky":false,"template":"","format":"standard","meta":{"footnotes":""},"categories":[1521],"tags":[1061],"class_list":["post-6875","post","type-post","status-publish","format-standard","hentry","category-cruces-mayo","tag-cruces-de-mayo","masonry-post","generate-columns","tablet-grid-50","mobile-grid-100","grid-parent","grid-33"],"yoast_head":"<!-- This site is optimized with the Yoast SEO plugin v25.9 - https:\/\/yoast.com\/wordpress\/plugins\/seo\/ -->\n<title>Cruces de Mayo de Baza 2013<\/title>\n<meta name=\"description\" content=\"31 Cruces de Mayo adornar\u00e1n las calles y espacios de la ciudad de Baza entre los d\u00edas 3 y 5 de mayo\" \/>\n<meta name=\"robots\" content=\"index, follow, max-snippet:-1, max-image-preview:large, max-video-preview:-1\" \/>\n<link rel=\"canonical\" href=\"https:\/\/miguelmoreno.org\/blog\/cruces-de-mayo-de-baza-2013\/\" \/>\n<meta name=\"twitter:label1\" content=\"Escrito por\" \/>\n\t<meta name=\"twitter:data1\" content=\"Se llama copla\" \/>\n\t<meta name=\"twitter:label2\" content=\"Tiempo de lectura\" \/>\n\t<meta name=\"twitter:data2\" content=\"3 minutos\" \/>\n<script type=\"application\/ld+json\" class=\"yoast-schema-graph\">{\"@context\":\"https:\/\/schema.org\",\"@graph\":[{\"@type\":\"WebPage\",\"@id\":\"https:\/\/miguelmoreno.org\/blog\/cruces-de-mayo-de-baza-2013\/\",\"url\":\"https:\/\/miguelmoreno.org\/blog\/cruces-de-mayo-de-baza-2013\/\",\"name\":\"Cruces de Mayo de Baza 2013\",\"isPartOf\":{\"@id\":\"https:\/\/miguelmoreno.org\/blog\/#website\"},\"primaryImageOfPage\":{\"@id\":\"https:\/\/miguelmoreno.org\/blog\/cruces-de-mayo-de-baza-2013\/#primaryimage\"},\"image\":{\"@id\":\"https:\/\/miguelmoreno.org\/blog\/cruces-de-mayo-de-baza-2013\/#primaryimage\"},\"thumbnailUrl\":\"https:\/\/www.miguelmoreno.org\/blog\/wp-content\/uploads\/2013\/04\/cruces-mayo-baza.jpg\",\"datePublished\":\"2013-04-30T10:24:35+00:00\",\"dateModified\":\"2013-04-30T10:25:09+00:00\",\"author\":{\"@id\":\"https:\/\/miguelmoreno.org\/blog\/#\/schema\/person\/cde8639f19077551d0d59650a04b23d5\"},\"description\":\"31 Cruces de Mayo adornar\u00e1n las calles y espacios de la ciudad de Baza entre los d\u00edas 3 y 5 de mayo\",\"breadcrumb\":{\"@id\":\"https:\/\/miguelmoreno.org\/blog\/cruces-de-mayo-de-baza-2013\/#breadcrumb\"},\"inLanguage\":\"es\",\"potentialAction\":[{\"@type\":\"ReadAction\",\"target\":[\"https:\/\/miguelmoreno.org\/blog\/cruces-de-mayo-de-baza-2013\/\"]}]},{\"@type\":\"ImageObject\",\"inLanguage\":\"es\",\"@id\":\"https:\/\/miguelmoreno.org\/blog\/cruces-de-mayo-de-baza-2013\/#primaryimage\",\"url\":\"https:\/\/www.miguelmoreno.org\/blog\/wp-content\/uploads\/2013\/04\/cruces-mayo-baza.jpg\",\"contentUrl\":\"https:\/\/www.miguelmoreno.org\/blog\/wp-content\/uploads\/2013\/04\/cruces-mayo-baza.jpg\"},{\"@type\":\"BreadcrumbList\",\"@id\":\"https:\/\/miguelmoreno.org\/blog\/cruces-de-mayo-de-baza-2013\/#breadcrumb\",\"itemListElement\":[{\"@type\":\"ListItem\",\"position\":1,\"name\":\"Portada\",\"item\":\"https:\/\/miguelmoreno.org\/blog\/\"},{\"@type\":\"ListItem\",\"position\":2,\"name\":\"Cruces de Mayo de Baza 2013\"}]},{\"@type\":\"WebSite\",\"@id\":\"https:\/\/miguelmoreno.org\/blog\/#website\",\"url\":\"https:\/\/miguelmoreno.org\/blog\/\",\"name\":\"El Blog del Sur\",\"description\":\"Cultura, conciertos, ferias, coplas...\",\"potentialAction\":[{\"@type\":\"SearchAction\",\"target\":{\"@type\":\"EntryPoint\",\"urlTemplate\":\"https:\/\/miguelmoreno.org\/blog\/?s={search_term_string}\"},\"query-input\":{\"@type\":\"PropertyValueSpecification\",\"valueRequired\":true,\"valueName\":\"search_term_string\"}}],\"inLanguage\":\"es\"},{\"@type\":\"Person\",\"@id\":\"https:\/\/miguelmoreno.org\/blog\/#\/schema\/person\/cde8639f19077551d0d59650a04b23d5\",\"name\":\"Se llama copla\",\"sameAs\":[\"https:\/\/miguelmoreno.org\/blog\",\"https:\/\/x.com\/coplasandalucia\"]}]}<\/script>\n<!-- \/ Yoast SEO plugin. -->","yoast_head_json":{"title":"Cruces de Mayo de Baza 2013","description":"31 Cruces de Mayo adornar\u00e1n las calles y espacios de la ciudad de Baza entre los d\u00edas 3 y 5 de mayo","robots":{"index":"index","follow":"follow","max-snippet":"max-snippet:-1","max-image-preview":"max-image-preview:large","max-video-preview":"max-video-preview:-1"},"canonical":"https:\/\/miguelmoreno.org\/blog\/cruces-de-mayo-de-baza-2013\/","twitter_misc":{"Escrito por":"Se llama copla","Tiempo de lectura":"3 minutos"},"schema":{"@context":"https:\/\/schema.org","@graph":[{"@type":"WebPage","@id":"https:\/\/miguelmoreno.org\/blog\/cruces-de-mayo-de-baza-2013\/","url":"https:\/\/miguelmoreno.org\/blog\/cruces-de-mayo-de-baza-2013\/","name":"Cruces de Mayo de Baza 2013","isPartOf":{"@id":"https:\/\/miguelmoreno.org\/blog\/#website"},"primaryImageOfPage":{"@id":"https:\/\/miguelmoreno.org\/blog\/cruces-de-mayo-de-baza-2013\/#primaryimage"},"image":{"@id":"https:\/\/miguelmoreno.org\/blog\/cruces-de-mayo-de-baza-2013\/#primaryimage"},"thumbnailUrl":"https:\/\/www.miguelmoreno.org\/blog\/wp-content\/uploads\/2013\/04\/cruces-mayo-baza.jpg","datePublished":"2013-04-30T10:24:35+00:00","dateModified":"2013-04-30T10:25:09+00:00","author":{"@id":"https:\/\/miguelmoreno.org\/blog\/#\/schema\/person\/cde8639f19077551d0d59650a04b23d5"},"description":"31 Cruces de Mayo adornar\u00e1n las calles y espacios de la ciudad de Baza entre los d\u00edas 3 y 5 de mayo","breadcrumb":{"@id":"https:\/\/miguelmoreno.org\/blog\/cruces-de-mayo-de-baza-2013\/#breadcrumb"},"inLanguage":"es","potentialAction":[{"@type":"ReadAction","target":["https:\/\/miguelmoreno.org\/blog\/cruces-de-mayo-de-baza-2013\/"]}]},{"@type":"ImageObject","inLanguage":"es","@id":"https:\/\/miguelmoreno.org\/blog\/cruces-de-mayo-de-baza-2013\/#primaryimage","url":"https:\/\/www.miguelmoreno.org\/blog\/wp-content\/uploads\/2013\/04\/cruces-mayo-baza.jpg","contentUrl":"https:\/\/www.miguelmoreno.org\/blog\/wp-content\/uploads\/2013\/04\/cruces-mayo-baza.jpg"},{"@type":"BreadcrumbList","@id":"https:\/\/miguelmoreno.org\/blog\/cruces-de-mayo-de-baza-2013\/#breadcrumb","itemListElement":[{"@type":"ListItem","position":1,"name":"Portada","item":"https:\/\/miguelmoreno.org\/blog\/"},{"@type":"ListItem","position":2,"name":"Cruces de Mayo de Baza 2013"}]},{"@type":"WebSite","@id":"https:\/\/miguelmoreno.org\/blog\/#website","url":"https:\/\/miguelmoreno.org\/blog\/","name":"El Blog del Sur","description":"Cultura, conciertos, ferias, coplas...","potentialAction":[{"@type":"SearchAction","target":{"@type":"EntryPoint","urlTemplate":"https:\/\/miguelmoreno.org\/blog\/?s={search_term_string}"},"query-input":{"@type":"PropertyValueSpecification","valueRequired":true,"valueName":"search_term_string"}}],"inLanguage":"es"},{"@type":"Person","@id":"https:\/\/miguelmoreno.org\/blog\/#\/schema\/person\/cde8639f19077551d0d59650a04b23d5","name":"Se llama copla","sameAs":["https:\/\/miguelmoreno.org\/blog","https:\/\/x.com\/coplasandalucia"]}]}},"_links":{"self":[{"href":"https:\/\/miguelmoreno.org\/blog\/wp-json\/wp\/v2\/posts\/6875","targetHints":{"allow":["GET"]}}],"collection":[{"href":"https:\/\/miguelmoreno.org\/blog\/wp-json\/wp\/v2\/posts"}],"about":[{"href":"https:\/\/miguelmoreno.org\/blog\/wp-json\/wp\/v2\/types\/post"}],"author":[{"embeddable":true,"href":"https:\/\/miguelmoreno.org\/blog\/wp-json\/wp\/v2\/users\/5"}],"replies":[{"embeddable":true,"href":"https:\/\/miguelmoreno.org\/blog\/wp-json\/wp\/v2\/comments?post=6875"}],"version-history":[{"count":0,"href":"https:\/\/miguelmoreno.org\/blog\/wp-json\/wp\/v2\/posts\/6875\/revisions"}],"wp:attachment":[{"href":"https:\/\/miguelmoreno.org\/blog\/wp-json\/wp\/v2\/media?parent=6875"}],"wp:term":[{"taxonomy":"category","embeddable":true,"href":"https:\/\/miguelmoreno.org\/blog\/wp-json\/wp\/v2\/categories?post=6875"},{"taxonomy":"post_tag","embeddable":true,"href":"https:\/\/miguelmoreno.org\/blog\/wp-json\/wp\/v2\/tags?post=6875"}],"curies":[{"name":"wp","href":"https:\/\/api.w.org\/{rel}","templated":true}]}}