{"id":6919,"date":"2013-05-09T09:28:35","date_gmt":"2013-05-09T07:28:35","guid":{"rendered":"http:\/\/www.miguelmoreno.org\/blog\/?p=6919"},"modified":"2013-05-09T09:42:29","modified_gmt":"2013-05-09T07:42:29","slug":"festival-de-la-guitarra-de-cordoba-2013","status":"publish","type":"post","link":"https:\/\/miguelmoreno.org\/blog\/festival-de-la-guitarra-de-cordoba-2013\/","title":{"rendered":"Festival de la Guitarra de C\u00f3rdoba 2013"},"content":{"rendered":"<p>La 33\u00aa edici\u00f3n del Festival de Guitarra de C\u00f3rdoba se celebra del 1 al 13 de julio.<\/p>\n<p>Ya est\u00e1n a la venta las entradas de los conciertos y espect\u00e1culos del Festival de la Guitarra de C\u00f3rdoba.<\/p>\n<figure id=\"attachment_6920\" aria-describedby=\"caption-attachment-6920\" style=\"width: 390px\" class=\"wp-caption alignnone\"><img loading=\"lazy\" decoding=\"async\" src=\"https:\/\/www.miguelmoreno.org\/blog\/wp-content\/uploads\/2013\/05\/festival-guitarra-cordoba.jpg\" alt=\"Festival de la Guitarra de Cordoba\" width=\"400\" height=\"573\" class=\"size-full wp-image-6920\" srcset=\"https:\/\/miguelmoreno.org\/blog\/wp-content\/uploads\/2013\/05\/festival-guitarra-cordoba.jpg 400w, https:\/\/miguelmoreno.org\/blog\/wp-content\/uploads\/2013\/05\/festival-guitarra-cordoba-209x300.jpg 209w\" sizes=\"auto, (max-width: 400px) 100vw, 400px\" \/><figcaption id=\"caption-attachment-6920\" class=\"wp-caption-text\">Festival de la Guitarra de Cordoba<\/figcaption><\/figure>\n<p><!--more-->Entre los muchos guitarristas que hay, destacan, sin duda alguna, <strong>Michael Schenker<\/strong> (ex Scorpions) que pondr\u00e1 en escena el espectacular <strong>Temple of Rock<\/strong> que est\u00e1 teniendo renombrado \u00e9xito en Europa y <strong>Robert Cray<\/strong>, uno de los bluesman m\u00e1s reconocidos, que visita la ciudad de la Mezquita por primera vez y que tendr\u00e1 a la banda madrile\u00f1a de Los Coronas como teloneros de su concierto. A estas dos grandes actuaciones de los d\u00edas 11 y 12 de julio hay que sumar la clausura, que este a\u00f1o corre a cargo de una de las bandas m\u00e1s prestigiosas del panorama nacional: <strong>Fito y Fitipaldis<\/strong> pondr\u00e1 el broche de oro el d\u00eda 13 de julio con un concierto en La Axerqu\u00eda.<\/p>\n<p>Este a\u00f1o, la oferta de <strong>jazz y blues<\/strong> viene cargada de interesantes apuestas. En primer lugar, cabe destacar al h\u00e9roe de la guitarra Al di Meola, uno de los jazzistas m\u00e1s aplaudidos por el p\u00fablico y que el 10 de julio presentar\u00e1 el concierto Al di Meola plays Beatles and more. La oferta contin\u00faa el 13 de julio con el prestigioso guitarrista blues Joe Luis Walker junto al quinteto de jazz de James Carter, otro impresionante y reconocido saxofonista americano. Por \u00faltimo, no podemos olvidar al trompetista Randy Brecker y al genio de la guitarra jazz Dean Brown que llegan el 9 de julio con Brecker Brothers Band Reunion.<\/p>\n<p>El 33 Festival de la Guitarra de C\u00f3rdoba tambi\u00e9n trae una buena <strong>muestra flamenca<\/strong> para este verano. En primer lugar, el maestro Paco Pe\u00f1a, padre del Festival, trae a su ciudad el 4 de julio el espect\u00e1culo Quimeras que tanto \u00e9xito ha cosechado en Europa y que pone de manifiesto el problema de la inmigraci\u00f3n \u201ca la que se le est\u00e1n poniendo hoy m\u00e1s que nunca fronteras por todas partes\u201d, tal y como comenta el maestro.<\/p>\n<p>Asimismo, en esta edici\u00f3n la bailaora Eva Yerbabuena trae a las tablas de La Axerqu\u00eda el s\u00e1bado, 6 de julio, el espect\u00e1culo Federico seg\u00fan Lorca, donde la artista transita los claroscuros de la vida del poeta. En tercer lugar, el maestro Tomatito, que fuera guitarra del mism\u00edsimo Camar\u00f3n, vuelve al Festival para presentar el 8 de julio \u201cSoy Flamenco\u201d, un trabajo que ha contado con la colaboraci\u00f3n de Paco de Luc\u00eda y hasta del propio Camar\u00f3n en un montaje digno de escuchar. Por \u00faltimo, el cantaor Arc\u00e1ngel, junto al guitarrista Miguel \u00c1ngel Cort\u00e9s, presenta el 11 de julio un extraordinario proyecto de mestizaje junto al conjunto barroco Accademia del Piacere.<\/p>\n<p>M\u00e1s informaci\u00f3n\u00a0<a href=\"http:\/\/www.guitarracordoba.org\/\">http:\/\/www.guitarracordoba.org\/<\/a><\/p>\n<p>&nbsp;<\/p>\n","protected":false},"excerpt":{"rendered":"<p>La 33\u00aa edici\u00f3n del Festival de Guitarra de C\u00f3rdoba se celebra del 1 al 13 de julio. Ya est\u00e1n a la venta las entradas de los conciertos y espect\u00e1culos del Festival de la Guitarra de C\u00f3rdoba.<\/p>\n","protected":false},"author":5,"featured_media":6920,"comment_status":"open","ping_status":"open","sticky":false,"template":"","format":"standard","meta":{"footnotes":""},"categories":[1],"tags":[1503],"class_list":["post-6919","post","type-post","status-publish","format-standard","has-post-thumbnail","hentry","category-general","tag-cordoba","masonry-post","generate-columns","tablet-grid-50","mobile-grid-100","grid-parent","grid-33"],"yoast_head":"<!-- This site is optimized with the Yoast SEO plugin v25.9 - https:\/\/yoast.com\/wordpress\/plugins\/seo\/ -->\n<title>Festival de la Guitarra de C\u00f3rdoba 2013<\/title>\n<meta name=\"description\" content=\"La 33\u00aa edici\u00f3n del Festival de Guitarra de C\u00f3rdoba se celebra del 1 al 13 de julio.\" \/>\n<meta name=\"robots\" content=\"index, follow, max-snippet:-1, max-image-preview:large, max-video-preview:-1\" \/>\n<link rel=\"canonical\" href=\"https:\/\/miguelmoreno.org\/blog\/festival-de-la-guitarra-de-cordoba-2013\/\" \/>\n<meta name=\"twitter:label1\" content=\"Escrito por\" \/>\n\t<meta name=\"twitter:data1\" content=\"Se llama copla\" \/>\n\t<meta name=\"twitter:label2\" content=\"Tiempo de lectura\" \/>\n\t<meta name=\"twitter:data2\" content=\"2 minutos\" \/>\n<script type=\"application\/ld+json\" class=\"yoast-schema-graph\">{\"@context\":\"https:\/\/schema.org\",\"@graph\":[{\"@type\":\"WebPage\",\"@id\":\"https:\/\/miguelmoreno.org\/blog\/festival-de-la-guitarra-de-cordoba-2013\/\",\"url\":\"https:\/\/miguelmoreno.org\/blog\/festival-de-la-guitarra-de-cordoba-2013\/\",\"name\":\"Festival de la Guitarra de C\u00f3rdoba 2013\",\"isPartOf\":{\"@id\":\"https:\/\/miguelmoreno.org\/blog\/#website\"},\"primaryImageOfPage\":{\"@id\":\"https:\/\/miguelmoreno.org\/blog\/festival-de-la-guitarra-de-cordoba-2013\/#primaryimage\"},\"image\":{\"@id\":\"https:\/\/miguelmoreno.org\/blog\/festival-de-la-guitarra-de-cordoba-2013\/#primaryimage\"},\"thumbnailUrl\":\"https:\/\/miguelmoreno.org\/blog\/wp-content\/uploads\/2013\/05\/festival-guitarra-cordoba.jpg\",\"datePublished\":\"2013-05-09T07:28:35+00:00\",\"dateModified\":\"2013-05-09T07:42:29+00:00\",\"author\":{\"@id\":\"https:\/\/miguelmoreno.org\/blog\/#\/schema\/person\/cde8639f19077551d0d59650a04b23d5\"},\"description\":\"La 33\u00aa edici\u00f3n del Festival de Guitarra de C\u00f3rdoba se celebra del 1 al 13 de julio.\",\"breadcrumb\":{\"@id\":\"https:\/\/miguelmoreno.org\/blog\/festival-de-la-guitarra-de-cordoba-2013\/#breadcrumb\"},\"inLanguage\":\"es\",\"potentialAction\":[{\"@type\":\"ReadAction\",\"target\":[\"https:\/\/miguelmoreno.org\/blog\/festival-de-la-guitarra-de-cordoba-2013\/\"]}]},{\"@type\":\"ImageObject\",\"inLanguage\":\"es\",\"@id\":\"https:\/\/miguelmoreno.org\/blog\/festival-de-la-guitarra-de-cordoba-2013\/#primaryimage\",\"url\":\"https:\/\/miguelmoreno.org\/blog\/wp-content\/uploads\/2013\/05\/festival-guitarra-cordoba.jpg\",\"contentUrl\":\"https:\/\/miguelmoreno.org\/blog\/wp-content\/uploads\/2013\/05\/festival-guitarra-cordoba.jpg\",\"width\":400,\"height\":573,\"caption\":\"Festival de la Guitarra de Cordoba\"},{\"@type\":\"BreadcrumbList\",\"@id\":\"https:\/\/miguelmoreno.org\/blog\/festival-de-la-guitarra-de-cordoba-2013\/#breadcrumb\",\"itemListElement\":[{\"@type\":\"ListItem\",\"position\":1,\"name\":\"Portada\",\"item\":\"https:\/\/miguelmoreno.org\/blog\/\"},{\"@type\":\"ListItem\",\"position\":2,\"name\":\"Festival de la Guitarra de C\u00f3rdoba 2013\"}]},{\"@type\":\"WebSite\",\"@id\":\"https:\/\/miguelmoreno.org\/blog\/#website\",\"url\":\"https:\/\/miguelmoreno.org\/blog\/\",\"name\":\"El Blog del Sur\",\"description\":\"Cultura, conciertos, ferias, coplas...\",\"potentialAction\":[{\"@type\":\"SearchAction\",\"target\":{\"@type\":\"EntryPoint\",\"urlTemplate\":\"https:\/\/miguelmoreno.org\/blog\/?s={search_term_string}\"},\"query-input\":{\"@type\":\"PropertyValueSpecification\",\"valueRequired\":true,\"valueName\":\"search_term_string\"}}],\"inLanguage\":\"es\"},{\"@type\":\"Person\",\"@id\":\"https:\/\/miguelmoreno.org\/blog\/#\/schema\/person\/cde8639f19077551d0d59650a04b23d5\",\"name\":\"Se llama copla\",\"sameAs\":[\"https:\/\/miguelmoreno.org\/blog\",\"https:\/\/x.com\/coplasandalucia\"]}]}<\/script>\n<!-- \/ Yoast SEO plugin. -->","yoast_head_json":{"title":"Festival de la Guitarra de C\u00f3rdoba 2013","description":"La 33\u00aa edici\u00f3n del Festival de Guitarra de C\u00f3rdoba se celebra del 1 al 13 de julio.","robots":{"index":"index","follow":"follow","max-snippet":"max-snippet:-1","max-image-preview":"max-image-preview:large","max-video-preview":"max-video-preview:-1"},"canonical":"https:\/\/miguelmoreno.org\/blog\/festival-de-la-guitarra-de-cordoba-2013\/","twitter_misc":{"Escrito por":"Se llama copla","Tiempo de lectura":"2 minutos"},"schema":{"@context":"https:\/\/schema.org","@graph":[{"@type":"WebPage","@id":"https:\/\/miguelmoreno.org\/blog\/festival-de-la-guitarra-de-cordoba-2013\/","url":"https:\/\/miguelmoreno.org\/blog\/festival-de-la-guitarra-de-cordoba-2013\/","name":"Festival de la Guitarra de C\u00f3rdoba 2013","isPartOf":{"@id":"https:\/\/miguelmoreno.org\/blog\/#website"},"primaryImageOfPage":{"@id":"https:\/\/miguelmoreno.org\/blog\/festival-de-la-guitarra-de-cordoba-2013\/#primaryimage"},"image":{"@id":"https:\/\/miguelmoreno.org\/blog\/festival-de-la-guitarra-de-cordoba-2013\/#primaryimage"},"thumbnailUrl":"https:\/\/miguelmoreno.org\/blog\/wp-content\/uploads\/2013\/05\/festival-guitarra-cordoba.jpg","datePublished":"2013-05-09T07:28:35+00:00","dateModified":"2013-05-09T07:42:29+00:00","author":{"@id":"https:\/\/miguelmoreno.org\/blog\/#\/schema\/person\/cde8639f19077551d0d59650a04b23d5"},"description":"La 33\u00aa edici\u00f3n del Festival de Guitarra de C\u00f3rdoba se celebra del 1 al 13 de julio.","breadcrumb":{"@id":"https:\/\/miguelmoreno.org\/blog\/festival-de-la-guitarra-de-cordoba-2013\/#breadcrumb"},"inLanguage":"es","potentialAction":[{"@type":"ReadAction","target":["https:\/\/miguelmoreno.org\/blog\/festival-de-la-guitarra-de-cordoba-2013\/"]}]},{"@type":"ImageObject","inLanguage":"es","@id":"https:\/\/miguelmoreno.org\/blog\/festival-de-la-guitarra-de-cordoba-2013\/#primaryimage","url":"https:\/\/miguelmoreno.org\/blog\/wp-content\/uploads\/2013\/05\/festival-guitarra-cordoba.jpg","contentUrl":"https:\/\/miguelmoreno.org\/blog\/wp-content\/uploads\/2013\/05\/festival-guitarra-cordoba.jpg","width":400,"height":573,"caption":"Festival de la Guitarra de Cordoba"},{"@type":"BreadcrumbList","@id":"https:\/\/miguelmoreno.org\/blog\/festival-de-la-guitarra-de-cordoba-2013\/#breadcrumb","itemListElement":[{"@type":"ListItem","position":1,"name":"Portada","item":"https:\/\/miguelmoreno.org\/blog\/"},{"@type":"ListItem","position":2,"name":"Festival de la Guitarra de C\u00f3rdoba 2013"}]},{"@type":"WebSite","@id":"https:\/\/miguelmoreno.org\/blog\/#website","url":"https:\/\/miguelmoreno.org\/blog\/","name":"El Blog del Sur","description":"Cultura, conciertos, ferias, coplas...","potentialAction":[{"@type":"SearchAction","target":{"@type":"EntryPoint","urlTemplate":"https:\/\/miguelmoreno.org\/blog\/?s={search_term_string}"},"query-input":{"@type":"PropertyValueSpecification","valueRequired":true,"valueName":"search_term_string"}}],"inLanguage":"es"},{"@type":"Person","@id":"https:\/\/miguelmoreno.org\/blog\/#\/schema\/person\/cde8639f19077551d0d59650a04b23d5","name":"Se llama copla","sameAs":["https:\/\/miguelmoreno.org\/blog","https:\/\/x.com\/coplasandalucia"]}]}},"_links":{"self":[{"href":"https:\/\/miguelmoreno.org\/blog\/wp-json\/wp\/v2\/posts\/6919","targetHints":{"allow":["GET"]}}],"collection":[{"href":"https:\/\/miguelmoreno.org\/blog\/wp-json\/wp\/v2\/posts"}],"about":[{"href":"https:\/\/miguelmoreno.org\/blog\/wp-json\/wp\/v2\/types\/post"}],"author":[{"embeddable":true,"href":"https:\/\/miguelmoreno.org\/blog\/wp-json\/wp\/v2\/users\/5"}],"replies":[{"embeddable":true,"href":"https:\/\/miguelmoreno.org\/blog\/wp-json\/wp\/v2\/comments?post=6919"}],"version-history":[{"count":0,"href":"https:\/\/miguelmoreno.org\/blog\/wp-json\/wp\/v2\/posts\/6919\/revisions"}],"wp:featuredmedia":[{"embeddable":true,"href":"https:\/\/miguelmoreno.org\/blog\/wp-json\/wp\/v2\/media\/6920"}],"wp:attachment":[{"href":"https:\/\/miguelmoreno.org\/blog\/wp-json\/wp\/v2\/media?parent=6919"}],"wp:term":[{"taxonomy":"category","embeddable":true,"href":"https:\/\/miguelmoreno.org\/blog\/wp-json\/wp\/v2\/categories?post=6919"},{"taxonomy":"post_tag","embeddable":true,"href":"https:\/\/miguelmoreno.org\/blog\/wp-json\/wp\/v2\/tags?post=6919"}],"curies":[{"name":"wp","href":"https:\/\/api.w.org\/{rel}","templated":true}]}}