{"id":6950,"date":"2013-05-16T00:09:43","date_gmt":"2013-05-15T22:09:43","guid":{"rendered":"http:\/\/www.miguelmoreno.org\/blog\/?p=6950"},"modified":"2015-06-03T11:47:48","modified_gmt":"2015-06-03T09:47:48","slug":"feria-de-cordoba-2013","status":"publish","type":"post","link":"https:\/\/miguelmoreno.org\/blog\/feria-de-cordoba-2013\/","title":{"rendered":"Feria de Cordoba 2013"},"content":{"rendered":"<p>Fiestas y Feria de Mayo Ntra. Sra. de la Salud Cordoba 2013<\/p>\n<p>Del 25 de MAYO al 1 de JUNIO 2013<\/p>\n<p>Resumen del\u00a0<a href=\"http:\/\/www.arrabal.eu\/programa-feria-cordoba-2013.html\">Programa de las Fiestas y Feria de Mayo Ntra. Sra. de la Salud de Cordoba<!--more--><!--more--><\/a><\/p>\n<p>VIERNES 24 DE MAYO<\/p>\n<p>\u2022 CONCIERTOS EXTRAORDINARIOS \u201cFERIA DE MAYO\u201d. Actuaci\u00f3n de: PABLO ALBORAN.<\/p>\n<p>Lugar: Instalaci\u00f3n Deportiva \u201cEl Fontanar\u201d. 22 \u030100 h.<\/p>\n<p>&nbsp;<\/p>\n<p>S\u00c1BADO 25 DE MAYO<\/p>\n<p>\u2022 INAUGURACI\u00d3N OFICIAL DEL FERIAL: ENCENDIDO DE LA<\/p>\n<p>PORTADA Y DEL ALUMBRADO EXTRAORDINARIO DE FERIA.<\/p>\n<p>Lugar: Recinto Ferial y Portada. 00 \u030100 h. (noche del viernes al s\u00e1bado).<\/p>\n<p>\u2022 FUEGOS ARTIFICIALES: 1a SESI\u00d3N (INAUGURAL)<\/p>\n<p>Lanzamiento y quema a cargo de Pirot\u00e9cnia Caballer FX.<\/p>\n<p>Lugar: Entre Puente del Arenal y Puente de la Autov\u00eda (zona Fray Albino). 00 \u030100h.<\/p>\n<p>&nbsp;<\/p>\n<p>LUNES 27 DE MAYO<\/p>\n<p>\u2022 ESPECT\u00c1CULO CON LA ACTUACI\u00d3N DE \u201cMONCHO MARIACHI\u201d. Lugar: Caseta Municipal. 21 \u030130h.<\/p>\n<p>\u2022 GALA DE LA COPLA CORDOBESA \u201cFERIA DE MAYO\u201d. Actuaci\u00f3n de Mar\u00eda Carmona y Araceli Campillo. Lugar: Caseta Municipal. 22 \u030130h.<\/p>\n<p>&nbsp;<\/p>\n<p>&nbsp;<\/p>\n<p>MI\u00c9RCOLES 29 DE MAYO<\/p>\n<p>\u2022 ACTUACION FLAMENCA: \u201cLA TRASERA\u201d Lugar: Caseta Municipal. 14 \u030130 h<\/p>\n<p>\u2022 XIX TALLER ARTESANAL DE PELUQUERIA \u201cEL MO\u00d1O CORDOBES\u201d Lugar: Caseta Municipal. 20 \u030130 h<\/p>\n<p>&nbsp;<\/p>\n<p>JUEVES 30 DE MAYO<\/p>\n<p>\u2022 PASACALLES ROCIERO\u201dCAMINO DEL ARENAL\u201d<\/p>\n<p>Itinerario: Arco del Triunfo, Puente Romano, Torre de la Calahorra, Acera Arrecife, Plaza Santa Teresa, Avda. Campo de la Verdad, Puente del Arenal, y Recinto Ferial.<\/p>\n<p>Orden de colocaci\u00f3n: 1- Coro Alminar. 2- Coro Los Finitos. 3- Coro Cantares. 4- Coro Azahar. 5- Coro Amigos del Roc\u00edo. 6- Coro Arco Iris. 7- Coro Ritmo y Comp\u00e1s. 8- Coro Nuevo Amanecer de F\u00e1tima. 9- Coro la Uni\u00f3n. 10- Coro Alba. 11- Coro Aromas de Azahar. 12- Coro Amigos Club Vistasierra. 13- Coro Amigos de San Lorenzo. 14- Coro Savia Cordobesa. 15- Coro Arte de Nuestra Tierra. 16- Coro Alegr\u00eda de la Vi\u00f1uela. 17- Coro Virgen de Nazaret. 18- Coro Volver a Empezar. 19- Coro Yerbabuena. 20- Coro las Jaras. 21- Coro Sol y Luna. 22- Coro Virgen de la Cabeza. 23- Coro Paz y Esperanza. 24- Coro Alegr\u00eda de Reina Sof\u00eda.<\/p>\n<p>Lugar salida: Puerta del Puente (Arco del Triunfo). 14 \u030100 h.<\/p>\n<p>&nbsp;<\/p>\n<p>&nbsp;<\/p>\n<p>S\u00c1BADO 1 DE JUNIO<\/p>\n<p>\u2022 CONCIERTOS ESTELARES \u201cFERIA DE MAYO\u201d.<\/p>\n<p>Act\u00faan: INMA DEL RIO Y PAQUI TORRES (Ex-concursantes de \u201cSe llama Copla\u201d). Lugar: Caseta Municipal. 15 \u030100 h.<\/p>\n<p>Animaci\u00f3n Infantil \u201cPuka y Poko\u201d.<\/p>\n<p>Lugar: Caseta Municipal. 16 \u030130.<\/p>\n<p>&nbsp;<\/p>\n<p>\u2022 CONCIERTOS EXTRAORDINARIOS \u201cFERIA DE MAYO\u201d. Act\u00faa: SIEMPRE AS\u00cd.<\/p>\n<p>Lugar: Caseta Municipal. 00 \u030115 h.<\/p>\n","protected":false},"excerpt":{"rendered":"<p>Fiestas y Feria de Mayo Ntra. Sra. de la Salud Cordoba 2013 Del 25 de MAYO al 1 de JUNIO 2013 Resumen del\u00a0Programa de las Fiestas y Feria de Mayo Ntra. Sra. de la Salud de Cordoba<\/p>\n","protected":false},"author":5,"featured_media":0,"comment_status":"open","ping_status":"open","sticky":false,"template":"","format":"standard","meta":{"footnotes":""},"categories":[1],"tags":[1503,202],"class_list":["post-6950","post","type-post","status-publish","format-standard","hentry","category-general","tag-cordoba","tag-feria","masonry-post","generate-columns","tablet-grid-50","mobile-grid-100","grid-parent","grid-33"],"yoast_head":"<!-- This site is optimized with the Yoast SEO plugin v25.9 - https:\/\/yoast.com\/wordpress\/plugins\/seo\/ -->\n<title>Feria de Cordoba 2013<\/title>\n<meta name=\"description\" content=\"Programa de las Fiestas y Feria de Mayo Ntra. Sra. de la Salud de Cordoba\" \/>\n<meta name=\"robots\" content=\"index, follow, max-snippet:-1, max-image-preview:large, max-video-preview:-1\" \/>\n<link rel=\"canonical\" href=\"https:\/\/miguelmoreno.org\/blog\/feria-de-cordoba-2013\/\" \/>\n<meta name=\"twitter:label1\" content=\"Escrito por\" \/>\n\t<meta name=\"twitter:data1\" content=\"Se llama copla\" \/>\n\t<meta name=\"twitter:label2\" content=\"Tiempo de lectura\" \/>\n\t<meta name=\"twitter:data2\" content=\"2 minutos\" \/>\n<script type=\"application\/ld+json\" class=\"yoast-schema-graph\">{\"@context\":\"https:\/\/schema.org\",\"@graph\":[{\"@type\":\"WebPage\",\"@id\":\"https:\/\/miguelmoreno.org\/blog\/feria-de-cordoba-2013\/\",\"url\":\"https:\/\/miguelmoreno.org\/blog\/feria-de-cordoba-2013\/\",\"name\":\"Feria de Cordoba 2013\",\"isPartOf\":{\"@id\":\"https:\/\/miguelmoreno.org\/blog\/#website\"},\"datePublished\":\"2013-05-15T22:09:43+00:00\",\"dateModified\":\"2015-06-03T09:47:48+00:00\",\"author\":{\"@id\":\"https:\/\/miguelmoreno.org\/blog\/#\/schema\/person\/cde8639f19077551d0d59650a04b23d5\"},\"description\":\"Programa de las Fiestas y Feria de Mayo Ntra. Sra. de la Salud de Cordoba\",\"breadcrumb\":{\"@id\":\"https:\/\/miguelmoreno.org\/blog\/feria-de-cordoba-2013\/#breadcrumb\"},\"inLanguage\":\"es\",\"potentialAction\":[{\"@type\":\"ReadAction\",\"target\":[\"https:\/\/miguelmoreno.org\/blog\/feria-de-cordoba-2013\/\"]}]},{\"@type\":\"BreadcrumbList\",\"@id\":\"https:\/\/miguelmoreno.org\/blog\/feria-de-cordoba-2013\/#breadcrumb\",\"itemListElement\":[{\"@type\":\"ListItem\",\"position\":1,\"name\":\"Portada\",\"item\":\"https:\/\/miguelmoreno.org\/blog\/\"},{\"@type\":\"ListItem\",\"position\":2,\"name\":\"Feria de Cordoba 2013\"}]},{\"@type\":\"WebSite\",\"@id\":\"https:\/\/miguelmoreno.org\/blog\/#website\",\"url\":\"https:\/\/miguelmoreno.org\/blog\/\",\"name\":\"El Blog del Sur\",\"description\":\"Cultura, conciertos, ferias, coplas...\",\"potentialAction\":[{\"@type\":\"SearchAction\",\"target\":{\"@type\":\"EntryPoint\",\"urlTemplate\":\"https:\/\/miguelmoreno.org\/blog\/?s={search_term_string}\"},\"query-input\":{\"@type\":\"PropertyValueSpecification\",\"valueRequired\":true,\"valueName\":\"search_term_string\"}}],\"inLanguage\":\"es\"},{\"@type\":\"Person\",\"@id\":\"https:\/\/miguelmoreno.org\/blog\/#\/schema\/person\/cde8639f19077551d0d59650a04b23d5\",\"name\":\"Se llama copla\",\"sameAs\":[\"https:\/\/miguelmoreno.org\/blog\",\"https:\/\/x.com\/coplasandalucia\"]}]}<\/script>\n<!-- \/ Yoast SEO plugin. -->","yoast_head_json":{"title":"Feria de Cordoba 2013","description":"Programa de las Fiestas y Feria de Mayo Ntra. Sra. de la Salud de Cordoba","robots":{"index":"index","follow":"follow","max-snippet":"max-snippet:-1","max-image-preview":"max-image-preview:large","max-video-preview":"max-video-preview:-1"},"canonical":"https:\/\/miguelmoreno.org\/blog\/feria-de-cordoba-2013\/","twitter_misc":{"Escrito por":"Se llama copla","Tiempo de lectura":"2 minutos"},"schema":{"@context":"https:\/\/schema.org","@graph":[{"@type":"WebPage","@id":"https:\/\/miguelmoreno.org\/blog\/feria-de-cordoba-2013\/","url":"https:\/\/miguelmoreno.org\/blog\/feria-de-cordoba-2013\/","name":"Feria de Cordoba 2013","isPartOf":{"@id":"https:\/\/miguelmoreno.org\/blog\/#website"},"datePublished":"2013-05-15T22:09:43+00:00","dateModified":"2015-06-03T09:47:48+00:00","author":{"@id":"https:\/\/miguelmoreno.org\/blog\/#\/schema\/person\/cde8639f19077551d0d59650a04b23d5"},"description":"Programa de las Fiestas y Feria de Mayo Ntra. Sra. de la Salud de Cordoba","breadcrumb":{"@id":"https:\/\/miguelmoreno.org\/blog\/feria-de-cordoba-2013\/#breadcrumb"},"inLanguage":"es","potentialAction":[{"@type":"ReadAction","target":["https:\/\/miguelmoreno.org\/blog\/feria-de-cordoba-2013\/"]}]},{"@type":"BreadcrumbList","@id":"https:\/\/miguelmoreno.org\/blog\/feria-de-cordoba-2013\/#breadcrumb","itemListElement":[{"@type":"ListItem","position":1,"name":"Portada","item":"https:\/\/miguelmoreno.org\/blog\/"},{"@type":"ListItem","position":2,"name":"Feria de Cordoba 2013"}]},{"@type":"WebSite","@id":"https:\/\/miguelmoreno.org\/blog\/#website","url":"https:\/\/miguelmoreno.org\/blog\/","name":"El Blog del Sur","description":"Cultura, conciertos, ferias, coplas...","potentialAction":[{"@type":"SearchAction","target":{"@type":"EntryPoint","urlTemplate":"https:\/\/miguelmoreno.org\/blog\/?s={search_term_string}"},"query-input":{"@type":"PropertyValueSpecification","valueRequired":true,"valueName":"search_term_string"}}],"inLanguage":"es"},{"@type":"Person","@id":"https:\/\/miguelmoreno.org\/blog\/#\/schema\/person\/cde8639f19077551d0d59650a04b23d5","name":"Se llama copla","sameAs":["https:\/\/miguelmoreno.org\/blog","https:\/\/x.com\/coplasandalucia"]}]}},"_links":{"self":[{"href":"https:\/\/miguelmoreno.org\/blog\/wp-json\/wp\/v2\/posts\/6950","targetHints":{"allow":["GET"]}}],"collection":[{"href":"https:\/\/miguelmoreno.org\/blog\/wp-json\/wp\/v2\/posts"}],"about":[{"href":"https:\/\/miguelmoreno.org\/blog\/wp-json\/wp\/v2\/types\/post"}],"author":[{"embeddable":true,"href":"https:\/\/miguelmoreno.org\/blog\/wp-json\/wp\/v2\/users\/5"}],"replies":[{"embeddable":true,"href":"https:\/\/miguelmoreno.org\/blog\/wp-json\/wp\/v2\/comments?post=6950"}],"version-history":[{"count":0,"href":"https:\/\/miguelmoreno.org\/blog\/wp-json\/wp\/v2\/posts\/6950\/revisions"}],"wp:attachment":[{"href":"https:\/\/miguelmoreno.org\/blog\/wp-json\/wp\/v2\/media?parent=6950"}],"wp:term":[{"taxonomy":"category","embeddable":true,"href":"https:\/\/miguelmoreno.org\/blog\/wp-json\/wp\/v2\/categories?post=6950"},{"taxonomy":"post_tag","embeddable":true,"href":"https:\/\/miguelmoreno.org\/blog\/wp-json\/wp\/v2\/tags?post=6950"}],"curies":[{"name":"wp","href":"https:\/\/api.w.org\/{rel}","templated":true}]}}