{"id":8658,"date":"2015-04-27T17:49:50","date_gmt":"2015-04-27T15:49:50","guid":{"rendered":"http:\/\/www.miguelmoreno.org\/blog\/?p=8658"},"modified":"2015-04-28T17:57:54","modified_gmt":"2015-04-28T15:57:54","slug":"dia-de-la-cruz-2015-en-granada","status":"publish","type":"post","link":"https:\/\/miguelmoreno.org\/blog\/dia-de-la-cruz-2015-en-granada\/","title":{"rendered":"D\u00eda de la Cruz 2015 en Granada"},"content":{"rendered":"<dl id=\"attachment_8659\" class=\"wp-caption alignnone\" style=\"width: 460px;\">\n<dt class=\"wp-caption-dt\"><a href=\"https:\/\/www.miguelmoreno.org\/blog\/wp-content\/uploads\/2015\/04\/dia_cruz_granada_2015.jpg\"><img loading=\"lazy\" decoding=\"async\" class=\"size-full wp-image-8659\" src=\"https:\/\/www.miguelmoreno.org\/blog\/wp-content\/uploads\/2015\/04\/dia_cruz_granada_2015.jpg\" alt=\"D\u00eda de la Cruz 2015 en Granada\" width=\"450\" height=\"224\" srcset=\"https:\/\/miguelmoreno.org\/blog\/wp-content\/uploads\/2015\/04\/dia_cruz_granada_2015.jpg 450w, https:\/\/miguelmoreno.org\/blog\/wp-content\/uploads\/2015\/04\/dia_cruz_granada_2015-300x149.jpg 300w\" sizes=\"auto, (max-width: 450px) 100vw, 450px\" \/><\/a><\/dt>\n<dd class=\"wp-caption-dd\"><span style=\"color: #ff0000;\">D\u00eda de la Cruz 2015 en Granada<\/span><\/dd>\n<\/dl>\n<p><!--more--><\/p>\n<p><span style=\"color: #008080;\"><a title=\"Lista de cruces del D\u00eda de la cruz de Granada 2015\" href=\"https:\/\/www.miguelmoreno.org\/blog\/lista-de-cruces-del-dia-de-la-cruz-de-granada-2015\/\">80 cruces adornar\u00e1n la ciudad de Granada<\/a> durante los d\u00edas 2 y 3 de mayo<\/span>, veinte en la modalidad de calles y plazas, 28 en patios, catorce en la de escaparates y 17 escolares.<\/p>\n<p><strong>El <a href=\"http:\/\/arrabal.eu\/cruces-de-mayo-de-granada-2014\/\">D\u00eda de la Cruz<\/a><\/strong>, debido al puente de Mayo, comenzar\u00e1 a las 12 horas del s\u00e1bado, 2 de mayo, y finalizar\u00e1 en la madrugada del domingo, 3.<br \/>\nLa aclamada bailaora granadina <strong>Patricia Guerrero ofrecer\u00e1 el preg\u00f3n<\/strong> el domingo 3 de mayo, a las 12, en el patio del Ayuntamiento.<\/p>\n<p>La Cruz del Ayuntamiento tendr\u00e1 un contenido literario, evocando la declaraci\u00f3n de Granada como ciudad internacional de la Literatura por la UNESCO.<\/p>\n<p><strong>El cartel<\/strong> anunciador del D\u00eda de la Cruz une celos\u00edas y claveles, dos s\u00edmbolos granadinos. R\u00e9plicas del mismo colgar\u00e1n en las cruces m\u00e1s emblem\u00e1ticas a fin de que faciliten a los visitantes el conocimiento de la festividad. \u00c1demas grupos de azafatas repartir\u00e1n claveles a cuantos paseen por las calles de la ciudad.<\/p>\n<p>Los escenarios de las actuaciones folcl\u00f3ricas andaluzas ser\u00e1n las plazas del Carmen y Pasiegas. Grupos musicales y de baile de diferentes asociaciones de vecinos amenizar\u00e1n las ma\u00f1anas y tardes de ambos d\u00edas y a los que se sumar\u00e1 la Banda Municipal de M\u00fasica. La colaboraci\u00f3n de Radiol\u00e9 llevar\u00e1 a la plaza de las Pasiegas a diversos grupos y solistas, entre ellos Melhaza, el Mani, las Carlotas y Amigos de Gines.<\/p>\n<p><strong><span style=\"color: #ff0000;\">Programa del D\u00eda de la Cruz de Granada<\/span><\/strong><\/p>\n<p><span style=\"color: #008080;\">D\u00eda 2 de mayo<\/span><\/p>\n<p>13:00\u00a0Plaza del Carmen<\/p>\n<p>Actuaci\u00f3n del grupo de bailes \u201cFanitas\u201d de la Asociaci\u00f3n de Vecinos Campoverde<\/p>\n<p>14:00\u00a0Plaza del Carmen<\/p>\n<p>Actuaci\u00f3n del grupo de bailes \u201cEl Jaleo\u201d de la Asociaci\u00f3n Caser\u00eda de Montijo<\/p>\n<p>18:00\u00a0Plaza del Carmen<\/p>\n<p>Actuaci\u00f3n del grupo de bailes \u201cM\u00aa Luisa Romero\u201d de la Asociaci\u00f3n Vecinos Realejo \u2013 San Mat\u00edas<\/p>\n<p>19:00<\/p>\n<p>Plaza del Carmen<\/p>\n<p>Actuaci\u00f3n del grupo de bailes de la Asociaci\u00f3n de Vecinos Cervantes<\/p>\n<p>19:00<\/p>\n<p>Plaza de las Pasiegas<\/p>\n<p>Actuaci\u00f3n de la Banda Municipal de M\u00fasica de Granada.<br \/>\nConcierto D\u00eda de la Cruz 2015<\/p>\n<p>20:00\u00a0Plaza del Carmen<\/p>\n<p>Actuaci\u00f3n del Coro Cantores del Zaidin<\/p>\n<p>21:00\u00a0Plaza del Carmen<\/p>\n<p>Actuaci\u00f3n del grupo de bailes de la Asociaci\u00f3n de Vecinos \u201cLancha del Genil\u201d<\/p>\n<p><span style=\"color: #008080;\">D\u00eda 3 de mayo<\/span><\/p>\n<p>12:00\u00a0Plaza de las Pasiegas<\/p>\n<p>Actuaci\u00f3n del grupo de bailes \u201cVanessa Flores\u201d Flamenco Puro<\/p>\n<p>12:00\u00a0Patio del Ayuntamiento<\/p>\n<p>Preg\u00f3n y actuaci\u00f3n a cargo de D\u00aa. Patricia P\u00e9rez Guerrero. Core\u00f3grafa granadina. Entrega de premios.<\/p>\n<p>13:00\u00a0Plaza de las Pasiegas<\/p>\n<p>Actuaci\u00f3n del grupo de baile \u201cMarich\u00fa\u201d de la Asociaci\u00f3n de Realejo-San Mat\u00edas<\/p>\n<p>14:00\u00a0Plaza de las Pasiegas<\/p>\n<p>Actuaci\u00f3n del grupo de baile \u201cIsa Vega\u201d de la Asociaci\u00f3n de Vecinos La Chana<\/p>\n<p>17:00\u00a0Plaza del Carmen<\/p>\n<p>Actuaci\u00f3n del Grupo Municipal de Bailes Regionales<\/p>\n<p>19:00\u00a0Plaza del Carmen<\/p>\n<p>Actuaci\u00f3n del grupo de baile \u201cSof\u00eda\u201d de la Asociaci\u00f3n de Vecinos Zaid\u00edn.<\/p>\n<p>19:30\u00a0Plaza de las Pasiegas<\/p>\n<p>Actuaci\u00f3n de artistas en colaboraci\u00f3n RADIOL\u00c9<\/p>\n<p>20:00\u00a0Plaza del Carmen<\/p>\n<p>Actuaci\u00f3n del grupo de bailes de la Asociaci\u00f3n de Vecinos \u201cLos Pajaritos\u201d<\/p>\n<p>21:00\u00a0Plaza del Carmen<\/p>\n<p>Actuaci\u00f3n del grupo de bailes \u201cMar\u00eda Angustias\u201d Solera de la Asociaci\u00f3n de Vecinos Zaid\u00edn.<\/p>\n<p>22:00\u00a0Plaza del Carmen<\/p>\n<p>Actuaci\u00f3n del coro \u201cLas Ni\u00f1as\u201d y grupo flamenco \u201cMenta y Laurel\u201d del Centro de Participaci\u00f3n Activa de Mayores de la Junta de Andaluc\u00eda.<\/p>\n<p><a href=\"http:\/\/arrabal.eu\/cruces-de-mayo-de-granada-2014\/\">Lista de Cruces premiadas en 2014<\/a><\/p>\n","protected":false},"excerpt":{"rendered":"<p>D\u00eda de la Cruz 2015 en Granada<\/p>\n","protected":false},"author":5,"featured_media":0,"comment_status":"open","ping_status":"open","sticky":false,"template":"","format":"standard","meta":{"footnotes":""},"categories":[1521],"tags":[],"class_list":["post-8658","post","type-post","status-publish","format-standard","hentry","category-cruces-mayo","masonry-post","generate-columns","tablet-grid-50","mobile-grid-100","grid-parent","grid-33"],"yoast_head":"<!-- This site is optimized with the Yoast SEO plugin v25.9 - https:\/\/yoast.com\/wordpress\/plugins\/seo\/ -->\n<title>D\u00eda de la Cruz 2015 en Granada<\/title>\n<meta name=\"robots\" content=\"index, follow, max-snippet:-1, max-image-preview:large, max-video-preview:-1\" \/>\n<link rel=\"canonical\" href=\"https:\/\/miguelmoreno.org\/blog\/dia-de-la-cruz-2015-en-granada\/\" \/>\n<meta name=\"twitter:label1\" content=\"Escrito por\" \/>\n\t<meta name=\"twitter:data1\" content=\"Se llama copla\" \/>\n\t<meta name=\"twitter:label2\" content=\"Tiempo de lectura\" \/>\n\t<meta name=\"twitter:data2\" content=\"3 minutos\" \/>\n<script type=\"application\/ld+json\" class=\"yoast-schema-graph\">{\"@context\":\"https:\/\/schema.org\",\"@graph\":[{\"@type\":\"WebPage\",\"@id\":\"https:\/\/miguelmoreno.org\/blog\/dia-de-la-cruz-2015-en-granada\/\",\"url\":\"https:\/\/miguelmoreno.org\/blog\/dia-de-la-cruz-2015-en-granada\/\",\"name\":\"D\u00eda de la Cruz 2015 en Granada\",\"isPartOf\":{\"@id\":\"https:\/\/miguelmoreno.org\/blog\/#website\"},\"primaryImageOfPage\":{\"@id\":\"https:\/\/miguelmoreno.org\/blog\/dia-de-la-cruz-2015-en-granada\/#primaryimage\"},\"image\":{\"@id\":\"https:\/\/miguelmoreno.org\/blog\/dia-de-la-cruz-2015-en-granada\/#primaryimage\"},\"thumbnailUrl\":\"https:\/\/www.miguelmoreno.org\/blog\/wp-content\/uploads\/2015\/04\/dia_cruz_granada_2015.jpg\",\"datePublished\":\"2015-04-27T15:49:50+00:00\",\"dateModified\":\"2015-04-28T15:57:54+00:00\",\"author\":{\"@id\":\"https:\/\/miguelmoreno.org\/blog\/#\/schema\/person\/cde8639f19077551d0d59650a04b23d5\"},\"breadcrumb\":{\"@id\":\"https:\/\/miguelmoreno.org\/blog\/dia-de-la-cruz-2015-en-granada\/#breadcrumb\"},\"inLanguage\":\"es\",\"potentialAction\":[{\"@type\":\"ReadAction\",\"target\":[\"https:\/\/miguelmoreno.org\/blog\/dia-de-la-cruz-2015-en-granada\/\"]}]},{\"@type\":\"ImageObject\",\"inLanguage\":\"es\",\"@id\":\"https:\/\/miguelmoreno.org\/blog\/dia-de-la-cruz-2015-en-granada\/#primaryimage\",\"url\":\"https:\/\/www.miguelmoreno.org\/blog\/wp-content\/uploads\/2015\/04\/dia_cruz_granada_2015.jpg\",\"contentUrl\":\"https:\/\/www.miguelmoreno.org\/blog\/wp-content\/uploads\/2015\/04\/dia_cruz_granada_2015.jpg\"},{\"@type\":\"BreadcrumbList\",\"@id\":\"https:\/\/miguelmoreno.org\/blog\/dia-de-la-cruz-2015-en-granada\/#breadcrumb\",\"itemListElement\":[{\"@type\":\"ListItem\",\"position\":1,\"name\":\"Portada\",\"item\":\"https:\/\/miguelmoreno.org\/blog\/\"},{\"@type\":\"ListItem\",\"position\":2,\"name\":\"D\u00eda de la Cruz 2015 en Granada\"}]},{\"@type\":\"WebSite\",\"@id\":\"https:\/\/miguelmoreno.org\/blog\/#website\",\"url\":\"https:\/\/miguelmoreno.org\/blog\/\",\"name\":\"El Blog del Sur\",\"description\":\"Cultura, conciertos, ferias, coplas...\",\"potentialAction\":[{\"@type\":\"SearchAction\",\"target\":{\"@type\":\"EntryPoint\",\"urlTemplate\":\"https:\/\/miguelmoreno.org\/blog\/?s={search_term_string}\"},\"query-input\":{\"@type\":\"PropertyValueSpecification\",\"valueRequired\":true,\"valueName\":\"search_term_string\"}}],\"inLanguage\":\"es\"},{\"@type\":\"Person\",\"@id\":\"https:\/\/miguelmoreno.org\/blog\/#\/schema\/person\/cde8639f19077551d0d59650a04b23d5\",\"name\":\"Se llama copla\",\"sameAs\":[\"https:\/\/miguelmoreno.org\/blog\",\"https:\/\/x.com\/coplasandalucia\"]}]}<\/script>\n<!-- \/ Yoast SEO plugin. -->","yoast_head_json":{"title":"D\u00eda de la Cruz 2015 en Granada","robots":{"index":"index","follow":"follow","max-snippet":"max-snippet:-1","max-image-preview":"max-image-preview:large","max-video-preview":"max-video-preview:-1"},"canonical":"https:\/\/miguelmoreno.org\/blog\/dia-de-la-cruz-2015-en-granada\/","twitter_misc":{"Escrito por":"Se llama copla","Tiempo de lectura":"3 minutos"},"schema":{"@context":"https:\/\/schema.org","@graph":[{"@type":"WebPage","@id":"https:\/\/miguelmoreno.org\/blog\/dia-de-la-cruz-2015-en-granada\/","url":"https:\/\/miguelmoreno.org\/blog\/dia-de-la-cruz-2015-en-granada\/","name":"D\u00eda de la Cruz 2015 en Granada","isPartOf":{"@id":"https:\/\/miguelmoreno.org\/blog\/#website"},"primaryImageOfPage":{"@id":"https:\/\/miguelmoreno.org\/blog\/dia-de-la-cruz-2015-en-granada\/#primaryimage"},"image":{"@id":"https:\/\/miguelmoreno.org\/blog\/dia-de-la-cruz-2015-en-granada\/#primaryimage"},"thumbnailUrl":"https:\/\/www.miguelmoreno.org\/blog\/wp-content\/uploads\/2015\/04\/dia_cruz_granada_2015.jpg","datePublished":"2015-04-27T15:49:50+00:00","dateModified":"2015-04-28T15:57:54+00:00","author":{"@id":"https:\/\/miguelmoreno.org\/blog\/#\/schema\/person\/cde8639f19077551d0d59650a04b23d5"},"breadcrumb":{"@id":"https:\/\/miguelmoreno.org\/blog\/dia-de-la-cruz-2015-en-granada\/#breadcrumb"},"inLanguage":"es","potentialAction":[{"@type":"ReadAction","target":["https:\/\/miguelmoreno.org\/blog\/dia-de-la-cruz-2015-en-granada\/"]}]},{"@type":"ImageObject","inLanguage":"es","@id":"https:\/\/miguelmoreno.org\/blog\/dia-de-la-cruz-2015-en-granada\/#primaryimage","url":"https:\/\/www.miguelmoreno.org\/blog\/wp-content\/uploads\/2015\/04\/dia_cruz_granada_2015.jpg","contentUrl":"https:\/\/www.miguelmoreno.org\/blog\/wp-content\/uploads\/2015\/04\/dia_cruz_granada_2015.jpg"},{"@type":"BreadcrumbList","@id":"https:\/\/miguelmoreno.org\/blog\/dia-de-la-cruz-2015-en-granada\/#breadcrumb","itemListElement":[{"@type":"ListItem","position":1,"name":"Portada","item":"https:\/\/miguelmoreno.org\/blog\/"},{"@type":"ListItem","position":2,"name":"D\u00eda de la Cruz 2015 en Granada"}]},{"@type":"WebSite","@id":"https:\/\/miguelmoreno.org\/blog\/#website","url":"https:\/\/miguelmoreno.org\/blog\/","name":"El Blog del Sur","description":"Cultura, conciertos, ferias, coplas...","potentialAction":[{"@type":"SearchAction","target":{"@type":"EntryPoint","urlTemplate":"https:\/\/miguelmoreno.org\/blog\/?s={search_term_string}"},"query-input":{"@type":"PropertyValueSpecification","valueRequired":true,"valueName":"search_term_string"}}],"inLanguage":"es"},{"@type":"Person","@id":"https:\/\/miguelmoreno.org\/blog\/#\/schema\/person\/cde8639f19077551d0d59650a04b23d5","name":"Se llama copla","sameAs":["https:\/\/miguelmoreno.org\/blog","https:\/\/x.com\/coplasandalucia"]}]}},"_links":{"self":[{"href":"https:\/\/miguelmoreno.org\/blog\/wp-json\/wp\/v2\/posts\/8658","targetHints":{"allow":["GET"]}}],"collection":[{"href":"https:\/\/miguelmoreno.org\/blog\/wp-json\/wp\/v2\/posts"}],"about":[{"href":"https:\/\/miguelmoreno.org\/blog\/wp-json\/wp\/v2\/types\/post"}],"author":[{"embeddable":true,"href":"https:\/\/miguelmoreno.org\/blog\/wp-json\/wp\/v2\/users\/5"}],"replies":[{"embeddable":true,"href":"https:\/\/miguelmoreno.org\/blog\/wp-json\/wp\/v2\/comments?post=8658"}],"version-history":[{"count":0,"href":"https:\/\/miguelmoreno.org\/blog\/wp-json\/wp\/v2\/posts\/8658\/revisions"}],"wp:attachment":[{"href":"https:\/\/miguelmoreno.org\/blog\/wp-json\/wp\/v2\/media?parent=8658"}],"wp:term":[{"taxonomy":"category","embeddable":true,"href":"https:\/\/miguelmoreno.org\/blog\/wp-json\/wp\/v2\/categories?post=8658"},{"taxonomy":"post_tag","embeddable":true,"href":"https:\/\/miguelmoreno.org\/blog\/wp-json\/wp\/v2\/tags?post=8658"}],"curies":[{"name":"wp","href":"https:\/\/api.w.org\/{rel}","templated":true}]}}