{"id":8662,"date":"2015-04-28T17:56:28","date_gmt":"2015-04-28T15:56:28","guid":{"rendered":"http:\/\/www.miguelmoreno.org\/blog\/?p=8662"},"modified":"2015-04-28T17:57:03","modified_gmt":"2015-04-28T15:57:03","slug":"lista-de-cruces-del-dia-de-la-cruz-de-granada-2015","status":"publish","type":"post","link":"https:\/\/miguelmoreno.org\/blog\/lista-de-cruces-del-dia-de-la-cruz-de-granada-2015\/","title":{"rendered":"Lista de cruces del D\u00eda de la cruz de Granada 2015"},"content":{"rendered":"<h3><span style=\"color: #993300;\">Lista de cruces del <a title=\"D\u00eda de la Cruz 2015 en Granada\" href=\"https:\/\/www.miguelmoreno.org\/blog\/dia-de-la-cruz-2015-en-granada\/\">D\u00eda de la Cruz de Granada 2015<\/a><\/span><\/h3>\n<p><iframe loading=\"lazy\" src=\"https:\/\/www.google.com\/maps\/d\/embed?mid=ziBYz7NEnm2Y.kgB-mMZVGp24&amp;hl=es\" width=\"640\" height=\"480\"><\/iframe><br \/>\n<!--more-->Plaza del Carmen<br \/>\nAsociaci\u00f3n Cultural Cruz de Mayo Albaic\u00edn<br \/>\nA. VV. Barrio de la Cruz<br \/>\nCasa de Ja\u00e9n en Granada<br \/>\nAsociaci\u00f3n Cultural Nueva Acr\u00f3polis<br \/>\nColegio Regina Mundi<br \/>\nColegio Divino Maestro<br \/>\nOrden Hospitalaria San Juan de Dios<br \/>\nScouts Andaluc\u00eda Grupo 40. Colegio Salesiano<br \/>\nUni\u00f3n Democr\u00e1tica de Pensionistas<br \/>\nAsociaci\u00f3n de Coros y Danzas de Granada<br \/>\nAsociaci\u00f3n de Mujeres Gitanas Romi<br \/>\nAsociaci\u00f3n Dptiva. Cultural VG Diver<br \/>\nAsociaci\u00f3n de Parados Caser\u00eda de Montijo<br \/>\nAsociaci\u00f3n de Vecinos Parque Nueva Granada<br \/>\nA.VV. F\u00edgares Tenerias<br \/>\nA.VV. del Bajo Albaic\u00edn<br \/>\nHotel Palacio de los Patos SL<br \/>\nMuseo Casa de los Pisa<br \/>\nComunidad Propietarios<br \/>\nMisioneros Claretianos Coraz\u00f3n de Mar\u00eda<br \/>\nHermandad de Estudiantes de Granada<br \/>\nBar Restaurante Chikito<br \/>\nAsociaci\u00f3n de Empresas de Hosteler\u00eda Plaza Bib Rambla<br \/>\nCofrad\u00eda de Santa Mar\u00eda de la Alhambra<br \/>\nAsoc. Obra social Padre Manj\u00f3n<br \/>\nCongregaci\u00f3n Pureza de Mar\u00eda<br \/>\nCofrad\u00eda Huerto de los Olivos y M\u00aa Stma Amargura<br \/>\nReal Hermandad y Cofrad\u00eda de Nazarenos de Nuestro Padre Jes\u00fas del Gran Poder y Ntra S\u00f1ra de la Esperanza<br \/>\nAsociaci\u00f3n Mixta Cantores del Zaid\u00edn<br \/>\nAsociaci\u00f3n de mayores Cha-bo-ce<br \/>\nFlorister\u00eda Nen\u00fafar<br \/>\nPeluquer\u00eda Luxe Ib\u00e1\u00f1ez Beltr\u00e1n CB<br \/>\nBodega el Cordob\u00e9s<br \/>\nAPA Santo Tom\u00e1s de Villanueva<br \/>\nAsociaci\u00f3n Cultural Taurina \u00abFrascuelo\u00bb<br \/>\nAsociaci\u00f3n de Comerciantes Mercado<br \/>\nAsociaci\u00f3n de Belenistas de Granada<br \/>\nNuestro Padre Jes\u00fas de las Ca\u00eddas<br \/>\nAsociaci\u00f3n Red de Mujeres del Zaid\u00edn<br \/>\nParroquia Santa Mar\u00eda Micaela<br \/>\nCofrad\u00eda Ferroviarios<br \/>\nHermandad Nuestro Padre Jes\u00fas Nazareno<br \/>\nGran\u00e1 Al Dente C.B<br \/>\nPol Mata<br \/>\nAsociaci\u00f3n Provincial de Mayores Vecinales<br \/>\nCentro de Participaci\u00f3n Activa de Personas<br \/>\nCentro de Participaci\u00f3n Activa<br \/>\nMuy Antiguo, Pontificia, Real<br \/>\nAsociaci\u00f3n Deportiva Joaqu\u00edn Eguaras<br \/>\nHermandad de los Favores<br \/>\nPasi\u00f3n Granatensis<br \/>\nAsociaci\u00f3n de Mujeres Alhalba<br \/>\nAsociaci\u00f3n Coro Rociero Archicofrad\u00eda<br \/>\nAsociaci\u00f3n de Vecinos Barranco del Abogado<br \/>\nAsociaci\u00f3n de Artesanos Multidisciplinares<br \/>\nTiillos<br \/>\nColegio Oficial de Arquitectos de Granada<br \/>\nLibrer\u00eda Belit<br \/>\nHerbolario Fuentenueva<br \/>\nFarmacia Antonio Baquero Olmos<br \/>\nCristaler\u00eda-Marqueter\u00eda Juan Miguel<br \/>\nCocoonhogar<br \/>\nBar Aljibe de San Miguel<br \/>\nCheny Penela e Hijos, S.L.<br \/>\nFrancisco J. Carrasco Molina<br \/>\nRey de Copas. Suroa S.L.<br \/>\nAMPA \u00abEl Caballito\u00bb<br \/>\nColegio Hermanos Maristas. ONG SED<br \/>\nCentro de Ense\u00f1anza Secundaria Cristo Rey<br \/>\nColegio La Presentaci\u00f3n<br \/>\nAcci\u00f3n en Red de Andaluc\u00eda<br \/>\nAPA Regina Mundi<br \/>\nASDE &#8211; Scouts de Andaluc\u00eda<br \/>\nCentro de Internamiento<br \/>\nGrupo Scout Virgen de las Nieves<br \/>\nCEIP Jose Hurtado<br \/>\nHermandad Jes\u00fas del Despojado<br \/>\nCofrad\u00eda Ferroviarios<\/p>\n","protected":false},"excerpt":{"rendered":"<p>Lista de cruces del D\u00eda de la Cruz de Granada 2015<\/p>\n","protected":false},"author":5,"featured_media":0,"comment_status":"open","ping_status":"open","sticky":false,"template":"","format":"standard","meta":{"footnotes":""},"categories":[1],"tags":[],"class_list":["post-8662","post","type-post","status-publish","format-standard","hentry","category-general","masonry-post","generate-columns","tablet-grid-50","mobile-grid-100","grid-parent","grid-33"],"yoast_head":"<!-- This site is optimized with the Yoast SEO plugin v25.9 - https:\/\/yoast.com\/wordpress\/plugins\/seo\/ -->\n<title>Lista de cruces del D\u00eda de la cruz de Granada 2015<\/title>\n<meta name=\"robots\" content=\"index, follow, max-snippet:-1, max-image-preview:large, max-video-preview:-1\" \/>\n<link rel=\"canonical\" href=\"https:\/\/miguelmoreno.org\/blog\/lista-de-cruces-del-dia-de-la-cruz-de-granada-2015\/\" \/>\n<meta name=\"twitter:label1\" content=\"Escrito por\" \/>\n\t<meta name=\"twitter:data1\" content=\"Se llama copla\" \/>\n\t<meta name=\"twitter:label2\" content=\"Tiempo de lectura\" \/>\n\t<meta name=\"twitter:data2\" content=\"2 minutos\" \/>\n<script type=\"application\/ld+json\" class=\"yoast-schema-graph\">{\"@context\":\"https:\/\/schema.org\",\"@graph\":[{\"@type\":\"WebPage\",\"@id\":\"https:\/\/miguelmoreno.org\/blog\/lista-de-cruces-del-dia-de-la-cruz-de-granada-2015\/\",\"url\":\"https:\/\/miguelmoreno.org\/blog\/lista-de-cruces-del-dia-de-la-cruz-de-granada-2015\/\",\"name\":\"Lista de cruces del D\u00eda de la cruz de Granada 2015\",\"isPartOf\":{\"@id\":\"https:\/\/miguelmoreno.org\/blog\/#website\"},\"datePublished\":\"2015-04-28T15:56:28+00:00\",\"dateModified\":\"2015-04-28T15:57:03+00:00\",\"author\":{\"@id\":\"https:\/\/miguelmoreno.org\/blog\/#\/schema\/person\/cde8639f19077551d0d59650a04b23d5\"},\"breadcrumb\":{\"@id\":\"https:\/\/miguelmoreno.org\/blog\/lista-de-cruces-del-dia-de-la-cruz-de-granada-2015\/#breadcrumb\"},\"inLanguage\":\"es\",\"potentialAction\":[{\"@type\":\"ReadAction\",\"target\":[\"https:\/\/miguelmoreno.org\/blog\/lista-de-cruces-del-dia-de-la-cruz-de-granada-2015\/\"]}]},{\"@type\":\"BreadcrumbList\",\"@id\":\"https:\/\/miguelmoreno.org\/blog\/lista-de-cruces-del-dia-de-la-cruz-de-granada-2015\/#breadcrumb\",\"itemListElement\":[{\"@type\":\"ListItem\",\"position\":1,\"name\":\"Portada\",\"item\":\"https:\/\/miguelmoreno.org\/blog\/\"},{\"@type\":\"ListItem\",\"position\":2,\"name\":\"Lista de cruces del D\u00eda de la cruz de Granada 2015\"}]},{\"@type\":\"WebSite\",\"@id\":\"https:\/\/miguelmoreno.org\/blog\/#website\",\"url\":\"https:\/\/miguelmoreno.org\/blog\/\",\"name\":\"El Blog del Sur\",\"description\":\"Cultura, conciertos, ferias, coplas...\",\"potentialAction\":[{\"@type\":\"SearchAction\",\"target\":{\"@type\":\"EntryPoint\",\"urlTemplate\":\"https:\/\/miguelmoreno.org\/blog\/?s={search_term_string}\"},\"query-input\":{\"@type\":\"PropertyValueSpecification\",\"valueRequired\":true,\"valueName\":\"search_term_string\"}}],\"inLanguage\":\"es\"},{\"@type\":\"Person\",\"@id\":\"https:\/\/miguelmoreno.org\/blog\/#\/schema\/person\/cde8639f19077551d0d59650a04b23d5\",\"name\":\"Se llama copla\",\"sameAs\":[\"https:\/\/miguelmoreno.org\/blog\",\"https:\/\/x.com\/coplasandalucia\"]}]}<\/script>\n<!-- \/ Yoast SEO plugin. -->","yoast_head_json":{"title":"Lista de cruces del D\u00eda de la cruz de Granada 2015","robots":{"index":"index","follow":"follow","max-snippet":"max-snippet:-1","max-image-preview":"max-image-preview:large","max-video-preview":"max-video-preview:-1"},"canonical":"https:\/\/miguelmoreno.org\/blog\/lista-de-cruces-del-dia-de-la-cruz-de-granada-2015\/","twitter_misc":{"Escrito por":"Se llama copla","Tiempo de lectura":"2 minutos"},"schema":{"@context":"https:\/\/schema.org","@graph":[{"@type":"WebPage","@id":"https:\/\/miguelmoreno.org\/blog\/lista-de-cruces-del-dia-de-la-cruz-de-granada-2015\/","url":"https:\/\/miguelmoreno.org\/blog\/lista-de-cruces-del-dia-de-la-cruz-de-granada-2015\/","name":"Lista de cruces del D\u00eda de la cruz de Granada 2015","isPartOf":{"@id":"https:\/\/miguelmoreno.org\/blog\/#website"},"datePublished":"2015-04-28T15:56:28+00:00","dateModified":"2015-04-28T15:57:03+00:00","author":{"@id":"https:\/\/miguelmoreno.org\/blog\/#\/schema\/person\/cde8639f19077551d0d59650a04b23d5"},"breadcrumb":{"@id":"https:\/\/miguelmoreno.org\/blog\/lista-de-cruces-del-dia-de-la-cruz-de-granada-2015\/#breadcrumb"},"inLanguage":"es","potentialAction":[{"@type":"ReadAction","target":["https:\/\/miguelmoreno.org\/blog\/lista-de-cruces-del-dia-de-la-cruz-de-granada-2015\/"]}]},{"@type":"BreadcrumbList","@id":"https:\/\/miguelmoreno.org\/blog\/lista-de-cruces-del-dia-de-la-cruz-de-granada-2015\/#breadcrumb","itemListElement":[{"@type":"ListItem","position":1,"name":"Portada","item":"https:\/\/miguelmoreno.org\/blog\/"},{"@type":"ListItem","position":2,"name":"Lista de cruces del D\u00eda de la cruz de Granada 2015"}]},{"@type":"WebSite","@id":"https:\/\/miguelmoreno.org\/blog\/#website","url":"https:\/\/miguelmoreno.org\/blog\/","name":"El Blog del Sur","description":"Cultura, conciertos, ferias, coplas...","potentialAction":[{"@type":"SearchAction","target":{"@type":"EntryPoint","urlTemplate":"https:\/\/miguelmoreno.org\/blog\/?s={search_term_string}"},"query-input":{"@type":"PropertyValueSpecification","valueRequired":true,"valueName":"search_term_string"}}],"inLanguage":"es"},{"@type":"Person","@id":"https:\/\/miguelmoreno.org\/blog\/#\/schema\/person\/cde8639f19077551d0d59650a04b23d5","name":"Se llama copla","sameAs":["https:\/\/miguelmoreno.org\/blog","https:\/\/x.com\/coplasandalucia"]}]}},"_links":{"self":[{"href":"https:\/\/miguelmoreno.org\/blog\/wp-json\/wp\/v2\/posts\/8662","targetHints":{"allow":["GET"]}}],"collection":[{"href":"https:\/\/miguelmoreno.org\/blog\/wp-json\/wp\/v2\/posts"}],"about":[{"href":"https:\/\/miguelmoreno.org\/blog\/wp-json\/wp\/v2\/types\/post"}],"author":[{"embeddable":true,"href":"https:\/\/miguelmoreno.org\/blog\/wp-json\/wp\/v2\/users\/5"}],"replies":[{"embeddable":true,"href":"https:\/\/miguelmoreno.org\/blog\/wp-json\/wp\/v2\/comments?post=8662"}],"version-history":[{"count":0,"href":"https:\/\/miguelmoreno.org\/blog\/wp-json\/wp\/v2\/posts\/8662\/revisions"}],"wp:attachment":[{"href":"https:\/\/miguelmoreno.org\/blog\/wp-json\/wp\/v2\/media?parent=8662"}],"wp:term":[{"taxonomy":"category","embeddable":true,"href":"https:\/\/miguelmoreno.org\/blog\/wp-json\/wp\/v2\/categories?post=8662"},{"taxonomy":"post_tag","embeddable":true,"href":"https:\/\/miguelmoreno.org\/blog\/wp-json\/wp\/v2\/tags?post=8662"}],"curies":[{"name":"wp","href":"https:\/\/api.w.org\/{rel}","templated":true}]}}