{"id":985,"date":"2007-10-08T22:34:56","date_gmt":"2007-10-08T20:34:56","guid":{"rendered":"http:\/\/www.miguelmoreno.org\/blog\/espejos-de-la-realidad-de-victor-manjon-en-el-colegio-de-aparejadores\/"},"modified":"2015-06-03T14:07:21","modified_gmt":"2015-06-03T12:07:22","slug":"espejos-de-la-realidad-de-victor-manjon-en-el-colegio-de-aparejadores","status":"publish","type":"post","link":"https:\/\/miguelmoreno.org\/blog\/espejos-de-la-realidad-de-victor-manjon-en-el-colegio-de-aparejadores\/","title":{"rendered":"\u00abEspejos de la realidad\u00bb de Victor Manj\u00f3n en el Colegio de Aparejadores"},"content":{"rendered":"<p><img loading=\"lazy\" decoding=\"async\" src=\"http:\/\/sercreativo.es\/sombra.JPG\" alt=\"La sombra\" title=\"La sombra\" align=\"left\" height=\"458\" width=\"379\" \/><em>\u201cCierro mis ojos para ver\u201d. Paul Gaug\u00edn<\/em><br \/>\nTras cuatro a\u00f1os de intenso trabajo, <strong>V\u00edctor Manj\u00f3n<\/strong> nos deleita con \u00e9sta, su primera muestra en solitario, en el Colegio Oficial de <a href=\"http:\/\/www.coaat.es\/\" target=\"_blank\">Aparejadores<\/a> y Arquitectos T\u00e9cnicos de M\u00e1laga.<br \/>\nCordob\u00e9s de nacimiento, vive desde hace unos a\u00f1os en M\u00e1laga, d\u00f3nde compagina la labor docente con la creaci\u00f3n art\u00edstica.<br \/>\nEs esta su primera exposici\u00f3n, en solitario y en ella presenta un total de veinte obras que bajo el t\u00edtulo \u201c<strong>Espejos de la realidad<\/strong>\u201d nos acercan al fant\u00e1stico mundo que es la creaci\u00f3n art\u00edstica y el saber hacer.Del 5 al 26 de Octubre en horario de 10 a 14 y de 16 a 19 horas, viernes tarde cerrado.<br \/>\n<!--more--> Para m\u00e1s informaci\u00f3n:<\/p>\n<p>Catalogo de la Exposici\u00f3n<\/p>\n<p><a href=\"http:\/\/www.aytolucena.es\/index.php?page=4&amp;ampliar=477\" target=\"_blank\">Ayuntamiento de Lucena<\/a><\/p>\n<p><img loading=\"lazy\" decoding=\"async\" src=\"http:\/\/sercreativo.es\/espera.JPG\" alt=\"La espera\" title=\"La espera\" height=\"456\" width=\"592\" \/>La Espera. \u00d3leo sobre lienzo, 50 x 65 cm.<\/p>\n<p><img loading=\"lazy\" decoding=\"async\" src=\"http:\/\/sercreativo.es\/leonardo.JPG\" alt=\"El sue\u00f1o de Leonardo\" title=\"El sue\u00f1o de Leonardo\" height=\"301\" width=\"601\" \/> El sue\u00f1o de Leonardo<\/p>\n<p>Via Sercreativo<\/p>\n","protected":false},"excerpt":{"rendered":"<p>\u201cCierro mis ojos para ver\u201d. Paul Gaug\u00edn Tras cuatro a\u00f1os de intenso trabajo, V\u00edctor Manj\u00f3n nos deleita con \u00e9sta, su primera muestra en solitario, en el Colegio Oficial de Aparejadores y Arquitectos T\u00e9cnicos de M\u00e1laga. Cordob\u00e9s de nacimiento, vive desde hace unos a\u00f1os en M\u00e1laga, d\u00f3nde compagina la labor docente con la creaci\u00f3n art\u00edstica. Es &#8230; <\/p>\n<p class=\"read-more-container\"><a title=\"\u00abEspejos de la realidad\u00bb de Victor Manj\u00f3n en el Colegio de Aparejadores\" class=\"read-more button\" href=\"https:\/\/miguelmoreno.org\/blog\/espejos-de-la-realidad-de-victor-manjon-en-el-colegio-de-aparejadores\/#more-985\" aria-label=\"Leer m\u00e1s sobre \u00abEspejos de la realidad\u00bb de Victor Manj\u00f3n en el Colegio de Aparejadores\">M\u00e1s informaci\u00f3n<\/a><\/p>\n","protected":false},"author":5,"featured_media":0,"comment_status":"closed","ping_status":"open","sticky":false,"template":"","format":"standard","meta":{"footnotes":""},"categories":[12],"tags":[1503],"class_list":["post-985","post","type-post","status-publish","format-standard","hentry","category-malaga","tag-cordoba","masonry-post","generate-columns","tablet-grid-50","mobile-grid-100","grid-parent","grid-33"],"yoast_head":"<!-- This site is optimized with the Yoast SEO plugin v25.9 - https:\/\/yoast.com\/wordpress\/plugins\/seo\/ -->\n<title>pintura, cordoba, manjon, lucena<\/title>\n<meta name=\"description\" content=\"pintura, cordoba, manjon, lucena\" \/>\n<meta name=\"robots\" content=\"index, follow, max-snippet:-1, max-image-preview:large, max-video-preview:-1\" \/>\n<link rel=\"canonical\" href=\"https:\/\/miguelmoreno.org\/blog\/espejos-de-la-realidad-de-victor-manjon-en-el-colegio-de-aparejadores\/\" \/>\n<meta name=\"twitter:label1\" content=\"Escrito por\" \/>\n\t<meta name=\"twitter:data1\" content=\"Se llama copla\" \/>\n\t<meta name=\"twitter:label2\" content=\"Tiempo de lectura\" \/>\n\t<meta name=\"twitter:data2\" content=\"1 minuto\" \/>\n<script type=\"application\/ld+json\" class=\"yoast-schema-graph\">{\"@context\":\"https:\/\/schema.org\",\"@graph\":[{\"@type\":\"WebPage\",\"@id\":\"https:\/\/miguelmoreno.org\/blog\/espejos-de-la-realidad-de-victor-manjon-en-el-colegio-de-aparejadores\/\",\"url\":\"https:\/\/miguelmoreno.org\/blog\/espejos-de-la-realidad-de-victor-manjon-en-el-colegio-de-aparejadores\/\",\"name\":\"pintura, cordoba, manjon, lucena\",\"isPartOf\":{\"@id\":\"https:\/\/miguelmoreno.org\/blog\/#website\"},\"primaryImageOfPage\":{\"@id\":\"https:\/\/miguelmoreno.org\/blog\/espejos-de-la-realidad-de-victor-manjon-en-el-colegio-de-aparejadores\/#primaryimage\"},\"image\":{\"@id\":\"https:\/\/miguelmoreno.org\/blog\/espejos-de-la-realidad-de-victor-manjon-en-el-colegio-de-aparejadores\/#primaryimage\"},\"thumbnailUrl\":\"http:\/\/sercreativo.es\/sombra.JPG\",\"datePublished\":\"2007-10-08T20:34:56+00:00\",\"dateModified\":\"2015-06-03T12:07:22+00:00\",\"author\":{\"@id\":\"https:\/\/miguelmoreno.org\/blog\/#\/schema\/person\/cde8639f19077551d0d59650a04b23d5\"},\"description\":\"pintura, cordoba, manjon, lucena\",\"breadcrumb\":{\"@id\":\"https:\/\/miguelmoreno.org\/blog\/espejos-de-la-realidad-de-victor-manjon-en-el-colegio-de-aparejadores\/#breadcrumb\"},\"inLanguage\":\"es\",\"potentialAction\":[{\"@type\":\"ReadAction\",\"target\":[\"https:\/\/miguelmoreno.org\/blog\/espejos-de-la-realidad-de-victor-manjon-en-el-colegio-de-aparejadores\/\"]}]},{\"@type\":\"ImageObject\",\"inLanguage\":\"es\",\"@id\":\"https:\/\/miguelmoreno.org\/blog\/espejos-de-la-realidad-de-victor-manjon-en-el-colegio-de-aparejadores\/#primaryimage\",\"url\":\"http:\/\/sercreativo.es\/sombra.JPG\",\"contentUrl\":\"http:\/\/sercreativo.es\/sombra.JPG\"},{\"@type\":\"BreadcrumbList\",\"@id\":\"https:\/\/miguelmoreno.org\/blog\/espejos-de-la-realidad-de-victor-manjon-en-el-colegio-de-aparejadores\/#breadcrumb\",\"itemListElement\":[{\"@type\":\"ListItem\",\"position\":1,\"name\":\"Portada\",\"item\":\"https:\/\/miguelmoreno.org\/blog\/\"},{\"@type\":\"ListItem\",\"position\":2,\"name\":\"&#8220;Espejos de la realidad&#8221; de Victor Manj\u00f3n en el Colegio de Aparejadores\"}]},{\"@type\":\"WebSite\",\"@id\":\"https:\/\/miguelmoreno.org\/blog\/#website\",\"url\":\"https:\/\/miguelmoreno.org\/blog\/\",\"name\":\"El Blog del Sur\",\"description\":\"Cultura, conciertos, ferias, coplas...\",\"potentialAction\":[{\"@type\":\"SearchAction\",\"target\":{\"@type\":\"EntryPoint\",\"urlTemplate\":\"https:\/\/miguelmoreno.org\/blog\/?s={search_term_string}\"},\"query-input\":{\"@type\":\"PropertyValueSpecification\",\"valueRequired\":true,\"valueName\":\"search_term_string\"}}],\"inLanguage\":\"es\"},{\"@type\":\"Person\",\"@id\":\"https:\/\/miguelmoreno.org\/blog\/#\/schema\/person\/cde8639f19077551d0d59650a04b23d5\",\"name\":\"Se llama copla\",\"sameAs\":[\"https:\/\/miguelmoreno.org\/blog\",\"https:\/\/x.com\/coplasandalucia\"]}]}<\/script>\n<!-- \/ Yoast SEO plugin. -->","yoast_head_json":{"title":"pintura, cordoba, manjon, lucena","description":"pintura, cordoba, manjon, lucena","robots":{"index":"index","follow":"follow","max-snippet":"max-snippet:-1","max-image-preview":"max-image-preview:large","max-video-preview":"max-video-preview:-1"},"canonical":"https:\/\/miguelmoreno.org\/blog\/espejos-de-la-realidad-de-victor-manjon-en-el-colegio-de-aparejadores\/","twitter_misc":{"Escrito por":"Se llama copla","Tiempo de lectura":"1 minuto"},"schema":{"@context":"https:\/\/schema.org","@graph":[{"@type":"WebPage","@id":"https:\/\/miguelmoreno.org\/blog\/espejos-de-la-realidad-de-victor-manjon-en-el-colegio-de-aparejadores\/","url":"https:\/\/miguelmoreno.org\/blog\/espejos-de-la-realidad-de-victor-manjon-en-el-colegio-de-aparejadores\/","name":"pintura, cordoba, manjon, lucena","isPartOf":{"@id":"https:\/\/miguelmoreno.org\/blog\/#website"},"primaryImageOfPage":{"@id":"https:\/\/miguelmoreno.org\/blog\/espejos-de-la-realidad-de-victor-manjon-en-el-colegio-de-aparejadores\/#primaryimage"},"image":{"@id":"https:\/\/miguelmoreno.org\/blog\/espejos-de-la-realidad-de-victor-manjon-en-el-colegio-de-aparejadores\/#primaryimage"},"thumbnailUrl":"http:\/\/sercreativo.es\/sombra.JPG","datePublished":"2007-10-08T20:34:56+00:00","dateModified":"2015-06-03T12:07:22+00:00","author":{"@id":"https:\/\/miguelmoreno.org\/blog\/#\/schema\/person\/cde8639f19077551d0d59650a04b23d5"},"description":"pintura, cordoba, manjon, lucena","breadcrumb":{"@id":"https:\/\/miguelmoreno.org\/blog\/espejos-de-la-realidad-de-victor-manjon-en-el-colegio-de-aparejadores\/#breadcrumb"},"inLanguage":"es","potentialAction":[{"@type":"ReadAction","target":["https:\/\/miguelmoreno.org\/blog\/espejos-de-la-realidad-de-victor-manjon-en-el-colegio-de-aparejadores\/"]}]},{"@type":"ImageObject","inLanguage":"es","@id":"https:\/\/miguelmoreno.org\/blog\/espejos-de-la-realidad-de-victor-manjon-en-el-colegio-de-aparejadores\/#primaryimage","url":"http:\/\/sercreativo.es\/sombra.JPG","contentUrl":"http:\/\/sercreativo.es\/sombra.JPG"},{"@type":"BreadcrumbList","@id":"https:\/\/miguelmoreno.org\/blog\/espejos-de-la-realidad-de-victor-manjon-en-el-colegio-de-aparejadores\/#breadcrumb","itemListElement":[{"@type":"ListItem","position":1,"name":"Portada","item":"https:\/\/miguelmoreno.org\/blog\/"},{"@type":"ListItem","position":2,"name":"&#8220;Espejos de la realidad&#8221; de Victor Manj\u00f3n en el Colegio de Aparejadores"}]},{"@type":"WebSite","@id":"https:\/\/miguelmoreno.org\/blog\/#website","url":"https:\/\/miguelmoreno.org\/blog\/","name":"El Blog del Sur","description":"Cultura, conciertos, ferias, coplas...","potentialAction":[{"@type":"SearchAction","target":{"@type":"EntryPoint","urlTemplate":"https:\/\/miguelmoreno.org\/blog\/?s={search_term_string}"},"query-input":{"@type":"PropertyValueSpecification","valueRequired":true,"valueName":"search_term_string"}}],"inLanguage":"es"},{"@type":"Person","@id":"https:\/\/miguelmoreno.org\/blog\/#\/schema\/person\/cde8639f19077551d0d59650a04b23d5","name":"Se llama copla","sameAs":["https:\/\/miguelmoreno.org\/blog","https:\/\/x.com\/coplasandalucia"]}]}},"_links":{"self":[{"href":"https:\/\/miguelmoreno.org\/blog\/wp-json\/wp\/v2\/posts\/985","targetHints":{"allow":["GET"]}}],"collection":[{"href":"https:\/\/miguelmoreno.org\/blog\/wp-json\/wp\/v2\/posts"}],"about":[{"href":"https:\/\/miguelmoreno.org\/blog\/wp-json\/wp\/v2\/types\/post"}],"author":[{"embeddable":true,"href":"https:\/\/miguelmoreno.org\/blog\/wp-json\/wp\/v2\/users\/5"}],"replies":[{"embeddable":true,"href":"https:\/\/miguelmoreno.org\/blog\/wp-json\/wp\/v2\/comments?post=985"}],"version-history":[{"count":0,"href":"https:\/\/miguelmoreno.org\/blog\/wp-json\/wp\/v2\/posts\/985\/revisions"}],"wp:attachment":[{"href":"https:\/\/miguelmoreno.org\/blog\/wp-json\/wp\/v2\/media?parent=985"}],"wp:term":[{"taxonomy":"category","embeddable":true,"href":"https:\/\/miguelmoreno.org\/blog\/wp-json\/wp\/v2\/categories?post=985"},{"taxonomy":"post_tag","embeddable":true,"href":"https:\/\/miguelmoreno.org\/blog\/wp-json\/wp\/v2\/tags?post=985"}],"curies":[{"name":"wp","href":"https:\/\/api.w.org\/{rel}","templated":true}]}}